{"id":356828,"date":"2025-08-31T18:16:18","date_gmt":"2025-08-31T18:16:18","guid":{"rendered":"https:\/\/www.europesays.com\/fr\/356828\/"},"modified":"2025-08-31T18:16:18","modified_gmt":"2025-08-31T18:16:18","slug":"foulques-chombart-de-lauwe-remporte-la-primaire-lr-a-nantes","status":"publish","type":"post","link":"https:\/\/www.europesays.com\/fr\/356828\/","title":{"rendered":"Foulques Chombart de Lauwe remporte la primaire LR \u00e0 Nantes"},"content":{"rendered":"<p>Candidat depuis 2023, l\u2019\u00e9lu municipal s\u2019est impos\u00e9 au terme d\u2019une campagne \u00e9clair men\u00e9e au c\u0153ur de l\u2019\u00e9t\u00e9, apr\u00e8s des mois d\u2019incertitude sur la tenue d\u2019une consultation.<\/p>\n<p class=\"fig-paragraph\">Les adh\u00e9rents ont tranch\u00e9. Foulques Chombart de Lauwe a \u00e9t\u00e9 d\u00e9sign\u00e9 par les membres locaux des R\u00e9publicains pour mener, \u00e0\u00a0<a href=\"https:\/\/www.lefigaro.fr\/nantes\" target=\"_blank\" data-fig-type=\"Section\" rel=\"sponsored noopener\" data-gtm-custom-categorie=\"navigation\" data-gtm-custom-action=\"crossclick\" data-gtm-custom-label=\"Contextuel\" data-gtm-event=\"customEventSPE\" data-fig-domain=\"LEFIGARO\">Nantes<\/a>\u00a0(Loire-Atlantique), la liste de droite\u00a0<a href=\"http:\/\/www.lefigaro.fr\/politique\/les-elections-municipales-auront-lieu-les-15-et-22-mars-2026-a-annonce-la-porte-parole-du-gouvernement-20250827\" target=\"_blank\" data-fig-type=\"NewsFlash\" rel=\"noopener\" data-gtm-custom-categorie=\"navigation\" data-gtm-custom-action=\"crossclick\" data-gtm-custom-label=\"Contextuel\" data-gtm-event=\"customEventSPE\" data-fig-domain=\"LEFIGARO\">aux \u00e9lections municipales de mars 2026<\/a>. L\u2019\u00e9lu municipal a remport\u00e9, dimanche 31 ao\u00fbt, la majorit\u00e9 des suffrages, au terme de deux jours d\u2019une consultation\u00a0<a href=\"http:\/\/www.lefigaro.fr\/elections\/municipales\/municipales-2026-a-nantes-une-consultation-fin-aout-pour-departager-les-deux-candidats-lr-20250729\" target=\"_blank\" data-fig-type=\"NewsFlash\" rel=\"noopener\" data-gtm-custom-categorie=\"navigation\" data-gtm-custom-action=\"crossclick\" data-gtm-custom-label=\"Contextuel\" data-gtm-event=\"customEventSPE\" data-fig-domain=\"LEFIGARO\">annonc\u00e9e in extremis, au d\u00e9but de l\u2019\u00e9t\u00e9<\/a>, apr\u00e8s des mois d\u2019incertitude. Foulques Chombart de Lauwe l\u2019a emport\u00e9 avec 62% des voix sur son concurrent, Julien Bainvel. Le taux de participation de cette consultation \u00e9lectronique est de 67%.<\/p>\n<p class=\"fig-paragraph\">\u00abEn me choisissant, (les adh\u00e9rents nantais) ont choisi la rupture. Je les remercie du fond du c\u0153ur\u00bb, a r\u00e9agi Foulques Chombart de Lauwe en fin d\u2019apr\u00e8s-midi. \u00abNous allons d\u00e9sormais poursuivre la campagne pour amplifier cette dynamique en unissant nos forces et nos id\u00e9es. Je continuerai \u00e0 casser les codes, \u00e0 bouleverser les \u00e9quilibres, \u00e0 innover dans la mani\u00e8re de s\u2019adresser aux Nantais\u00bb.<\/p>\n<p>                                    <a class=\"fig-a11y-skip a11y-hidden\" href=\"#fig-a11y-skip-main-inarticle\"><br \/>\n        Passer la publicit\u00e9<br \/>\n    <\/a><\/p>\n<p>Rassembler les oppositions<\/p>\n<p class=\"fig-paragraph\">Julien Bainvel a reconnu les r\u00e9sultats du scrutin et f\u00e9licit\u00e9 son concurrent. \u00abFoulques Chombart de Lauwe a \u00e0 pr\u00e9sent la lourde responsabilit\u00e9 de proposer les conditions de l\u2019union la plus large possible pour Nantes et les Nantais. La division au 1er tour serait synonyme d\u2019une d\u00e9faite assur\u00e9e\u00bb, a-t-il d\u00e9clar\u00e9 dans un communiqu\u00e9. Les \u00e9lus nantais de Renaissance ont \u00e9galement pris acte et salu\u00e9 la victoire de Foulques Chombart de Lauwe: \u00abL\u2019heure est venue de rassembler les bonnes volont\u00e9s, de la droite, du centre et de la gauche r\u00e9formatrice, pour proposer une vision s\u00e9rieuse, cr\u00e9dible et respectueuse de notre ville\u00bb.<\/p>\n<p class=\"fig-body-link\">\n            \u00c0 lire aussi<br \/>\n        <a class=\"fig-body-link__link\" href=\"http:\/\/www.lefigaro.fr\/nantes\/a-nantes-la-mairie-repousse-le-demantelement-d-un-bidonville-20250827\" target=\"_blank\" data-fig-type=\"NewsFlash\" rel=\"noopener\" data-gtm-custom-categorie=\"navigation\" data-gtm-custom-action=\"crossclick\" data-gtm-custom-label=\"Contextuel\" data-gtm-event=\"customEventSPE\" data-fig-domain=\"LEFIGARO\">Gens du voyage\u00a0: \u00e0 Nantes, la mairie repousse le d\u00e9mant\u00e8lement d\u2019un bidonville<br \/>\n    <\/a>\n<\/p>\n<p class=\"fig-paragraph\">Un peu moins de 1000 Nantais \u00e0 jour de cotisation devaient d\u00e9partager ce week-end deux lignes et deux caract\u00e8res. Bien ins\u00e9r\u00e9 dans les r\u00e9seaux politiques locaux et successeur d\u00e9sign\u00e9 de la s\u00e9natrice\u00a0<a href=\"http:\/\/www.lefigaro.fr\/nantes\/municipales-2026-laurence-garnier-patronne-de-la-droite-a-nantes-passe-le-flambeau-20250131\" target=\"_blank\" data-fig-type=\"NewsFlash\" rel=\"noopener\" data-gtm-custom-categorie=\"navigation\" data-gtm-custom-action=\"crossclick\" data-gtm-custom-label=\"Contextuel\" data-gtm-event=\"customEventSPE\" data-fig-domain=\"LEFIGARO\">Laurence Garnier<\/a>, double candidate malheureuse \u00e0 la mairie de Nantes, Julien Bainvel proposait d\u2019\u0153uvrer, d\u00e8s le premier tour des municipales, \u00e0 un rassemblement large de la droite et du centre &#8211; dont les macronistes de Renaissance &#8211; pour renverser un ex\u00e9cutif socialiste install\u00e9 depuis 36 ans \u00e0 la t\u00eate de la sixi\u00e8me ville de France. Face \u00e0 lui, Foulques Chombart de Lauwe, revendiquait \u00eatre un \u00abvrai homme de droite\u00bb. Parti<a href=\"http:\/\/www.lefigaro.fr\/nantes\/municipales-2026-a-nantes-la-droite-deja-divisee-apres-le-coup-de-force-d-un-aspirant-a-la-mairie-20231015\" target=\"_blank\" data-fig-type=\"Article\" rel=\"noopener\" data-gtm-custom-categorie=\"navigation\" data-gtm-custom-action=\"crossclick\" data-gtm-custom-label=\"Contextuel\" data-gtm-event=\"customEventSPE\" data-fig-domain=\"LEFIGARO\">\u00a0en campagne d\u00e8s 2023<\/a>, en cavalier seul, le conseiller municipal a r\u00e9p\u00e9t\u00e9 se m\u00e9fier de l\u2019aile gauche macroniste et conditionnait toute union avec le centre \u00e0 un accord pr\u00e9alable autour d\u2019un \u00absocle d\u2019id\u00e9es\u00bb.<\/p>\n<p class=\"fig-paragraph\">Les deux candidats r\u00e9publicains s\u2019\u00e9taient engag\u00e9s \u00e0 soutenir le vainqueur de la consultation. La t\u00eate de liste LR clarifi\u00e9e, une phase de n\u00e9gociation devrait d\u00e9sormais s\u2019ouvrir avec les forces centristes municipales. En mai, la Haut-commissaire \u00e0 l\u2019enfance\u00a0<a href=\"http:\/\/www.lefigaro.fr\/nantes\/municipales-a-nantes-sarah-el-hairy-candidate-d-une-liste-d-union-de-la-droite-et-du-centre-20250505\" target=\"_blank\" data-fig-type=\"NewsFlash\" rel=\"noopener\" data-gtm-custom-categorie=\"navigation\" data-gtm-custom-action=\"crossclick\" data-gtm-custom-label=\"Contextuel\" data-gtm-event=\"customEventSPE\" data-fig-domain=\"LEFIGARO\">Sarah El\u00a0Ha\u00efry s\u2019est port\u00e9e candidate \u00e0 une liste d\u2019union de la droite et du centre<\/a>. Vice-pr\u00e9sidente du MoDem et proche de Fran\u00e7ois Bayrou, l\u2019ex-ministre charg\u00e9e de l\u2019enfance, de la jeunesse et des familles &#8211; sous le gouvernement de Gabriel Attal &#8211; esp\u00e9rait, d\u00e8s la fin du printemps, nouer un accord de liste commune avec le candidat de la droite. La rentr\u00e9e nantaise s\u2019annonce riche en pourparlers.<\/p>\n","protected":false},"excerpt":{"rendered":"Candidat depuis 2023, l\u2019\u00e9lu municipal s\u2019est impos\u00e9 au terme d\u2019une campagne \u00e9clair men\u00e9e au c\u0153ur de l\u2019\u00e9t\u00e9, apr\u00e8s&hellip;\n","protected":false},"author":2,"featured_media":356829,"comment_status":"","ping_status":"","sticky":false,"template":"","format":"standard","meta":{"footnotes":""},"categories":[2818],"tags":[1111,11,1777,674,1011,27,6319,3554,766,12,2636,25],"class_list":{"0":"post-356828","1":"post","2":"type-post","3":"status-publish","4":"format-standard","5":"has-post-thumbnail","7":"category-nantes","8":"tag-actu","9":"tag-actualites","10":"tag-eu","11":"tag-europe","12":"tag-fr","13":"tag-france","14":"tag-les-republicains","15":"tag-municipales","16":"tag-nantes","17":"tag-news","18":"tag-pays-de-la-loire","19":"tag-republique-francaise"},"share_on_mastodon":{"url":"https:\/\/pubeurope.com\/@fr\/115124750438201880","error":""},"_links":{"self":[{"href":"https:\/\/www.europesays.com\/fr\/wp-json\/wp\/v2\/posts\/356828","targetHints":{"allow":["GET"]}}],"collection":[{"href":"https:\/\/www.europesays.com\/fr\/wp-json\/wp\/v2\/posts"}],"about":[{"href":"https:\/\/www.europesays.com\/fr\/wp-json\/wp\/v2\/types\/post"}],"author":[{"embeddable":true,"href":"https:\/\/www.europesays.com\/fr\/wp-json\/wp\/v2\/users\/2"}],"replies":[{"embeddable":true,"href":"https:\/\/www.europesays.com\/fr\/wp-json\/wp\/v2\/comments?post=356828"}],"version-history":[{"count":0,"href":"https:\/\/www.europesays.com\/fr\/wp-json\/wp\/v2\/posts\/356828\/revisions"}],"wp:featuredmedia":[{"embeddable":true,"href":"https:\/\/www.europesays.com\/fr\/wp-json\/wp\/v2\/media\/356829"}],"wp:attachment":[{"href":"https:\/\/www.europesays.com\/fr\/wp-json\/wp\/v2\/media?parent=356828"}],"wp:term":[{"taxonomy":"category","embeddable":true,"href":"https:\/\/www.europesays.com\/fr\/wp-json\/wp\/v2\/categories?post=356828"},{"taxonomy":"post_tag","embeddable":true,"href":"https:\/\/www.europesays.com\/fr\/wp-json\/wp\/v2\/tags?post=356828"}],"curies":[{"name":"wp","href":"https:\/\/api.w.org\/{rel}","templated":true}]}}