{"id":356834,"date":"2025-08-31T18:23:12","date_gmt":"2025-08-31T18:23:12","guid":{"rendered":"https:\/\/www.europesays.com\/fr\/356834\/"},"modified":"2025-08-31T18:23:12","modified_gmt":"2025-08-31T18:23:12","slug":"rentree-du-1er-septembre-des-changements-sur-le-reseau-tbm-a-bordeaux-et-deux-nouveaux-car-express-en-gironde","status":"publish","type":"post","link":"https:\/\/www.europesays.com\/fr\/356834\/","title":{"rendered":"Rentr\u00e9e du 1er septembre\u00a0: des changements sur le r\u00e9seau TBM \u00e0 Bordeaux, et deux nouveaux car-express en Gironde"},"content":{"rendered":"<p>Ce 1er septembre, les transports en commun reprennent du service. Dans la m\u00e9tropole bordelaise, du changement est \u00e0 pr\u00e9voir sur le r\u00e9seau TBM, avec de nouveaux itin\u00e9raires concernant les bus. Dans le reste du d\u00e9partement, deux nouvelles lignes de car-express sont mises en circulation.<\/p>\n<p>Ce lundi 1er septembre, avec la rentr\u00e9e scolaire, du changement se fait sentir sur le r\u00e9seau TBM, avec des <strong>modifications de fr\u00e9quence et d&rsquo;itin\u00e9raires<\/strong> pour les bus de la m\u00e9tropole bordelaise, ainsi que la <strong>reprise du trafic habituel sur les lignes A, C et D<\/strong> du tram. Le changement p\u00e8se aussi sur le porte-monnaie\u00a0: <strong>les tarifs augmentent<\/strong>, cons\u00e9quence de l&rsquo;inflation.<\/p>\n<p>Dans le reste du d\u00e9partement, <strong>deux nouvelles lignes de car-express<\/strong> sont mises en circulation entre le Bassin d&rsquo;Arcachon et la m\u00e9tropole bordelaise, mais aussi entre Beautiran et Le Haillan. On fait le point.<\/p>\n<p>Itin\u00e9raires modifi\u00e9s pour certaines lignes de bus<\/p>\n<p>Si vous allez de Floirac au centre-ville de Bordeaux, jusqu&rsquo;\u00e0 la place de la Victoire ou le Palais de justice, <strong>via la Lianes 6<\/strong>, d\u00e9sormais il y a un bus <strong>toutes les 12 minutes et non plus 15<\/strong>. Le trajet passe \u00e9galement par l&rsquo;Arkea Arena, la Gare St-Jean, et propose des correspondances avec les 4 lignes de tramway.<\/p>\n<p>Du c\u00f4t\u00e9 de B\u00e8gles, via la <strong>Lianes 35<\/strong>, on peut maintenant prendre le bus directement dans le centre, <strong>sur la place du 14 juillet<\/strong>, en passant par la rue Ferdinand Buisson.\u00a0A <strong>M\u00e9rignac,<\/strong> les <strong>quartiers de l&rsquo;\u00c9maillerie et Montesquieu<\/strong> sont d\u00e9sormais desservis, suite \u00e0 une forte demande des habitants pour <strong>la ligne 33<\/strong>.<\/p>\n<p>Des changements \u00e0 noter \u00e9galement sur la <strong>Lianes 39<\/strong>. D\u00e9sormais le trajet relie Saint-M\u00e9dard-en-Jalles \u00e0 Villenave d&rsquo;Ornon,\u00a0en passant par Gradignan, Pessac et <strong>l&rsquo;a\u00e9roport de M\u00e9rignac<\/strong>, du lundi au dimanche. Mais le parcours entre Eysines Cantinolle, Le Haillan et l&rsquo;a\u00e9roport devient une ligne \u00e0 part, renomm\u00e9e <strong>Lianes \u00ab\u00a039 Est\u00a0\u00bb<\/strong>,\u00a0du lundi au samedi. Pour ces deux lignes, un passage est pr\u00e9vu <strong>toutes les 20 minutes<\/strong> aux heures de pointe du lundi au vendredi.<\/p>\n<p>En revanche, \u00ab\u00a0\u00e0 cause d&rsquo;une fr\u00e9quentation trop faible\u00a0\u00bb, selon TBM les lignes scolaires <strong>\u00ab\u00a0ScoDi\u00a0\u00bb S32 et S57 sont supprim\u00e9es<\/strong>. Les \u00e9l\u00e8ves peuvent se reporter sur la ligne 66 pour la S32, et les lignes G, 2 et 16 pour la S57.<\/p>\n<p>D&rsquo;ici la fin de l&rsquo;ann\u00e9e, les voyageurs b\u00e9n\u00e9ficieront de\u00a02 nouvelles lignes de tram E et F, le lancement d&rsquo;une ligne de bus express H, et l&rsquo;adaptation de plusieurs lignes de bus.<\/p>\n<p>Augmentations des tarifs<\/p>\n<p>Cette rentr\u00e9e, les changements p\u00e8sent aussi sur le porte-monnaie\u00a0: cons\u00e9quence de l&rsquo;inflation, <strong>les tarifs augmentent<\/strong>. Comptez 10 centimes de plus pour un ticket 2 voyages,\u00a070 centimes de plus pour 10 voyages, ou encore 50 centimes d&rsquo;augmentation pour un pass soir\u00e9e.<\/p>\n<p>Les prix des <strong>abonnements<\/strong> augmentent eux <strong>en moyenne de 3%<\/strong>. Tous les nouveaux tarifs sont \u00e0 retrouver en d\u00e9tails <a target=\"_blank\" rel=\"nofollow noopener noreferrer\" class=\"IciLink ici-link IciArticleLink g-ici-body-regular-1 underline brand svelte-lu7k6w\" href=\"https:\/\/www.infotbm.com\/fr\/actualites\/attention-vos-tarifs-evoluent-compter-du-1er-septembre.html\">sur le site de TBM<\/a>.<\/p>\n<p>Deux nouveaux car-express en Gironde<\/p>\n<p>Qui dit rentr\u00e9e dit aussi, pour certains, reprise du boulot. Hors de la m\u00e9tropole bordelaise, si vous faites le <strong>trajet domicile-travail<\/strong> entre le Bassin d&rsquo;Arcachon et Bordeaux, ou depuis l&rsquo;Entre-Deux-Mers et le nord de la m\u00e9tropole bordelaise, vous pouvez d\u00e9sormais y aller en bus.<\/p>\n<p>D\u00e8s ce lundi, deux nouvelles lignes de car-express sont mises en circulation en Gironde\u00a0:\u00a0<strong>la 410 Ar\u00e8s-L\u00e8ge-Bordeaux<\/strong>, via St-Jean-d&rsquo;Illac, avec\u00a0un car toutes les 15 minutes en heure de pointe, de 5h30 \u00e0 22h en semaine et de 6h \u00e0 20h le samedi.\u00a0Autre trajet inaugur\u00e9 en cette rentr\u00e9e\u00a0: <strong>la 480 Beautiran &#8211; Le Haillan<\/strong>, via Leognan, Gradignan, Pessac et M\u00e9rignac notamment, pour \u00e9viter de passer par Bordeaux. C&rsquo;est\u00a0un car toutes les 15 minutes en heure de pointe, 30 minutes sur la pause m\u00e9ridienne, de 5h30 \u00e0 20h30 du lundi au vendredi.<\/p>\n<p>Pour voyager avec ces cars, <strong>le ticket est \u00e0 2,50\u20ac<\/strong>, mais les employeurs peuvent prendre en charge une partie des abonnements. Un engagement pris par la R\u00e9gion, Bordeaux M\u00e9tropole et Nouvelle Aquitaine Mobilit\u00e9s d\u00e8s 2018, dans le cadre du projet de RER m\u00e9tropolitain, qui a d\u00e9j\u00e0 permis la mise en service des lignes <strong>470 Cr\u00e9on &#8211; Bordeaux<\/strong> et <strong>430 Blaye &#8211; Bordeaux<\/strong>.<\/p>\n<p>Deux nouvelles lignes suppl\u00e9mentaires ouvriront en 2026, la ligne du M\u00e9doc, et 2027 : la ligne du Val de Leyre.<\/p>\n","protected":false},"excerpt":{"rendered":"Ce 1er septembre, les transports en commun reprennent du service. Dans la m\u00e9tropole bordelaise, du changement est \u00e0&hellip;\n","protected":false},"author":2,"featured_media":356835,"comment_status":"","ping_status":"","sticky":false,"template":"","format":"standard","meta":{"footnotes":""},"categories":[2817],"tags":[1111,11,1997,1777,674,1011,27,12,2219,25],"class_list":{"0":"post-356834","1":"post","2":"type-post","3":"status-publish","4":"format-standard","5":"has-post-thumbnail","7":"category-bordeaux","8":"tag-actu","9":"tag-actualites","10":"tag-bordeaux","11":"tag-eu","12":"tag-europe","13":"tag-fr","14":"tag-france","15":"tag-news","16":"tag-nouvelle-aquitaine","17":"tag-republique-francaise"},"share_on_mastodon":{"url":"https:\/\/pubeurope.com\/@fr\/115124778011371491","error":""},"_links":{"self":[{"href":"https:\/\/www.europesays.com\/fr\/wp-json\/wp\/v2\/posts\/356834","targetHints":{"allow":["GET"]}}],"collection":[{"href":"https:\/\/www.europesays.com\/fr\/wp-json\/wp\/v2\/posts"}],"about":[{"href":"https:\/\/www.europesays.com\/fr\/wp-json\/wp\/v2\/types\/post"}],"author":[{"embeddable":true,"href":"https:\/\/www.europesays.com\/fr\/wp-json\/wp\/v2\/users\/2"}],"replies":[{"embeddable":true,"href":"https:\/\/www.europesays.com\/fr\/wp-json\/wp\/v2\/comments?post=356834"}],"version-history":[{"count":0,"href":"https:\/\/www.europesays.com\/fr\/wp-json\/wp\/v2\/posts\/356834\/revisions"}],"wp:featuredmedia":[{"embeddable":true,"href":"https:\/\/www.europesays.com\/fr\/wp-json\/wp\/v2\/media\/356835"}],"wp:attachment":[{"href":"https:\/\/www.europesays.com\/fr\/wp-json\/wp\/v2\/media?parent=356834"}],"wp:term":[{"taxonomy":"category","embeddable":true,"href":"https:\/\/www.europesays.com\/fr\/wp-json\/wp\/v2\/categories?post=356834"},{"taxonomy":"post_tag","embeddable":true,"href":"https:\/\/www.europesays.com\/fr\/wp-json\/wp\/v2\/tags?post=356834"}],"curies":[{"name":"wp","href":"https:\/\/api.w.org\/{rel}","templated":true}]}}