{"id":356836,"date":"2025-08-31T18:24:16","date_gmt":"2025-08-31T18:24:16","guid":{"rendered":"https:\/\/www.europesays.com\/fr\/356836\/"},"modified":"2025-08-31T18:24:16","modified_gmt":"2025-08-31T18:24:16","slug":"toulouse-nouveaux-lineos-nouvelles-communes-desservies-lignes-prolongees-il-y-a-du-neuf-chez-tisseo","status":"publish","type":"post","link":"https:\/\/www.europesays.com\/fr\/356836\/","title":{"rendered":"Toulouse. Nouveaux Lin\u00e9os, nouvelles communes desservies, lignes prolong\u00e9es&#8230; Il y a du neuf chez Tiss\u00e9o"},"content":{"rendered":"<p>            Par<br \/>\n        <strong><br \/>\n            <a href=\"https:\/\/actu.fr\/auteur\/lucie-2\" title=\"Consulter tous les articles de Lucie Fraisse\" rel=\"nofollow noopener\" target=\"_blank\">Lucie Fraisse<\/a><br \/>\n        <\/strong><\/p>\n<p>        Publi\u00e9 le<\/p>\n<p>            31 ao\u00fbt 2025 \u00e0 17h22        <\/p>\n<p>Comme de nombreux \u00e9l\u00e8ves, Tiss\u00e9o va faire sa rentr\u00e9e ce lundi 1er septembre 2025. Et cette rentr\u00e9e s\u2019accompagne de son lot de nouveaut\u00e9s. Pas question ici de nouveaux professeurs ou de crayons tout neufs, mais bien de <strong>nouvelles lignes de Lin\u00e9o<\/strong>, de bus ou encore de prolongements d\u2019itin\u00e9raires <a href=\"https:\/\/actu.fr\/toulouse\/\" rel=\"nofollow noopener\" target=\"_blank\">dans l\u2019agglom\u00e9ration de Toulouse<\/a>. On fait le point.<\/p>\n<p>Deux nouvelles lignes Lin\u00e9o<\/p>\n<p class=\" wall-content\">Le r\u00e9seau de bus express se d\u00e9veloppe dans l\u2019agglom\u00e9ration de<strong> Toulouse<\/strong>, avec la mise en place de deux nouvelles lignes Lin\u00e9o.<\/p>\n<p class=\" wall-content\"><a href=\"https:\/\/actu.fr\/occitanie\/saint-orens-de-gameville_31506\/cette-future-ligne-de-bus-express-va-relier-toulouse-de-sa-banlieue-le-trace-rallonge_61986340.html\" rel=\"nofollow noopener\" target=\"_blank\">Le Lin\u00e9o 7 va ainsi relier Saint-Orens et l\u2019universit\u00e9 Paul-Sabatier<\/a>, via le quartier Malep\u00e8re. Cette nouvelle ligne remplace ainsi la ligne 78 qu\u2019elle prolonge jusqu\u2019\u00e0 Saint-Orens piscine, avec une fr\u00e9quence de passages renforc\u00e9e entre <strong>Malep\u00e8r<\/strong>e et l\u2019universit\u00e9 (toutes les 6 minutes en heures de pointe en semaine).<\/p>\n<p class=\" wall-content\">\u00ab\u00a0Plus de 20 000 habitants et 16 000 emplois disposent d\u2019un <strong>arr\u00eat Lin\u00e9o 7<\/strong> \u00e0 moins de 400 m\u00e8tres tout au long de cet itin\u00e9raire\u00a0\u00bb, indique Tiss\u00e9o.<\/p>\n<p>Lin\u00e9o 12 \u00e0 l\u2019est de Toulouse<\/p>\n<p class=\" wall-content\">Autre nouveaut\u00e9 de cette rentr\u00e9e : <a href=\"https:\/\/actu.fr\/occitanie\/toulouse_31555\/veritable-transversale-cette-nouvelle-ligne-raccordera-en-lineo-des-quartiers-mal-desservis-de-toulouse_62981467.html\" rel=\"nofollow noopener\" target=\"_blank\">le Lin\u00e9o 12<\/a>. La ligne qui passe \u00e0 l\u2019est de Toulouse relie Borderouge et Rangueil en passant par <strong>Montaudran, Guillaumet, Borderouge, La Roseraie, Soupetard<\/strong>\u2026<\/p>\n<p class=\" wall-content\">Une ligne qui desservira 46 000 habitants, 18 000 emplois et 5000 coll\u00e9giens et lyc\u00e9ens et passera par le M\u00e9tronum, la Cit\u00e9 de l\u2019espace, la Halle de la machine.<\/p>\n<p>Votre r\u00e9gion, votre actu !<\/p>\n<p>Recevez chaque jour les infos qui comptent pour vous.<\/p>\n<p>\t<a href=\"https:\/\/actu.fr\/newsletter\" class=\"ac-btn ac-btn--corner ac-btn--medium ac-btn--blue800\" rel=\"nofollow noopener\" target=\"_blank\">S&rsquo;incrire<\/a><br \/>\nLa 117 express\u00a0<\/p>\n<p class=\" wall-content\">Nouvelle ligne \u00e9galement : la 117 express qui relie <strong>Basso Cambo et la gare de Muret<\/strong>, avec 30% de son itin\u00e9raire sur des voies r\u00e9serv\u00e9es aux bus.<\/p>\n<p class=\" wall-content\">Elle passe notamment par les centres commerciaux de Roques et de Portet.<\/p>\n<p>De nouvelles communes desservies<\/p>\n<p class=\" wall-content\">Plusieurs nouvelles communes sont d\u00e9sormais desservies par le r\u00e9seau Tiss\u00e9o, gr\u00e2ce \u00e0 trois nouvelles lignes qui sont connect\u00e9es au r\u00e9seau TER, d\u00e8s le 1er septembre 2025.<\/p>\n<p class=\" wall-content\">Comme Fontenilles, qui va b\u00e9n\u00e9ficier de la ligne de bus 401 qui relie Fonsorbes, Fontenilles et Saint-Lys et se connecte \u00e0 Colomiers-Gare SNCF.<\/p>\n<p class=\" wall-content\">L\u00e9guevin int\u00e8gre aussi le r\u00e9seau avec le bus 402 qui relie la commune \u00e0 Colomiers-Gare SNCF.<\/p>\n<p class=\" wall-content\">Enfin, L\u00e9vignac, Lassere-Prad\u00e8re et Merenvielle vont b\u00e9n\u00e9ficier de la ligne de bus 403.<\/p>\n<p class=\" wall-content\">\u00c0 noter par ailleurs, la nouvelle ligne de bus 35 qui va relier Colomiers Ramassiers \u00e0 Ar\u00e8nes romaines et desservira la ZAC de Saint-Martin-du-Touch.<\/p>\n<p>Des lignes prolong\u00e9es<\/p>\n<p class=\" wall-content\">La ligne 32, qui relie L\u00e9guevun \u00e0 Colomiers via Brax et Pibrac est prolong\u00e9e jusqu\u2019au coll\u00e8ge de L\u00e9guevin.<\/p>\n<p class=\" wall-content\">La ligne 55 reliera les communes de Plaisance-du-Touch, La Salvetat-Saint-Gilles et Colomiers tout en proposant des connexions au Lin\u00e9o 3 \u00e0 Plaisance-du-Touch et aux lignes desservant Colomiers Gare-SNCF.<\/p>\n<p class=\" wall-content\">La ligne 109 est quant \u00e0 elle prolong\u00e9e jusqu\u2019\u00e0 Balma-Ribaute, quand la ligne 85 se r\u00e9adapte pour desservir le quartier de Las Fons\u00e8s.<\/p>\n<p class=\" wall-content\">Personnalisez votre actualit\u00e9 en ajoutant vos villes et m\u00e9dias en favori avec <a href=\"https:\/\/moncompte.actu.fr\" title=\"D\u00e9couvez Mon Actu\" rel=\"nofollow noopener\" data-trk=\"{&quot;cta&quot;:{&quot;action&quot;:&quot;https:\\\/\\\/moncompte.actu.fr&quot;,&quot;category&quot;:&quot;mon compte&quot;,&quot;from&quot;:&quot;article footer&quot;,&quot;name&quot;:&quot;Mon actu&quot;,&quot;type&quot;:&quot;cta&quot;}}\" target=\"_blank\">Mon Actu<\/a>.<\/p>\n","protected":false},"excerpt":{"rendered":"Par Lucie Fraisse Publi\u00e9 le 31 ao\u00fbt 2025 \u00e0 17h22 Comme de nombreux \u00e9l\u00e8ves, Tiss\u00e9o va faire sa&hellip;\n","protected":false},"author":2,"featured_media":356837,"comment_status":"","ping_status":"","sticky":false,"template":"","format":"standard","meta":{"footnotes":""},"categories":[2816],"tags":[1111,11,1777,674,1011,27,12,2680,25,104,5400,2312],"class_list":{"0":"post-356836","1":"post","2":"type-post","3":"status-publish","4":"format-standard","5":"has-post-thumbnail","7":"category-toulouse","8":"tag-actu","9":"tag-actualites","10":"tag-eu","11":"tag-europe","12":"tag-fr","13":"tag-france","14":"tag-news","15":"tag-occitanie","16":"tag-republique-francaise","17":"tag-societe","18":"tag-tisseo","19":"tag-toulouse"},"share_on_mastodon":{"url":"https:\/\/pubeurope.com\/@fr\/115124781915397580","error":""},"_links":{"self":[{"href":"https:\/\/www.europesays.com\/fr\/wp-json\/wp\/v2\/posts\/356836","targetHints":{"allow":["GET"]}}],"collection":[{"href":"https:\/\/www.europesays.com\/fr\/wp-json\/wp\/v2\/posts"}],"about":[{"href":"https:\/\/www.europesays.com\/fr\/wp-json\/wp\/v2\/types\/post"}],"author":[{"embeddable":true,"href":"https:\/\/www.europesays.com\/fr\/wp-json\/wp\/v2\/users\/2"}],"replies":[{"embeddable":true,"href":"https:\/\/www.europesays.com\/fr\/wp-json\/wp\/v2\/comments?post=356836"}],"version-history":[{"count":0,"href":"https:\/\/www.europesays.com\/fr\/wp-json\/wp\/v2\/posts\/356836\/revisions"}],"wp:featuredmedia":[{"embeddable":true,"href":"https:\/\/www.europesays.com\/fr\/wp-json\/wp\/v2\/media\/356837"}],"wp:attachment":[{"href":"https:\/\/www.europesays.com\/fr\/wp-json\/wp\/v2\/media?parent=356836"}],"wp:term":[{"taxonomy":"category","embeddable":true,"href":"https:\/\/www.europesays.com\/fr\/wp-json\/wp\/v2\/categories?post=356836"},{"taxonomy":"post_tag","embeddable":true,"href":"https:\/\/www.europesays.com\/fr\/wp-json\/wp\/v2\/tags?post=356836"}],"curies":[{"name":"wp","href":"https:\/\/api.w.org\/{rel}","templated":true}]}}