{"id":356839,"date":"2025-08-31T18:26:09","date_gmt":"2025-08-31T18:26:09","guid":{"rendered":"https:\/\/www.europesays.com\/fr\/356839\/"},"modified":"2025-08-31T18:26:09","modified_gmt":"2025-08-31T18:26:09","slug":"les-12-infos-quil-ne-fallait-pas-louper-cette-semaine","status":"publish","type":"post","link":"https:\/\/www.europesays.com\/fr\/356839\/","title":{"rendered":"les 12 infos qu\u2019il ne fallait pas louper cette semaine"},"content":{"rendered":"<p>            Par<br \/>\n        <strong><br \/>\n            <a href=\"https:\/\/actu.fr\/auteur\/annesophie-2\" title=\"Consulter tous les articles de Anne-Sophie Hourdeaux\" rel=\"nofollow noopener\" target=\"_blank\">Anne-Sophie Hourdeaux<\/a><br \/>\n        <\/strong><\/p>\n<p>        Publi\u00e9 le<\/p>\n<p>            31 ao\u00fbt 2025 \u00e0 18h50        <\/p>\n<p><b>Cette derni\u00e8re semaine d\u2019ao\u00fbt\u00a02025<\/b> a \u00e9t\u00e9 riche en actualit\u00e9s dans le Nord et la m\u00e9tropole lilloise. \u00c0 Lille, un <b>nouveau bus<\/b> de tourisme arrive, une <b>nouvelle salle de sports<\/b> se construit, la <b>foire aux man\u00e8ges<\/b> a commenc\u00e9\u2026 Le pr\u00e9sident de la MEL dresse son bilan, la <b>r\u00e9novation urbaine<\/b> \u00e0 Roubaix bat son plein\u2026 On vous d\u00e9taille tout pour que vous soyez \u00e0 jour pour la rentr\u00e9e\u2009!<\/p>\n<p class=\" wall-content\"><b><a href=\"https:\/\/actu.fr\/hauts-de-france\/lille_59350\/lille-ce-quil-faut-savoir-avant-la-rentree-des-classes-2025_63074139.html\" rel=\"nofollow noopener\" target=\"_blank\">La rentr\u00e9e des classes se pr\u00e9pare \u00e0 Lille<\/a><\/b><\/p>\n<p class=\" wall-content\">Lundi 1er\u00a0septembre 2025, 12\u2009000\u00a0\u00e9l\u00e8ves franchiront les portes des 80 \u00e9coles maternelles et \u00e9l\u00e9mentaires de Lille.<\/p>\n<p class=\" wall-content\"><b><a href=\"https:\/\/actu.fr\/hauts-de-france\/lille_59350\/lille-un-nouveau-bus-a-langlaise-pour-decouvrir-la-ville-des-septembre-2025_63097488.html\" rel=\"nofollow noopener\" target=\"_blank\">Un nouveau bus \u00e0 deux \u00e9tages pour l\u2019office de tourisme \u00e0 Lille<\/a><\/b><\/p>\n<p class=\" wall-content\">Vous le verrez bient\u00f4t dans les rues de Lille, et m\u00eame ailleurs\u2009: un bus \u00e9lectrique \u00e0 2 \u00e9tages, presque comme ceux qu\u2019on voit en Angleterre\u2009! Il sera op\u00e9rationnel en septembre.<\/p>\n<p class=\" wall-content\"><b><a href=\"https:\/\/actu.fr\/societe\/plus-de-5000-nordistes-ont-retrouve-un-medecin-traitant-grace-aux-maisons-nord-sante_63094345.html\" rel=\"nofollow noopener\" target=\"_blank\">Plus de 5000 Nordistes ont trouv\u00e9 un m\u00e9decin traitant gr\u00e2ce au Maisons Nord Sant\u00e9<\/a><\/b><\/p>\n<p class=\" wall-content\">L\u2019acc\u00e8s aux soins a \u00e9t\u00e9 consid\u00e9rablement boost\u00e9 dans le Nord, depuis l\u2019ouverture du premier centre m\u00e9dical par le D\u00e9partement en janvier\u00a02024. La structure, appel\u00e9e Maison Nord Sant\u00e9, en est \u00e0 4 lieux.<\/p>\n<p class=\" wall-content\"><b><a href=\"https:\/\/actu.fr\/hauts-de-france\/lille_59350\/la-foire-aux-maneges-de-lille-ouvre-ses-portes-ce-samedi-30-aout_63093159.html\" rel=\"nofollow noopener\" target=\"_blank\">\u00c0 Lille, la foire aux man\u00e8ges est lanc\u00e9e\u2009!<\/a><\/b><\/p>\n<p class=\" wall-content\">Sur l\u2019Esplanade de Lille, les man\u00e8ges sont de retour depuis le 30\u00a0ao\u00fbt.<\/p>\n<p class=\" wall-content\"><b><a href=\"https:\/\/actu.fr\/hauts-de-france\/tourcoing_59599\/chaos-sur-la-grandplace-de-tourcoing-conducteur-fou-tirs-des-policiers-ce-qui-sest-passe_63092297.html\" rel=\"nofollow noopener\" target=\"_blank\">Un chauffard fou s\u00e8me le chaos au march\u00e9 du centre \u00e0 Tourcoing<\/a><\/b><\/p>\n<p class=\" wall-content\">Jeudi 28\u00a0ao\u00fbt 2025, un refus d\u2019obtemp\u00e9rer a mal tourn\u00e9\u2009: les policiers ont \u00e9t\u00e9 contraints d\u2019ouvrir le feu sur un v\u00e9hicule afin de stopper son conducteur lanc\u00e9 \u00e0 vive allure jusque sur la Grand\u2019Place de Tourcoing, \u00e0 l\u2019heure du march\u00e9.<\/p>\n<p class=\" wall-content\"><b><a href=\"https:\/\/actu.fr\/hauts-de-france\/lille_59350\/lille-une-nouvelle-salle-de-sport-hors-du-commun-se-construit-derriere-la-gare-saint-sauveur_63091007.html\" rel=\"nofollow noopener\" target=\"_blank\">Une nouvelle salle de sports XXL se construit \u00e0 Lille<\/a><\/b><\/p>\n<p class=\" wall-content\">Sur 3 \u00e9tages, une immense salle de sports est en train de voir le jour derri\u00e8re la gare Saint-Sauveur.<\/p>\n<p class=\" wall-content\"><b><a href=\"https:\/\/actu.fr\/hauts-de-france\/lille_59350\/metropole-de-lille-transports-logements-tourisme-damien-castelain-dresse-le-bilan-de-5-ans-de-mandat_63090868.html\" rel=\"nofollow noopener\" target=\"_blank\">Le pr\u00e9sident de la MEL Damien Castelain dresse le bilan de ses 5\u00a0ans de mandat<\/a><\/b><\/p>\n<p class=\" wall-content\">Le bilan des projets et r\u00e9alisations men\u00e9s par la M\u00e9tropole europ\u00e9enne de Lille a \u00e9t\u00e9 d\u00e9taill\u00e9 par Damien Castelain et ses vice-pr\u00e9sidents.<\/p>\n<p>Votre r\u00e9gion, votre actu !<\/p>\n<p>Recevez chaque jour les infos qui comptent pour vous.<\/p>\n<p>\t<a href=\"https:\/\/actu.fr\/newsletter\" class=\"ac-btn ac-btn--corner ac-btn--medium ac-btn--blue800\" rel=\"nofollow noopener\" target=\"_blank\">S&rsquo;incrire<\/a><\/p>\n<p class=\" wall-content\"><b><a href=\"https:\/\/actu.fr\/hauts-de-france\/roubaix_59512\/renovation-urbaine-a-roubaix-jusquen-2037-tout-savoir-avec-nos-articles-dedies_63098075.html\" rel=\"nofollow noopener\" target=\"_blank\">R\u00e9novation urbaine \u00e0 Roubaix\u2009: les travaux dans 4 quartiers expliqu\u00e9s en 6 articles<\/a><\/b><\/p>\n<p class=\" wall-content\">Les quartiers du Pile, de l\u2019Alma, de l\u2019\u00c9peule et des Trois Ponts sont concern\u00e9s par le plan de r\u00e9novation urbaine jusque 2037. Comment\u2009?<\/p>\n<p class=\" wall-content\"><a href=\"https:\/\/actu.fr\/hauts-de-france\/faches-thumesnil_59220\/faches-thumesnil-pourquoi-le-maire-a-du-retirer-le-drapeau-palestinien-installe-sur-sa-mairie_63085277.html\" rel=\"nofollow noopener\" target=\"_blank\">Le maire de Faches-Thumesnil doit retirer le drapeau palestinien de la fa\u00e7ade de la mairie<\/a><\/p>\n<p class=\" wall-content\">Le tribunal administratif de Lille a donn\u00e9 tort au maire de Faches-Thumesnil, jugeant que le drapeau palestinien install\u00e9 sur la mairie portait atteinte au principe de neutralit\u00e9.<\/p>\n<p class=\" wall-content\"><a href=\"https:\/\/actu.fr\/economie\/kiabi-lance-encore-une-nouvelle-marque-a-destination-des-tout-petits_63085186.html\" rel=\"nofollow noopener\" target=\"_blank\">Kiabi lance une nouvelle marque pour les tout-petits\u2009: <b>_<\/b>KiTChoUN<\/a><\/p>\n<p class=\" wall-content\">L\u2019enseigne nordiste lance une nouvelle marque destin\u00e9e aux tout-petits, en ce mois d\u2019ao\u00fbt\u00a02025, pour \u00ab\u2009accompagner leurs premiers pas\u2009\u00bb.<\/p>\n<p class=\" wall-content\"><a href=\"https:\/\/actu.fr\/loisirs-culture\/la-nordiste-eve-gilles-miss-france-2024-representera-la-france-a-miss-univers-2025_63083534.html\" rel=\"nofollow noopener\" target=\"_blank\">Eve Gilles, Miss France 2024, participera \u00e0 Miss Univers\u2009!<\/a><\/p>\n<p class=\" wall-content\">Eve Gilles, sacr\u00e9e\u00a0Miss France\u00a02024, sera en effet \u00ab\u2009Miss Universe France 2025\u2009\u00bb, et s\u2019envolera pour la Tha\u00eflande en novembre prochain.<\/p>\n<p class=\" wall-content\"><a href=\"https:\/\/actu.fr\/hauts-de-france\/lille_59350\/metropole-de-lille-horaires-itineraires-ce-que-reserve-ilevia-pour-la-rentree-dans-le-metro-et-le-tramway_63078638.html\" rel=\"nofollow noopener\" target=\"_blank\">La rentr\u00e9e du m\u00e9tro et du tramway chez Ilevia\u2009: quels changements\u2009?<\/a><\/p>\n<p class=\" wall-content\">Heures de passages \u00e9largies, fr\u00e9quence renforc\u00e9e et trajets simplifi\u00e9s\u2009: on fait le point des nouveaut\u00e9s pour tramway et m\u00e9tro d\u00e8s lundi 1er\u00a0septembre dans la MEL.<\/p>\n<p class=\" wall-content\">Personnalisez votre actualit\u00e9 en ajoutant vos villes et m\u00e9dias en favori avec <a href=\"https:\/\/moncompte.actu.fr\" title=\"D\u00e9couvez Mon Actu\" rel=\"nofollow noopener\" data-trk=\"{&quot;cta&quot;:{&quot;action&quot;:&quot;https:\\\/\\\/moncompte.actu.fr&quot;,&quot;category&quot;:&quot;mon compte&quot;,&quot;from&quot;:&quot;article footer&quot;,&quot;name&quot;:&quot;Mon actu&quot;,&quot;type&quot;:&quot;cta&quot;}}\" target=\"_blank\">Mon Actu<\/a>.<\/p>\n","protected":false},"excerpt":{"rendered":"Par Anne-Sophie Hourdeaux Publi\u00e9 le 31 ao\u00fbt 2025 \u00e0 18h50 Cette derni\u00e8re semaine d\u2019ao\u00fbt\u00a02025 a \u00e9t\u00e9 riche en&hellip;\n","protected":false},"author":2,"featured_media":356840,"comment_status":"","ping_status":"","sticky":false,"template":"","format":"standard","meta":{"footnotes":""},"categories":[2815],"tags":[1111,11,1777,674,1011,27,811,1307,12,25,104],"class_list":{"0":"post-356839","1":"post","2":"type-post","3":"status-publish","4":"format-standard","5":"has-post-thumbnail","7":"category-lille","8":"tag-actu","9":"tag-actualites","10":"tag-eu","11":"tag-europe","12":"tag-fr","13":"tag-france","14":"tag-hauts-de-france","15":"tag-lille","16":"tag-news","17":"tag-republique-francaise","18":"tag-societe"},"share_on_mastodon":{"url":"https:\/\/pubeurope.com\/@fr\/115124789849130464","error":""},"_links":{"self":[{"href":"https:\/\/www.europesays.com\/fr\/wp-json\/wp\/v2\/posts\/356839","targetHints":{"allow":["GET"]}}],"collection":[{"href":"https:\/\/www.europesays.com\/fr\/wp-json\/wp\/v2\/posts"}],"about":[{"href":"https:\/\/www.europesays.com\/fr\/wp-json\/wp\/v2\/types\/post"}],"author":[{"embeddable":true,"href":"https:\/\/www.europesays.com\/fr\/wp-json\/wp\/v2\/users\/2"}],"replies":[{"embeddable":true,"href":"https:\/\/www.europesays.com\/fr\/wp-json\/wp\/v2\/comments?post=356839"}],"version-history":[{"count":0,"href":"https:\/\/www.europesays.com\/fr\/wp-json\/wp\/v2\/posts\/356839\/revisions"}],"wp:featuredmedia":[{"embeddable":true,"href":"https:\/\/www.europesays.com\/fr\/wp-json\/wp\/v2\/media\/356840"}],"wp:attachment":[{"href":"https:\/\/www.europesays.com\/fr\/wp-json\/wp\/v2\/media?parent=356839"}],"wp:term":[{"taxonomy":"category","embeddable":true,"href":"https:\/\/www.europesays.com\/fr\/wp-json\/wp\/v2\/categories?post=356839"},{"taxonomy":"post_tag","embeddable":true,"href":"https:\/\/www.europesays.com\/fr\/wp-json\/wp\/v2\/tags?post=356839"}],"curies":[{"name":"wp","href":"https:\/\/api.w.org\/{rel}","templated":true}]}}