{"id":356841,"date":"2025-08-31T18:27:14","date_gmt":"2025-08-31T18:27:14","guid":{"rendered":"https:\/\/www.europesays.com\/fr\/356841\/"},"modified":"2025-08-31T18:27:14","modified_gmt":"2025-08-31T18:27:14","slug":"la-ville-de-lille-propose-un-stand-photo-a-loccasion-de-la-braderie-de-lille","status":"publish","type":"post","link":"https:\/\/www.europesays.com\/fr\/356841\/","title":{"rendered":"La Ville de Lille propose un stand photo \u00e0 l&rsquo;occasion de la Braderie de Lille"},"content":{"rendered":"<p style=\"text-align: justify;\">La <strong>Braderie de Lille,<\/strong> c\u2019est surtout<strong> un moment \u00e0 vivre<\/strong> et <strong>\u00e0 partager.<\/strong>\u00a0Et cette ann\u00e9e, <strong>cela commence avec vous !<\/strong><\/p>\n<p style=\"text-align: justify;\"><strong>Pour vous plonger au c\u0153ur de l\u2019\u00e9v\u00e9nement, <\/strong>la <strong>Ville de Lille<\/strong> vous offre<strong> une exp\u00e9rience unique vous permettant de devenir la star de l\u2019affiche de la Braderie de Lille 2025.<\/strong><\/p>\n<p style=\"text-align: justify;\"><strong>Rendez-vous au stand photo install\u00e9 dans le <\/strong><strong>hall de l\u2019h\u00f4tel de ville<\/strong>. <strong>Pour en profiter, c\u2019est simple :<\/strong><\/p>\n<p style=\"text-align: justify;\">1) La<strong> Ville de Lille<\/strong> met des <strong>accessoires \u00e0 votre disposition\u00a0:<\/strong>\u00a0<strong>choisissez ceux que vous pr\u00e9f\u00e9rez <\/strong>et <strong>mettez-vous dans le r\u00f4le de Dabeull, <\/strong>la<strong> star de l\u2019affiche officielle.<\/strong>\u00a0<\/p>\n<p><img loading=\"lazy\" decoding=\"async\" width=\"819\" height=\"1024\" src=\"https:\/\/www.europesays.com\/fr\/wp-content\/uploads\/2025\/07\/affiche_braderie_lille_2025_02-819x1024.jpg\" alt=\"\" class=\"wp-image-86171\" style=\"aspect-ratio:0.7998046875;width:400px\"  \/><\/p>\n<p style=\"text-align: justify;\">2) <strong>Suivez les instructions de la borne<\/strong>\u00a0et <strong>prenez-vous votre meilleure photo !<\/strong> Votre objectif :<strong> reproduire au mieux l\u2019affiche originale\u2026 <\/strong>ou <strong>faire encore mieux !<\/strong><\/p>\n<p style=\"text-align: justify;\">3) <strong>R\u00e9cup\u00e9rez votre photo\u00a0imprim\u00e9e<\/strong> et <strong>en version num\u00e9rique.<\/strong> <strong>Partagez-la en story<\/strong> sur<strong> Instagram<\/strong> ou <strong>Facebook en taguant\u00a0@lille_france<\/strong>\u00a0pour<strong> participer \u00e0 un jeu-concours organis\u00e9 par la Ville de Lille !<\/strong><\/p>\n<p style=\"text-align: justify;\"><strong>10 personnes seront tir\u00e9es au sort<\/strong> par la <strong>Ville de Lille<\/strong> le <strong>lundi 08 septembre 2025.<\/strong>\u00a0<strong>\u00c0 gagner, votre poster personnalis\u00e9 de la braderie en format 40\u00d760 !<\/strong>\u00a0<\/p>\n<p><img loading=\"lazy\" decoding=\"async\" class=\"size-full wp-image-45 tie-appear\" src=\"https:\/\/www.europesays.com\/fr\/wp-content\/uploads\/2025\/04\/arrow.png\" alt=\"\" width=\"9\" height=\"9\"\/> <a href=\"https:\/\/www.zoomsurlille.fr\/tag\/braderie-de-lille-2025\" target=\"_blank\" rel=\"noopener\">Retrouvez tous nos articles sur la Braderie de Lille 2025<\/a><\/p>\n<p>\u00a0<\/p>\n<p class=\"has-text-align-right\">Source &amp; image : DR \u2013 \u00a9 Ville de Lille<\/p>\n","protected":false},"excerpt":{"rendered":"La Braderie de Lille, c\u2019est surtout un moment \u00e0 vivre et \u00e0 partager.\u00a0Et cette ann\u00e9e, cela commence avec&hellip;\n","protected":false},"author":2,"featured_media":266316,"comment_status":"","ping_status":"","sticky":false,"template":"","format":"standard","meta":{"footnotes":""},"categories":[2815],"tags":[17,1111,11,18703,40565,1777,674,1011,27,811,1307,12,2745,25,49249],"class_list":{"0":"post-356841","1":"post","2":"type-post","3":"status-publish","4":"format-standard","5":"has-post-thumbnail","7":"category-lille","8":"tag-17","9":"tag-actu","10":"tag-actualites","11":"tag-braderie-de-lille","12":"tag-braderie-de-lille-2025","13":"tag-eu","14":"tag-europe","15":"tag-fr","16":"tag-france","17":"tag-hauts-de-france","18":"tag-lille","19":"tag-news","20":"tag-photo","21":"tag-republique-francaise","22":"tag-stand-photo"},"share_on_mastodon":{"url":"https:\/\/pubeurope.com\/@fr\/115124794175446143","error":""},"_links":{"self":[{"href":"https:\/\/www.europesays.com\/fr\/wp-json\/wp\/v2\/posts\/356841","targetHints":{"allow":["GET"]}}],"collection":[{"href":"https:\/\/www.europesays.com\/fr\/wp-json\/wp\/v2\/posts"}],"about":[{"href":"https:\/\/www.europesays.com\/fr\/wp-json\/wp\/v2\/types\/post"}],"author":[{"embeddable":true,"href":"https:\/\/www.europesays.com\/fr\/wp-json\/wp\/v2\/users\/2"}],"replies":[{"embeddable":true,"href":"https:\/\/www.europesays.com\/fr\/wp-json\/wp\/v2\/comments?post=356841"}],"version-history":[{"count":0,"href":"https:\/\/www.europesays.com\/fr\/wp-json\/wp\/v2\/posts\/356841\/revisions"}],"wp:featuredmedia":[{"embeddable":true,"href":"https:\/\/www.europesays.com\/fr\/wp-json\/wp\/v2\/media\/266316"}],"wp:attachment":[{"href":"https:\/\/www.europesays.com\/fr\/wp-json\/wp\/v2\/media?parent=356841"}],"wp:term":[{"taxonomy":"category","embeddable":true,"href":"https:\/\/www.europesays.com\/fr\/wp-json\/wp\/v2\/categories?post=356841"},{"taxonomy":"post_tag","embeddable":true,"href":"https:\/\/www.europesays.com\/fr\/wp-json\/wp\/v2\/tags?post=356841"}],"curies":[{"name":"wp","href":"https:\/\/api.w.org\/{rel}","templated":true}]}}