{"id":356842,"date":"2025-08-31T18:28:09","date_gmt":"2025-08-31T18:28:09","guid":{"rendered":"https:\/\/www.europesays.com\/fr\/356842\/"},"modified":"2025-08-31T18:28:09","modified_gmt":"2025-08-31T18:28:09","slug":"martine-vassal-prend-acte-du-depart-de-patrick-pappalardo-vers-le-rn-et-annonce-preparer-la-releve-a-habitat-marseille-provence","status":"publish","type":"post","link":"https:\/\/www.europesays.com\/fr\/356842\/","title":{"rendered":"Martine Vassal prend acte du d\u00e9part de Patrick Pappalardo vers le RN et annonce \u00ab\u00a0pr\u00e9parer la rel\u00e8ve \u00e0 Habitat Marseille Provence\u00a0\u00bb"},"content":{"rendered":"<p>Pr\u00e9sident depuis 2020 du bailleur social de la M\u00e9tropole Aix-Marseille, <a href=\"https:\/\/www.laprovence.com\/article\/region\/1700957434021914\/il-fallait-faire-disparaitre-marseille-de-notre-nom-habitat-marseille-provence-devient-provence-metropole-logement\" target=\"_blank\" rel=\"noopener\">Provence M\u00e9tropole Logement (ex-HMP)<\/a>, Patrick Pappalardo devrait annoncer ce lundi son ralliement au RN, comme le signalait La Marseillaise dans son \u00e9dition de samedi.<\/p>\n<p>Le <a href=\"https:\/\/www.laprovence.com\/article\/region\/89403651621493\/municipales-2026-a-marseille-franck-allisio-veut-donner-le-la-a-lextreme-droite\" target=\"_blank\" rel=\"noopener\">candidat RN aux municipales, Franck Allisio<\/a>, avait lanc\u00e9 les invitations pour une conf\u00e9rence de presse ce lundi matin afin de pr\u00e9senter cette nouvelle prise de guerre dans les rangs de la pr\u00e9sidente (DVD) de la M\u00e9tropole, Martine Vassal. Le pr\u00e9sident de son groupe, Jean-Baptiste Rivoallan, <a href=\"https:\/\/www.laprovence.com\/article\/region\/57089365579952\/legislatives-a-marseille-le-rn-debauche-olivier-rioult-un-collaborateur-de-martine-vassal-dvd\" target=\"_blank\" rel=\"noopener\">son ancien secr\u00e9taire g\u00e9n\u00e9ral Olivier Rioult<\/a> et quelques \u00e9lus des 11e et 12e arrondissements ayant d\u00e9j\u00e0 rejoint les troupes du d\u00e9put\u00e9 des Bouches-du-Rh\u00f4ne et membre du bureau national du RN.<\/p>\n<p>\u00ab\u00a0Il n&rsquo;est plus possible pour Patrick Pappalardo de se maintenir \u00e0 son poste\u00a0\u00bb<\/p>\n<p>Mais avant m\u00eame que le conseiller m\u00e9tropolitain et conseiller d&rsquo;arrondissement dans les 9e-10e, Patrick Pappalardo, n&rsquo;ait officiellement fait conna\u00eetre son adh\u00e9sion au RN, Martine Vassal a fait savoir par un communiqu\u00e9 de presse, ce dimanche soir, qu&rsquo;elle prenait \u00ab\u00a0acte de (sa) d\u00e9cision de rejoindre le camp de l&rsquo;UDR et du RN\u00a0\u00bb. La pr\u00e9sidente de la M\u00e9tropole poursuit\u00a0: \u00ab\u00a0Dans ces conditions, il n&rsquo;est plus possible pour Patrick Pappalardo de se maintenir \u00e0 son poste\u00a0\u00bb, \u00e0 la t\u00eate du bailleur social cr\u00e9\u00e9 en 1919.<\/p>\n<p>Elle avertit que \u00ab\u00a0le 18\u00a0septembre, une d\u00e9lib\u00e9ration sera mise au vote en conseil de M\u00e9tropole pour d\u00e9signer un futur pr\u00e9sident\u00a0\u00bb, qui visera \u00ab\u00a0\u00e0 assurer la continuit\u00e9 des projets et des activit\u00e9s de Habitat Marseille Provence\u00a0\u00bb.\u00a0<\/p>\n","protected":false},"excerpt":{"rendered":"Pr\u00e9sident depuis 2020 du bailleur social de la M\u00e9tropole Aix-Marseille, Provence M\u00e9tropole Logement (ex-HMP), Patrick Pappalardo devrait annoncer&hellip;\n","protected":false},"author":2,"featured_media":356843,"comment_status":"","ping_status":"","sticky":false,"template":"","format":"standard","meta":{"footnotes":""},"categories":[2814],"tags":[17,9822,1111,11,3985,1777,674,1011,27,884,10203,12,49250,12012,6020,882,16,25,14243],"class_list":{"0":"post-356842","1":"post","2":"type-post","3":"status-publish","4":"format-standard","5":"has-post-thumbnail","7":"category-marseille","8":"tag-17","9":"tag-acte","10":"tag-actu","11":"tag-actualites","12":"tag-depart","13":"tag-eu","14":"tag-europe","15":"tag-fr","16":"tag-france","17":"tag-marseille","18":"tag-martine","19":"tag-news","20":"tag-pappalardo","21":"tag-patrick","22":"tag-prend","23":"tag-provence-alpes-cote-dazur","24":"tag-region","25":"tag-republique-francaise","26":"tag-vassal"},"share_on_mastodon":{"url":"https:\/\/pubeurope.com\/@fr\/115124798202186709","error":""},"_links":{"self":[{"href":"https:\/\/www.europesays.com\/fr\/wp-json\/wp\/v2\/posts\/356842","targetHints":{"allow":["GET"]}}],"collection":[{"href":"https:\/\/www.europesays.com\/fr\/wp-json\/wp\/v2\/posts"}],"about":[{"href":"https:\/\/www.europesays.com\/fr\/wp-json\/wp\/v2\/types\/post"}],"author":[{"embeddable":true,"href":"https:\/\/www.europesays.com\/fr\/wp-json\/wp\/v2\/users\/2"}],"replies":[{"embeddable":true,"href":"https:\/\/www.europesays.com\/fr\/wp-json\/wp\/v2\/comments?post=356842"}],"version-history":[{"count":0,"href":"https:\/\/www.europesays.com\/fr\/wp-json\/wp\/v2\/posts\/356842\/revisions"}],"wp:featuredmedia":[{"embeddable":true,"href":"https:\/\/www.europesays.com\/fr\/wp-json\/wp\/v2\/media\/356843"}],"wp:attachment":[{"href":"https:\/\/www.europesays.com\/fr\/wp-json\/wp\/v2\/media?parent=356842"}],"wp:term":[{"taxonomy":"category","embeddable":true,"href":"https:\/\/www.europesays.com\/fr\/wp-json\/wp\/v2\/categories?post=356842"},{"taxonomy":"post_tag","embeddable":true,"href":"https:\/\/www.europesays.com\/fr\/wp-json\/wp\/v2\/tags?post=356842"}],"curies":[{"name":"wp","href":"https:\/\/api.w.org\/{rel}","templated":true}]}}