{"id":356844,"date":"2025-08-31T18:29:46","date_gmt":"2025-08-31T18:29:46","guid":{"rendered":"https:\/\/www.europesays.com\/fr\/356844\/"},"modified":"2025-08-31T18:29:46","modified_gmt":"2025-08-31T18:29:46","slug":"le-supporter-agresse-sexuellement-une-supportrice-a-la-sortie-du-velodrome","status":"publish","type":"post","link":"https:\/\/www.europesays.com\/fr\/356844\/","title":{"rendered":"le supporter agresse sexuellement une supportrice \u00e0 la sortie du V\u00e9lodrome"},"content":{"rendered":"<p>Mordante, la procureure Marie-Aude Fichet a impos\u00e9 une s\u00e9v\u00e8re admonestation \u00e0 Mohamed Z. ce jeudi 28\u00a0ao\u00fbt. Au moment de se lever pour requ\u00e9rir une peine \u00e0 son encontre &#8211; elle a demand\u00e9 10\u00a0mois ferme &#8211; la magistrate du parquet a tenu \u00e0 s\u2019adresser \u00e0 lui directement pour lui \u00ab\u00a0rappeler les bases\u00a0\u00bb\u00a0: \u00ab\u00a0Quand on est une femme, on n\u2019a pas envie que le premier venu, m\u00eame s\u2019il ressemble \u00e0 Brad Pitt, mette la main aux fesses, et c\u2019est d\u2019ailleurs interdit. [\u2026] Le fait de se faire un film n\u2019autorise pas \u00e0 se servir.\u00a0\u00bb<\/p>\n<p>Un peu plus t\u00f4t au cours de l\u2019audience du tribunal correctionnel de <a href=\"https:\/\/www.laprovence.com\/bouches-du-rhone\/marseille-13055\" target=\"_blank\" rel=\"noopener\">Marseille<\/a>, ce p\u00e8re de famille de 35\u00a0ans jug\u00e9 pour <a href=\"https:\/\/www.laprovence.com\/article\/faits-divers-justice\/1198192281604114\/un-homme-de-36-ans-condamne-pour-avoir-agresse-sexuellement-une-jeune-femme-en-plein-festival-off-d-avignon\" target=\"_blank\" rel=\"noopener\">agression sexuelle<\/a> avait en effet expliqu\u00e9 s\u2019\u00eatre \u00ab\u00a0fait un film\u00a0\u00bb en pensant que Mia*, la jeune femme qu\u2019il raccompagnait \u00e0 son h\u00f4tel, \u00e9tait sensible \u00e0 son charme\u2026 au point de lui toucher les fesses et de se fendre d\u2019une s\u00e9rie de commentaires inappropri\u00e9s. La sc\u00e8ne s\u2019\u00e9tait d\u00e9roul\u00e9e le 23\u00a0ao\u00fbt, tous deux sortaient du <a href=\"https:\/\/www.laprovence.com\/article\/region\/18338855236196\/temple-du-football-lieu-incontournable-cyclisme-la-folle-histoire-du-stade-velodrome\" target=\"_blank\" rel=\"noopener\">stade V\u00e9lodrome<\/a> o\u00f9 ils avaient assist\u00e9 \u00e0 <a href=\"https:\/\/www.laprovence.com\/article\/om\/3260032258606914\/om-paris-fc-5-2-apres-une-semaine-daffaire-rabiot-les-olympiens-ont-enfin-retrouve-leurs-esprits\" target=\"_blank\" rel=\"noopener\">la rencontre entre l\u2019Olympique de Marseille et le Paris FC<\/a>. Mohamed Z. avait abord\u00e9 Mia pour lui demander la route vers son h\u00f4tel, ils avaient r\u00e9alis\u00e9 qu\u2019ils s\u00e9journaient dans le m\u00eame \u00e9tablissement et d\u00e9cid\u00e9 de faire&#8230;<\/p>\n","protected":false},"excerpt":{"rendered":"Mordante, la procureure Marie-Aude Fichet a impos\u00e9 une s\u00e9v\u00e8re admonestation \u00e0 Mohamed Z. ce jeudi 28\u00a0ao\u00fbt. Au moment&hellip;\n","protected":false},"author":2,"featured_media":356845,"comment_status":"","ping_status":"","sticky":false,"template":"","format":"standard","meta":{"footnotes":""},"categories":[2814],"tags":[17,1111,11,8058,1777,674,274,1011,27,884,12,882,25,35832,3686,1015,49251,96],"class_list":{"0":"post-356844","1":"post","2":"type-post","3":"status-publish","4":"format-standard","5":"has-post-thumbnail","7":"category-marseille","8":"tag-17","9":"tag-actu","10":"tag-actualites","11":"tag-agresse","12":"tag-eu","13":"tag-europe","14":"tag-faits-divers-justice","15":"tag-fr","16":"tag-france","17":"tag-marseille","18":"tag-news","19":"tag-provence-alpes-cote-dazur","20":"tag-republique-francaise","21":"tag-sexuellement","22":"tag-sortie","23":"tag-supporter","24":"tag-supportrice","25":"tag-une"},"share_on_mastodon":{"url":"https:\/\/pubeurope.com\/@fr\/115124801607472562","error":""},"_links":{"self":[{"href":"https:\/\/www.europesays.com\/fr\/wp-json\/wp\/v2\/posts\/356844","targetHints":{"allow":["GET"]}}],"collection":[{"href":"https:\/\/www.europesays.com\/fr\/wp-json\/wp\/v2\/posts"}],"about":[{"href":"https:\/\/www.europesays.com\/fr\/wp-json\/wp\/v2\/types\/post"}],"author":[{"embeddable":true,"href":"https:\/\/www.europesays.com\/fr\/wp-json\/wp\/v2\/users\/2"}],"replies":[{"embeddable":true,"href":"https:\/\/www.europesays.com\/fr\/wp-json\/wp\/v2\/comments?post=356844"}],"version-history":[{"count":0,"href":"https:\/\/www.europesays.com\/fr\/wp-json\/wp\/v2\/posts\/356844\/revisions"}],"wp:featuredmedia":[{"embeddable":true,"href":"https:\/\/www.europesays.com\/fr\/wp-json\/wp\/v2\/media\/356845"}],"wp:attachment":[{"href":"https:\/\/www.europesays.com\/fr\/wp-json\/wp\/v2\/media?parent=356844"}],"wp:term":[{"taxonomy":"category","embeddable":true,"href":"https:\/\/www.europesays.com\/fr\/wp-json\/wp\/v2\/categories?post=356844"},{"taxonomy":"post_tag","embeddable":true,"href":"https:\/\/www.europesays.com\/fr\/wp-json\/wp\/v2\/tags?post=356844"}],"curies":[{"name":"wp","href":"https:\/\/api.w.org\/{rel}","templated":true}]}}