{"id":356846,"date":"2025-08-31T18:30:33","date_gmt":"2025-08-31T18:30:33","guid":{"rendered":"https:\/\/www.europesays.com\/fr\/356846\/"},"modified":"2025-08-31T18:30:33","modified_gmt":"2025-08-31T18:30:33","slug":"la-mairie-denonce-une-nouvelle-occupation-sauvage-dun-terrain-prive","status":"publish","type":"post","link":"https:\/\/www.europesays.com\/fr\/356846\/","title":{"rendered":"la mairie d\u00e9nonce une nouvelle occupation \u00ab\u00a0sauvage\u00a0\u00bb d\u2019un terrain priv\u00e9"},"content":{"rendered":"<p itemprop=\"description\"><strong>La mairie de Saint-Genis-Laval fait face \u00e0 une nouvelle installation non autoris\u00e9e de gens du voyage.<\/strong><\/p>\n<p>Ce dimanche 31 ao\u00fbt, la mairie indique que \u00ab\u00a0depuis le samedi 30 ao\u00fbt 2025, environ 5 caravanes se sont install\u00e9es sur une parcelle priv\u00e9e situ\u00e9e au 62 route du Mill\u00e9naire.\u00a0\u00bb<\/p>\n<p>La commune pr\u00e9cise que cette intrusion est intervenue \u00ab\u00a0malgr\u00e9 un dispositif de s\u00e9curit\u00e9 mis en place, des pierres devant l&rsquo;entr\u00e9e et la soudure des portails.\u00a0\u00bb Elle alerte sur \u00ab\u00a0les nuisances et les risques pouvant \u00eatre engendr\u00e9s \u00e0 la tranquillit\u00e9, la salubrit\u00e9 et la s\u00e9curit\u00e9 du voisinage\u00a0\u00bb par une installation qualifi\u00e9e de \u00ab\u00a0sauvage.\u00a0\u00bb<\/p>\n<p>Selon la mairie, \u00ab\u00a0le terrain occup\u00e9 ne dispose d\u2019aucune infrastructure d\u2019accueil (ni sanitaire, ni eau potable, ni \u00e9vacuation des eaux us\u00e9es, ni \u00e9lectricit\u00e9). Le site n\u2019est absolument pas con\u00e7u pour accueillir des familles et des groupes d\u2019individus.\u00a0\u00bb Une proc\u00e9dure administrative d\u2019\u00e9vacuation a \u00e9t\u00e9 engag\u00e9e, les autorit\u00e9s comp\u00e9tentes ayant \u00e9t\u00e9 saisies.<\/p>\n<p>La Ville demande une r\u00e9action rapide des pouvoirs publics : \u00ab\u00a0Seule l\u2019intervention conjointe de l\u2019\u00c9tat et de la M\u00e9tropole de Lyon permettrait maintenant de faire respecter le droit. La Ville de Saint-Genis-Laval demande aux pouvoirs publics d\u2019agir avec fermet\u00e9 et c\u00e9l\u00e9rit\u00e9, pour faire cesser cette occupation illicite et emp\u00eacher qu\u2019elle ne se reproduise.\u00a0\u00bb<\/p>\n<p>Cette nouvelle occupation survient trois mois apr\u00e8s l\u2019installation de 85 caravanes sur le champ du CEPAJ, le 1er juin dernier, d\u00e9j\u00e0 sans autorisation.<\/p>\n","protected":false},"excerpt":{"rendered":"La mairie de Saint-Genis-Laval fait face \u00e0 une nouvelle installation non autoris\u00e9e de gens du voyage. Ce dimanche&hellip;\n","protected":false},"author":2,"featured_media":356847,"comment_status":"","ping_status":"","sticky":false,"template":"","format":"standard","meta":{"footnotes":""},"categories":[1889],"tags":[1111,11,2813,2190,2430,1109,251,1112,2811,1777,674,118,1011,27,1922,1110,1114,2428,2810,12,241,316,25,2812,517,800],"class_list":{"0":"post-356846","1":"post","2":"type-post","3":"status-publish","4":"format-standard","5":"has-post-thumbnail","7":"category-lyon","8":"tag-actu","9":"tag-actualites","10":"tag-article","11":"tag-asvel","12":"tag-auvergne-rhone-alpes","13":"tag-breves","14":"tag-culture","15":"tag-depeches","16":"tag-economique","17":"tag-eu","18":"tag-europe","19":"tag-faits-divers","20":"tag-fr","21":"tag-france","22":"tag-info","23":"tag-informations","24":"tag-infos","25":"tag-lyon","26":"tag-lyonmag","27":"tag-news","28":"tag-ol","29":"tag-politique","30":"tag-republique-francaise","31":"tag-sociale","32":"tag-sport","33":"tag-transports"},"share_on_mastodon":{"url":"https:\/\/pubeurope.com\/@fr\/115124805583620299","error":""},"_links":{"self":[{"href":"https:\/\/www.europesays.com\/fr\/wp-json\/wp\/v2\/posts\/356846","targetHints":{"allow":["GET"]}}],"collection":[{"href":"https:\/\/www.europesays.com\/fr\/wp-json\/wp\/v2\/posts"}],"about":[{"href":"https:\/\/www.europesays.com\/fr\/wp-json\/wp\/v2\/types\/post"}],"author":[{"embeddable":true,"href":"https:\/\/www.europesays.com\/fr\/wp-json\/wp\/v2\/users\/2"}],"replies":[{"embeddable":true,"href":"https:\/\/www.europesays.com\/fr\/wp-json\/wp\/v2\/comments?post=356846"}],"version-history":[{"count":0,"href":"https:\/\/www.europesays.com\/fr\/wp-json\/wp\/v2\/posts\/356846\/revisions"}],"wp:featuredmedia":[{"embeddable":true,"href":"https:\/\/www.europesays.com\/fr\/wp-json\/wp\/v2\/media\/356847"}],"wp:attachment":[{"href":"https:\/\/www.europesays.com\/fr\/wp-json\/wp\/v2\/media?parent=356846"}],"wp:term":[{"taxonomy":"category","embeddable":true,"href":"https:\/\/www.europesays.com\/fr\/wp-json\/wp\/v2\/categories?post=356846"},{"taxonomy":"post_tag","embeddable":true,"href":"https:\/\/www.europesays.com\/fr\/wp-json\/wp\/v2\/tags?post=356846"}],"curies":[{"name":"wp","href":"https:\/\/api.w.org\/{rel}","templated":true}]}}