{"id":356848,"date":"2025-08-31T18:31:14","date_gmt":"2025-08-31T18:31:14","guid":{"rendered":"https:\/\/www.europesays.com\/fr\/356848\/"},"modified":"2025-08-31T18:31:14","modified_gmt":"2025-08-31T18:31:14","slug":"direct-ligue-1-lom-se-deplace-a-lyon-match-a-suivre-en-integralite-sur-ici-provence","status":"publish","type":"post","link":"https:\/\/www.europesays.com\/fr\/356848\/","title":{"rendered":"DIRECT &#8211; Ligue 1 : L&rsquo;OM se d\u00e9place \u00e0 Lyon, match \u00e0 suivre en int\u00e9gralit\u00e9 sur ICI Provence"},"content":{"rendered":"<p> <img decoding=\"async\" src=\"https:\/\/www.europesays.com\/fr\/wp-content\/uploads\/2025\/08\/1756665074_211_1200x680\" alt=\"illustration agrandir l'image\" style=\"--_image-preview:url('data:image\/jpeg;base64,\/9j\/2wBDACgcHiMeGSgjISMtKygwPGRBPDc3PHtYXUlkkYCZlo+AjIqgtObDoKrarYqMyP\/L2u71\/\/\/\/m8H\/\/\/\/6\/+b9\/\/j\/2wBDASstLTw1PHZBQXb4pYyl+Pj4+Pj4+Pj4+Pj4+Pj4+Pj4+Pj4+Pj4+Pj4+Pj4+Pj4+Pj4+Pj4+Pj4+Pj4+Pj4+Pj\/wAARCAAXACoDASIAAhEBAxEB\/8QAGAABAQEBAQAAAAAAAAAAAAAAAgADAQX\/xAAXEAEBAQEAAAAAAAAAAAAAAAAAAREC\/8QAFgEBAQEAAAAAAAAAAAAAAAAAAQAC\/8QAFREBAQAAAAAAAAAAAAAAAAAAAAH\/2gAMAwEAAhEDEQA\/APOhyDDgKwbGmDYkx6gtOoGENIcqTMJxypFM+oGJEP\/Z');\" loading=\"eager\" fetchpriority=\"high\" aria-hidden=\"true\" class=\"svelte-1pnmlwx rounded\" onload=\"this.__e=event\" onerror=\"this.__e=event\"\/> L&rsquo;Olympico, toujours un atch \u00e0 enjeux pour De Zerbi, Aubameyang et les Marseillais \u00a9 AFP &#8211; Matthieu Mirville \/ DPPI     <\/p>\n<p class=\"g-ici-body-regular-3 info svelte-1c4u67c\">Publi\u00e9 le dimanche 31 ao\u00fbt 2025 \u00e0 20:27 <\/p>\n<ul class=\"SocialNetworks svelte-bt5901\">\n<li class=\"svelte-bt5901\"><\/li>\n<li class=\"svelte-bt5901\"><\/li>\n<li class=\"svelte-bt5901\"><\/li>\n<li class=\"svelte-bt5901\"><\/li>\n<li class=\"svelte-bt5901\"><\/li>\n<\/ul>\n<p class=\"standfirst g-ici-body-bold-1 svelte-983d72\">Entre un mercato qui s&rsquo;ach\u00e8ve ce lundi et trois jours apr\u00e8s le tirage au sort de la Ligue des Champions, l&rsquo;OM doit aussi assurer pour l&rsquo;Olympico ce dimanche soir, \u00e0 Lyon, pour le compte de la 3e journ\u00e9e de Ligue 1. Coup d&rsquo;envoi \u00e0 20h45. Match \u00e0 suivre en direct et en int\u00e9gralit\u00e9 sur ICI Provence. <\/p>\n<p>C&rsquo;est une semaine d\u00e9cidemment tr\u00e8s charg\u00e9e pour l&rsquo;OM. Entre le tirage au sort de la Ligue des Champions jeudi dernier (mettre le lien) et le mercato qui s&rsquo;ach\u00e8ve ce lundi, les Marseillais se d\u00e9placement \u00e0 Lyon ce dimanche soir (20h45). Un Olympico qui survient d\u00e8s la 3e journ\u00e9e de Ligue 1.<\/p>\n<p>Match \u00e0 suivre en direct sur ICI Provence <\/p>\n<p>loading<\/p>\n<p>Suivez la rencontre action par action <\/p>\n<p>loading<\/p>\n<p>Le classement de la Ligue 1 en temps r\u00e9el <\/p>\n<p>loading<\/p>\n<ul class=\"SocialNetworks svelte-bt5901\">\n<li class=\"svelte-bt5901\"><\/li>\n<li class=\"svelte-bt5901\"><\/li>\n<li class=\"svelte-bt5901\"><\/li>\n<li class=\"svelte-bt5901\"><\/li>\n<li class=\"svelte-bt5901\"><\/li>\n<\/ul>\n","protected":false},"excerpt":{"rendered":"L&rsquo;Olympico, toujours un atch \u00e0 enjeux pour De Zerbi, Aubameyang et les Marseillais \u00a9 AFP &#8211; Matthieu Mirville&hellip;\n","protected":false},"author":2,"featured_media":356849,"comment_status":"","ping_status":"","sticky":false,"template":"","format":"standard","meta":{"footnotes":""},"categories":[1889],"tags":[1111,11,2430,1777,674,1011,27,2428,12,25],"class_list":{"0":"post-356848","1":"post","2":"type-post","3":"status-publish","4":"format-standard","5":"has-post-thumbnail","7":"category-lyon","8":"tag-actu","9":"tag-actualites","10":"tag-auvergne-rhone-alpes","11":"tag-eu","12":"tag-europe","13":"tag-fr","14":"tag-france","15":"tag-lyon","16":"tag-news","17":"tag-republique-francaise"},"share_on_mastodon":{"url":"https:\/\/pubeurope.com\/@fr\/115124809784349298","error":""},"_links":{"self":[{"href":"https:\/\/www.europesays.com\/fr\/wp-json\/wp\/v2\/posts\/356848","targetHints":{"allow":["GET"]}}],"collection":[{"href":"https:\/\/www.europesays.com\/fr\/wp-json\/wp\/v2\/posts"}],"about":[{"href":"https:\/\/www.europesays.com\/fr\/wp-json\/wp\/v2\/types\/post"}],"author":[{"embeddable":true,"href":"https:\/\/www.europesays.com\/fr\/wp-json\/wp\/v2\/users\/2"}],"replies":[{"embeddable":true,"href":"https:\/\/www.europesays.com\/fr\/wp-json\/wp\/v2\/comments?post=356848"}],"version-history":[{"count":0,"href":"https:\/\/www.europesays.com\/fr\/wp-json\/wp\/v2\/posts\/356848\/revisions"}],"wp:featuredmedia":[{"embeddable":true,"href":"https:\/\/www.europesays.com\/fr\/wp-json\/wp\/v2\/media\/356849"}],"wp:attachment":[{"href":"https:\/\/www.europesays.com\/fr\/wp-json\/wp\/v2\/media?parent=356848"}],"wp:term":[{"taxonomy":"category","embeddable":true,"href":"https:\/\/www.europesays.com\/fr\/wp-json\/wp\/v2\/categories?post=356848"},{"taxonomy":"post_tag","embeddable":true,"href":"https:\/\/www.europesays.com\/fr\/wp-json\/wp\/v2\/tags?post=356848"}],"curies":[{"name":"wp","href":"https:\/\/api.w.org\/{rel}","templated":true}]}}