{"id":356852,"date":"2025-08-31T18:33:10","date_gmt":"2025-08-31T18:33:10","guid":{"rendered":"https:\/\/www.europesays.com\/fr\/356852\/"},"modified":"2025-08-31T18:33:10","modified_gmt":"2025-08-31T18:33:10","slug":"le-ministere-de-leducation-nationale-est-une-machine-extremement-rigide","status":"publish","type":"post","link":"https:\/\/www.europesays.com\/fr\/356852\/","title":{"rendered":"\u00abLe minist\u00e8re de l\u2019\u00c9ducation nationale est une machine extr\u00eamement rigide\u00bb"},"content":{"rendered":"<p><strong>ENTRETIEN <\/strong>&#8211; Op\u00e9ration \u00abz\u00e9ro portable en cours\u00bb dans les lyc\u00e9es, lutte contre les rixes, manuels num\u00e9riques libres de droits\u2026 La pr\u00e9sidente LR de la r\u00e9gion \u00cele-de-France fait une rentr\u00e9e engag\u00e9e sur le terrain \u00e9ducatif.<\/p>\n<p class=\"fig-paragraph\"><strong>LE FIGARO.- En cette rentr\u00e9e, vous g\u00e9n\u00e9ralisez dans les lyc\u00e9es d\u2019\u00cele-de-France le dispositif \u00ab\u00a0z\u00e9ro portable en cours\u00a0\u00bb, que vous avez lanc\u00e9 en 2024. Pourquoi, alors que l\u2019interdiction inscrite dans la loi de 2018 concerne seulement les coll\u00e8ges\u00a0?<\/strong><\/p>\n<p class=\"fig-paragraph\"><strong>Val\u00e9rie P\u00c9CRESSE. &#8211; <\/strong>C\u2019est \u00e0 la demande de la communaut\u00e9 \u00e9ducative, qui s\u2019inqui\u00e9tait du manque de concentration des \u00e9l\u00e8ves et du fait que le portable est devenu un instrument extr\u00eamement perturbateur pendant les cours, que nous avons lanc\u00e9 cette exp\u00e9rimentation, avec une centaine de lyc\u00e9es volontaires. Les portables sont cens\u00e9s \u00eatre dans les sacs, mais en r\u00e9alit\u00e9 les \u00e9l\u00e8ves les consultent, sont distraits par les notifications et les utilisent \u00e9ventuellement pour filmer ou enregistrer \u00e0 l\u2019insu de leurs professeurs.<\/p>\n<p class=\"fig-paragraph\">Cette ann\u00e9e, la r\u00e9gion proposera \u00e0 chaque lyc\u00e9e qui le souhaite 5000\u00a0euros pour s\u2019\u00e9quiper de casiers ou de bo\u00eetes. Je ne peux pas imposer la g\u00e9n\u00e9ralisation aux proviseurs, mais je vais la proposer. Je sais que certains lyc\u00e9es\u2026<\/p>\n<p class=\"fig-premium-paywall__infos\">\n        Cet article est r\u00e9serv\u00e9 aux abonn\u00e9s.        Il vous reste 74% \u00e0 d\u00e9couvrir.\n    <\/p>\n<p>                <img  data- alt=\"Le Figaro\" class=\"fig-img--complete fig-img\"\/><\/p>\n<p class=\"fig-premium-paywall__title\">Vente Flash<\/p>\n<p class=\"fig-premium-paywall__subtitle\">4,99\u20ac par mois pendant 12 mois. Sans engagement<\/p>\n<p class=\"fig-premium-paywall__connect\">\n                D\u00e9j\u00e0 abonn\u00e9\u00a0?                <a class=\"fig-premium-paywall__connect-link\" href=\"https:\/\/connect.lefigaro.fr\/login?client=horizon_web&amp;type=main&amp;redirect_uri=https%3A%2F%2Fwww.lefigaro.fr%2Factualite-france%2Fvalerie-pecresse-au-figaro-le-ministere-de-l-education-nationale-est-une-machine-extremement-rigide-20250831\" data-js-gtm=\"{&quot;customCategorie&quot;: &quot;conversion&quot;, &quot;customAction&quot;: &quot;before_Landing_Connexion_paywall_auto&quot;, &quot;customLabel&quot;: &quot;bGVmaWdhcm8uZnJfXzFmMDg2NDM0LTFhODAtNjhmYy04OTU0LTAzZmMwZWEyNThkNF9fQXJ0aWNsZQ==_Val\u00e9rie P\u00e9cresse au &lt;i&gt;Figaro&lt;\/i&gt;\u00a0: \u00abLe minist\u00e8re de l\u2019\u00c9ducation nationale est une machine extr\u00eamement rigide\u00bb_225&quot;, &quot;customIDSPE&quot;: &quot;bGVmaWdhcm8uZnJfXzFmMDg2NDM0LTFhODAtNjhmYy04OTU0LTAzZmMwZWEyNThkNF9fQXJ0aWNsZQ==&quot;, &quot;event&quot;: &quot;customEventSPE&quot;}\" target=\"_blank\" rel=\"noopener\"><br \/>\n                    Connectez-vous<br \/>\n                <\/a>\n            <\/p>\n","protected":false},"excerpt":{"rendered":"ENTRETIEN &#8211; Op\u00e9ration \u00abz\u00e9ro portable en cours\u00bb dans les lyc\u00e9es, lutte contre les rixes, manuels num\u00e9riques libres de&hellip;\n","protected":false},"author":2,"featured_media":356853,"comment_status":"","ping_status":"","sticky":false,"template":"","format":"standard","meta":{"footnotes":""},"categories":[1592],"tags":[1111,11,1777,674,1011,27,662,12,626,10918,25,724,2328],"class_list":{"0":"post-356852","1":"post","2":"type-post","3":"status-publish","4":"format-standard","5":"has-post-thumbnail","7":"category-ile-de-france","8":"tag-actu","9":"tag-actualites","10":"tag-eu","11":"tag-europe","12":"tag-fr","13":"tag-france","14":"tag-ile-de-france","15":"tag-news","16":"tag-paris","17":"tag-rentree-scolaire","18":"tag-republique-francaise","19":"tag-smartphone","20":"tag-valerie-pecresse"},"share_on_mastodon":{"url":"https:\/\/pubeurope.com\/@fr\/115124817481137301","error":""},"_links":{"self":[{"href":"https:\/\/www.europesays.com\/fr\/wp-json\/wp\/v2\/posts\/356852","targetHints":{"allow":["GET"]}}],"collection":[{"href":"https:\/\/www.europesays.com\/fr\/wp-json\/wp\/v2\/posts"}],"about":[{"href":"https:\/\/www.europesays.com\/fr\/wp-json\/wp\/v2\/types\/post"}],"author":[{"embeddable":true,"href":"https:\/\/www.europesays.com\/fr\/wp-json\/wp\/v2\/users\/2"}],"replies":[{"embeddable":true,"href":"https:\/\/www.europesays.com\/fr\/wp-json\/wp\/v2\/comments?post=356852"}],"version-history":[{"count":0,"href":"https:\/\/www.europesays.com\/fr\/wp-json\/wp\/v2\/posts\/356852\/revisions"}],"wp:featuredmedia":[{"embeddable":true,"href":"https:\/\/www.europesays.com\/fr\/wp-json\/wp\/v2\/media\/356853"}],"wp:attachment":[{"href":"https:\/\/www.europesays.com\/fr\/wp-json\/wp\/v2\/media?parent=356852"}],"wp:term":[{"taxonomy":"category","embeddable":true,"href":"https:\/\/www.europesays.com\/fr\/wp-json\/wp\/v2\/categories?post=356852"},{"taxonomy":"post_tag","embeddable":true,"href":"https:\/\/www.europesays.com\/fr\/wp-json\/wp\/v2\/tags?post=356852"}],"curies":[{"name":"wp","href":"https:\/\/api.w.org\/{rel}","templated":true}]}}