{"id":356854,"date":"2025-08-31T18:34:34","date_gmt":"2025-08-31T18:34:34","guid":{"rendered":"https:\/\/www.europesays.com\/fr\/356854\/"},"modified":"2025-08-31T18:34:34","modified_gmt":"2025-08-31T18:34:34","slug":"pas-la-pour-faire-de-la-figuration-paul-larrouturou-et-agathe-lambret-au-coeur-de-la-melee-sur-franceinfo","status":"publish","type":"post","link":"https:\/\/www.europesays.com\/fr\/356854\/","title":{"rendered":"\u00ab\u00a0Pas l\u00e0 pour faire de la figuration\u00a0\u00bb\u00a0: Paul Larrouturou et Agathe Lambret au c\u0153ur de la m\u00eal\u00e9e sur franceinfo"},"content":{"rendered":"<p class=\"paragraph text_align_left lp-f-body-02\">\u00ab On a toujours \u00e9t\u00e9 dans un milieu tr\u00e8s concurrentiel \u00bb, conc\u00e8de <a href=\"https:\/\/authentication.leparisien.fr\/connexion\/?redirect_url=https:\/\/www.leparisien.fr\/culture-loisirs\/tv\/paul-larrouturou-de-tf1-nous-rejoint-la-patronne-de-franceinfo-presente-sa-rentree-en-avant-premiere-18-06-2025-NVNUCLBUOJA4LO7AQNOOOGLMRU.php\" target=\"_self\" rel=\"nofollow noopener\">Paul Larrouturou<\/a>, rompu aux interviews sur le terrain, dans des conditions souvent difficiles, en r\u00e9f\u00e9rence \u00e0 la pr\u00e9sence de <a href=\"https:\/\/www.leparisien.fr\/culture-loisirs\/tv\/direct-matinales-radio-duhamel-bollaert-fogiel-suivez-les-nouveautes-de-la-rentree-25-08-2025-CICEBEIN7REHXEWCWDGTVLH3VQ.php\" target=\"_self\" rel=\"nofollow noopener\">Benjamin Duhamel sur France Inter et de Marc-Olivier Fogiel sur RTL<\/a>. Le journaliste qui a quitt\u00e9 \u00ab Bonjour ! \u00bb, la matinale de TF 1, pour succ\u00e9der \u00e0 Salhia Brakhlia, en est conscient : \u00ab Il va falloir se battre pour avoir les meilleurs invit\u00e9s. On n\u2019est pas l\u00e0 pour faire de la figuration. C\u2019est la premi\u00e8re fois qu\u2019on me confie une interview aussi importante, aussi longue, en bin\u00f4me. C\u2019est une nouvelle vie pour moi. Le niveau de jeu est haut. \u00bb<\/p>\n","protected":false},"excerpt":{"rendered":"\u00ab On a toujours \u00e9t\u00e9 dans un milieu tr\u00e8s concurrentiel \u00bb, conc\u00e8de Paul Larrouturou, rompu aux interviews sur&hellip;\n","protected":false},"author":2,"featured_media":356855,"comment_status":"","ping_status":"","sticky":false,"template":"","format":"standard","meta":{"footnotes":""},"categories":[1888],"tags":[1111,1928,11,1927,872,1777,674,1011,27,12,1926,626,1925,25,2205],"class_list":{"0":"post-356854","1":"post","2":"type-post","3":"status-publish","4":"format-standard","5":"has-post-thumbnail","7":"category-paris","8":"tag-actu","9":"tag-actu-paris","10":"tag-actualites","11":"tag-actualites-paris","12":"tag-culture-et-loisirs","13":"tag-eu","14":"tag-europe","15":"tag-fr","16":"tag-france","17":"tag-news","18":"tag-news-paris","19":"tag-paris","20":"tag-paris-news","21":"tag-republique-francaise","22":"tag-television-medias"},"share_on_mastodon":{"url":"https:\/\/pubeurope.com\/@fr\/115124821414875352","error":""},"_links":{"self":[{"href":"https:\/\/www.europesays.com\/fr\/wp-json\/wp\/v2\/posts\/356854","targetHints":{"allow":["GET"]}}],"collection":[{"href":"https:\/\/www.europesays.com\/fr\/wp-json\/wp\/v2\/posts"}],"about":[{"href":"https:\/\/www.europesays.com\/fr\/wp-json\/wp\/v2\/types\/post"}],"author":[{"embeddable":true,"href":"https:\/\/www.europesays.com\/fr\/wp-json\/wp\/v2\/users\/2"}],"replies":[{"embeddable":true,"href":"https:\/\/www.europesays.com\/fr\/wp-json\/wp\/v2\/comments?post=356854"}],"version-history":[{"count":0,"href":"https:\/\/www.europesays.com\/fr\/wp-json\/wp\/v2\/posts\/356854\/revisions"}],"wp:featuredmedia":[{"embeddable":true,"href":"https:\/\/www.europesays.com\/fr\/wp-json\/wp\/v2\/media\/356855"}],"wp:attachment":[{"href":"https:\/\/www.europesays.com\/fr\/wp-json\/wp\/v2\/media?parent=356854"}],"wp:term":[{"taxonomy":"category","embeddable":true,"href":"https:\/\/www.europesays.com\/fr\/wp-json\/wp\/v2\/categories?post=356854"},{"taxonomy":"post_tag","embeddable":true,"href":"https:\/\/www.europesays.com\/fr\/wp-json\/wp\/v2\/tags?post=356854"}],"curies":[{"name":"wp","href":"https:\/\/api.w.org\/{rel}","templated":true}]}}