{"id":356856,"date":"2025-08-31T18:35:21","date_gmt":"2025-08-31T18:35:21","guid":{"rendered":"https:\/\/www.europesays.com\/fr\/356856\/"},"modified":"2025-08-31T18:35:21","modified_gmt":"2025-08-31T18:35:21","slug":"mercato-un-international-francais-debarque-a-paris","status":"publish","type":"post","link":"https:\/\/www.europesays.com\/fr\/356856\/","title":{"rendered":"Mercato, un international fran\u00e7ais d\u00e9barque \u00e0 Paris"},"content":{"rendered":"<p class=\"mb-4 text-lg md:leading-8 break-words\">La capitale fran\u00e7aise vit des derni\u00e8res heures de mercato particuli\u00e8rement anim\u00e9es. Alors que certains clubs tentent encore de trouver un \u00e9quilibre pour \u00e9viter une saison compliqu\u00e9e, d\u2019autres cherchent \u00e0 se renforcer avec des recrues d\u2019exp\u00e9rience. C\u2019est le cas du Paris FC qui a d\u00e9cid\u00e9 de passer \u00e0 l\u2019action pour consolider son secteur offensif. \u00c0 la recherche d\u2019un profil percutant et d\u00e9j\u00e0 aguerri aux exigences de la Ligue 1, le club de St\u00e9phane Gilli semble avoir trouv\u00e9 la pi\u00e8ce manquante de son effectif avec un Bleu.<\/p>\n<p>Le Paris FC veut frapper un grand coup<img alt=\"Le Paris FC veut frapper un grand coup\" loading=\"lazy\" width=\"960\" height=\"540\" decoding=\"async\" data-nimg=\"1\" class=\"rounded-lg\" style=\"color:transparent\" src=\"https:\/\/www.europesays.com\/fr\/wp-content\/uploads\/2025\/08\/113108dc9d48b35e189886e0d57abb8d.jpeg\"\/><\/p>\n<p>Le Paris FC veut frapper un grand coup<\/p>\n<p class=\"mb-4 text-lg md:leading-8 break-words\">Avec une Ligue 1 plus exigeante que jamais, le Paris FC s\u2019est rapidement mis en qu\u00eate d\u2019un ailier capable de dynamiser son attaque. P<a href=\"https:\/\/fr.news.yahoo.com\/sport\/mercato-paris-fonce-nouveau-crack-161735733.html\" data-ylk=\"slk:lusieurs pistes avaient \u00e9t\u00e9 \u00e9voqu\u00e9e;elm:context_link;itc:0;sec:content-canvas;outcm:mb_qualified_link;_E:mb_qualified_link;ct:story;\" class=\"link  yahoo-link\" target=\"_blank\" rel=\"noopener\">lusieurs pistes avaient \u00e9t\u00e9 \u00e9voqu\u00e9e<\/a>s, notamment celle du Portugais Jota Silva, un joueur appr\u00e9ci\u00e9 par la direction. Mais la cellule de recrutement parisienne avait besoin d\u2019un profil plus exp\u00e9riment\u00e9 et, surtout, habitu\u00e9 aux joutes du championnat fran\u00e7ais.<\/p>\n<p class=\"mb-4 text-lg md:leading-8 break-words\">St\u00e9phane Gilli, conscient de la fragilit\u00e9 de son secteur offensif, a insist\u00e9 pour obtenir un renfort de qualit\u00e9. <a href=\"https:\/\/fr.news.yahoo.com\/sport\/ligue-1-grandes-ambitions-paris-173638614.html\" data-ylk=\"slk:Objectif : \u00e9viter un sc\u00e9nario o\u00f9 le club jouerait une le maintien;elm:context_link;itc:0;sec:content-canvas;outcm:mb_qualified_link;_E:mb_qualified_link;ct:story;\" class=\"link  yahoo-link\" target=\"_blank\" rel=\"noopener\">Objectif : \u00e9viter un sc\u00e9nario o\u00f9 le club jouerait une le maintien<\/a>. Ces derni\u00e8res heures, le dossier a pris une tournure d\u00e9cisive et le Paris FC s\u2019appr\u00eate \u00e0 accueillir un joueur de renom.<\/p>\n<p>Jonathan Ikon\u00e9, la surprise du PFC<img alt=\"Jonathan Ikon\u00e9, la surprise du PFC \" loading=\"lazy\" width=\"960\" height=\"540\" decoding=\"async\" data-nimg=\"1\" class=\"rounded-lg\" style=\"color:transparent\" src=\"https:\/\/www.europesays.com\/fr\/wp-content\/uploads\/2025\/08\/f35145064ef8955e4d5c2ad1092a9430.jpeg\"\/><\/p>\n<p>Jonathan Ikon\u00e9, la surprise du PFC<\/p>\n<p class=\"mb-4 text-lg md:leading-8 break-words\"><a href=\"https:\/\/www.footmercato.net\/a3039149081957050466-le-paris-fc-va-soffrir-jonathan-ikone\" rel=\"nofollow noopener\" target=\"_blank\" data-ylk=\"slk:Selon les informations de Sky Italia, le Paris FC a conclu un accord pour recruter Jonathan Ikon\u00e9;elm:context_link;itc:0;sec:content-canvas\" class=\"link \">Selon les informations de Sky Italia, le Paris FC a conclu un accord pour recruter Jonathan Ikon\u00e9<\/a>. L\u2019attaquant de 27 ans, form\u00e9 au PSG et r\u00e9v\u00e9l\u00e9 au LOSC, va effectuer son retour en France apr\u00e8s plusieurs saisons pass\u00e9es \u00e0 l\u2019\u00e9tranger. L\u2019international fran\u00e7ais, comptant quatre s\u00e9lections et un but avec les Bleus, est attendu \u00e0 Paris pour passer sa visite m\u00e9dicale avant de signer officiellement son contrat.<\/p>\n<p class=\"mb-4 text-lg md:leading-8 break-words\">Jonathan Ikon\u00e9, qui appartenait \u00e0 la Fiorentina, sort d\u2019un pr\u00eat \u00e0 C\u00f4me o\u00f9 il a inscrit 2 buts en 13 rencontres. Avec la Viola, il avait disput\u00e9 138 matchs pour 16 r\u00e9alisations. D\u00e9sireux de tourner la page de la Serie A, il voit dans ce retour en Ligue 1 une belle opportunit\u00e9 de relancer sa carri\u00e8re.<\/p>\n<p>Jonathan Ikon\u00e9, un deal ing\u00e9nieux pour le PFC<img alt=\"Jonathan Ikon\u00e9, un deal ing\u00e9nieux pour le PFC \" loading=\"lazy\" width=\"960\" height=\"540\" decoding=\"async\" data-nimg=\"1\" class=\"rounded-lg\" style=\"color:transparent\" src=\"https:\/\/www.europesays.com\/fr\/wp-content\/uploads\/2025\/08\/45343d1c845008d11e4fa85a76088c2b.jpeg\"\/><\/p>\n<p>Jonathan Ikon\u00e9, un deal ing\u00e9nieux pour le PFC<\/p>\n<p class=\"mb-4 text-lg md:leading-8 break-words\">D\u2019apr\u00e8s la presse italienne, le montant du transfert avoisinerait les 3 millions d\u2019euros, une somme raisonnable pour un joueur encore sous contrat un an avec la Fiorentina. Pour le Paris FC, ce deal repr\u00e9sente une belle op\u00e9ration, \u00e0 la fois financi\u00e8re et sportive. L\u2019arriv\u00e9e de Jonathan Ikon\u00e9 s\u2019inscrit dans une strat\u00e9gie claire : renforcer l\u2019effectif avec des joueurs exp\u00e9riment\u00e9s et capables d\u2019encadrer un groupe encore en construction.<\/p>\n<p class=\"mb-4 text-lg md:leading-8 break-words\">D\u00e9j\u00e0, le club avait mis\u00e9 sur deux recrues de poids avec <a href=\"https:\/\/www.lequipe.fr\/Football\/Actualites\/Mercato-hamari-traore-en-route-vers-le-paris-fc\/1588516\" rel=\"nofollow noopener\" target=\"_blank\" data-ylk=\"slk:Hamari Traor\u00e9\u00a0;elm:context_link;itc:0;sec:content-canvas\" class=\"link \">Hamari Traor\u00e9\u00a0<\/a>et<a href=\"https:\/\/www.lequipe.fr\/Football\/Actualites\/Mercato-pierre-lees-melou-officiellement-au-paris-fc\/1588218\" rel=\"nofollow noopener\" target=\"_blank\" data-ylk=\"slk:\u00a0Pierre Lees-Melou;elm:context_link;itc:0;sec:content-canvas\" class=\"link \">\u00a0Pierre Lees-Melou<\/a>. L\u2019arriv\u00e9e de Jonathan Ikon\u00e9 compl\u00e8te parfaitement cette logique, offrant au Paris FC un atout offensif suppl\u00e9mentaire et une dose de cr\u00e9ativit\u00e9 qui pourrait changer le visage de l\u2019\u00e9quipe.<\/p>\n","protected":false},"excerpt":{"rendered":"La capitale fran\u00e7aise vit des derni\u00e8res heures de mercato particuli\u00e8rement anim\u00e9es. Alors que certains clubs tentent encore de&hellip;\n","protected":false},"author":2,"featured_media":356857,"comment_status":"","ping_status":"","sticky":false,"template":"","format":"standard","meta":{"footnotes":""},"categories":[1888],"tags":[1111,1928,11,1927,1777,674,1011,27,49253,49252,6563,2267,12,1926,626,445,1925,43705,93,25],"class_list":{"0":"post-356856","1":"post","2":"type-post","3":"status-publish","4":"format-standard","5":"has-post-thumbnail","7":"category-paris","8":"tag-actu","9":"tag-actu-paris","10":"tag-actualites","11":"tag-actualites-paris","12":"tag-eu","13":"tag-europe","14":"tag-fr","15":"tag-france","16":"tag-ikone","17":"tag-jonathan-ikone","18":"tag-le-club","19":"tag-losc","20":"tag-news","21":"tag-news-paris","22":"tag-paris","23":"tag-paris-fc","24":"tag-paris-news","25":"tag-pfc","26":"tag-psg","27":"tag-republique-francaise"},"share_on_mastodon":{"url":"https:\/\/pubeurope.com\/@fr\/115124825620805013","error":""},"_links":{"self":[{"href":"https:\/\/www.europesays.com\/fr\/wp-json\/wp\/v2\/posts\/356856","targetHints":{"allow":["GET"]}}],"collection":[{"href":"https:\/\/www.europesays.com\/fr\/wp-json\/wp\/v2\/posts"}],"about":[{"href":"https:\/\/www.europesays.com\/fr\/wp-json\/wp\/v2\/types\/post"}],"author":[{"embeddable":true,"href":"https:\/\/www.europesays.com\/fr\/wp-json\/wp\/v2\/users\/2"}],"replies":[{"embeddable":true,"href":"https:\/\/www.europesays.com\/fr\/wp-json\/wp\/v2\/comments?post=356856"}],"version-history":[{"count":0,"href":"https:\/\/www.europesays.com\/fr\/wp-json\/wp\/v2\/posts\/356856\/revisions"}],"wp:featuredmedia":[{"embeddable":true,"href":"https:\/\/www.europesays.com\/fr\/wp-json\/wp\/v2\/media\/356857"}],"wp:attachment":[{"href":"https:\/\/www.europesays.com\/fr\/wp-json\/wp\/v2\/media?parent=356856"}],"wp:term":[{"taxonomy":"category","embeddable":true,"href":"https:\/\/www.europesays.com\/fr\/wp-json\/wp\/v2\/categories?post=356856"},{"taxonomy":"post_tag","embeddable":true,"href":"https:\/\/www.europesays.com\/fr\/wp-json\/wp\/v2\/tags?post=356856"}],"curies":[{"name":"wp","href":"https:\/\/api.w.org\/{rel}","templated":true}]}}