{"id":356858,"date":"2025-08-31T18:36:10","date_gmt":"2025-08-31T18:36:10","guid":{"rendered":"https:\/\/www.europesays.com\/fr\/356858\/"},"modified":"2025-08-31T18:36:10","modified_gmt":"2025-08-31T18:36:10","slug":"paris-interpelle-avec-10-millions-deuros-de-bijoux-dans-son-slip","status":"publish","type":"post","link":"https:\/\/www.europesays.com\/fr\/356858\/","title":{"rendered":"Paris\u00a0: interpell\u00e9 avec 10\u00a0millions d\u2019euros de bijoux dans son slip"},"content":{"rendered":"<p class=\"paragraph text_align_left lp-f-body-02\">Un contr\u00f4le de routine. Dix millions d\u2019euros en valeur marchande cach\u00e9s\u2026 dans un slip, et une disqueuse dans une valise. Deux hommes, dont un mineur, ont \u00e9t\u00e9 interpell\u00e9s \u00e0 leur descente de train, samedi 30 ao\u00fbt, \u00e0 la gare de Lyon (Paris XIIe), a appris le Parisien de sources concordantes.<\/p>\n<p class=\"paragraph text_align_left lp-f-body-02\">Le parquet de Paris, contact\u00e9, indique avoir ouvert une \u00ab enqu\u00eate pour recel de vol en bande organis\u00e9e \u00bb. Les investigations ont \u00e9t\u00e9 confi\u00e9es \u00e0 la Brigade de r\u00e9pression du banditisme (BRB) de Paris. Une information judiciaire pourrait \u00eatre ouverte ce lundi 1er septembre.<\/p>\n<p class=\"paragraph text_align_left lp-f-body-02\">Il est environ 11 heures, samedi, lorsque des policiers, en patrouille \u00e0 la gare de Lyon, d\u00e9cident de contr\u00f4ler deux hommes \u00e0 leur descente d\u2019un TGV en provenance de la capitale des Gaules. Et les agents ont eu du flair. L\u2019un d\u2019eux planque, dans son slip, une chaussette lest\u00e9e de nombreuses pi\u00e8ces de haute joaillerie et d\u2019une Rolex. Avec dans leur valise, une disqueuse.<\/p>\n<p>Un collier \u00e0 5 millions d\u2019euros<\/p>\n<p class=\"paragraph text_align_left lp-f-body-02\">Ces deux Tunisiens \u2013 l\u2019un est mineur \u2013 sont d\u00e9favorablement connus des services de police. Ils sont d\u2019abord plac\u00e9s en garde \u00e0 vue dans les locaux du commissariat du XIe arrondissement. Mais apr\u00e8s \u00e9valuation du pr\u00e9judice, dont le montant faramineux nous a \u00e9t\u00e9 confirm\u00e9 par le parquet de Paris, c\u2019est bien la BRB \u2014 qui enqu\u00eate g\u00e9n\u00e9ralement sur les vols de plus 50 000 euros \u2014 qui est saisie.<\/p>\n<p class=\"lp-card-podcast-highlighting__title  lp-f-subtitle-05\">[4\/4] C\u00e9cile Vallin, les secrets d\u2019une disparition<\/p>\n<p class=\"lp-card-podcast-highlighting__description lp-f-ui-05\">Crime story raconte chaque semaine les grandes affaires criminelles.<\/p>\n<p><a class=\"lp-card-podcast-highlighting__call-to-action\" data-page-type=\"HP\" data-block-name=\"podcast-highlight\">\u00c9couter<\/a><\/p>\n<p class=\"paragraph text_align_left lp-f-body-02\">Dans le butin, un collier d\u2019une valeur estim\u00e9e \u00e0 5 millions d\u2019euros, des boucles d\u2019oreilles \u00e0 plus de 2 millions d\u2019euros, une bague \u00e0 1 million d\u2019euros\u2026 Mais aussi une montre de luxe et d\u2019autres bijoux. Soit 10 millions d\u2019euros de pr\u00e9judice, une premi\u00e8re estimation que l\u2019enqu\u00eate devra confirmer ou r\u00e9\u00e9valuer.<\/p>\n","protected":false},"excerpt":{"rendered":"Un contr\u00f4le de routine. Dix millions d\u2019euros en valeur marchande cach\u00e9s\u2026 dans un slip, et une disqueuse dans&hellip;\n","protected":false},"author":2,"featured_media":356859,"comment_status":"","ping_status":"","sticky":false,"template":"","format":"standard","meta":{"footnotes":""},"categories":[1888],"tags":[11,1777,674,118,1011,27,12,626,25],"class_list":{"0":"post-356858","1":"post","2":"type-post","3":"status-publish","4":"format-standard","5":"has-post-thumbnail","7":"category-paris","8":"tag-actualites","9":"tag-eu","10":"tag-europe","11":"tag-faits-divers","12":"tag-fr","13":"tag-france","14":"tag-news","15":"tag-paris","16":"tag-republique-francaise"},"share_on_mastodon":{"url":"https:\/\/pubeurope.com\/@fr\/115124829138043691","error":""},"_links":{"self":[{"href":"https:\/\/www.europesays.com\/fr\/wp-json\/wp\/v2\/posts\/356858","targetHints":{"allow":["GET"]}}],"collection":[{"href":"https:\/\/www.europesays.com\/fr\/wp-json\/wp\/v2\/posts"}],"about":[{"href":"https:\/\/www.europesays.com\/fr\/wp-json\/wp\/v2\/types\/post"}],"author":[{"embeddable":true,"href":"https:\/\/www.europesays.com\/fr\/wp-json\/wp\/v2\/users\/2"}],"replies":[{"embeddable":true,"href":"https:\/\/www.europesays.com\/fr\/wp-json\/wp\/v2\/comments?post=356858"}],"version-history":[{"count":0,"href":"https:\/\/www.europesays.com\/fr\/wp-json\/wp\/v2\/posts\/356858\/revisions"}],"wp:featuredmedia":[{"embeddable":true,"href":"https:\/\/www.europesays.com\/fr\/wp-json\/wp\/v2\/media\/356859"}],"wp:attachment":[{"href":"https:\/\/www.europesays.com\/fr\/wp-json\/wp\/v2\/media?parent=356858"}],"wp:term":[{"taxonomy":"category","embeddable":true,"href":"https:\/\/www.europesays.com\/fr\/wp-json\/wp\/v2\/categories?post=356858"},{"taxonomy":"post_tag","embeddable":true,"href":"https:\/\/www.europesays.com\/fr\/wp-json\/wp\/v2\/tags?post=356858"}],"curies":[{"name":"wp","href":"https:\/\/api.w.org\/{rel}","templated":true}]}}