{"id":356862,"date":"2025-08-31T18:38:10","date_gmt":"2025-08-31T18:38:10","guid":{"rendered":"https:\/\/www.europesays.com\/fr\/356862\/"},"modified":"2025-08-31T18:38:10","modified_gmt":"2025-08-31T18:38:10","slug":"la-guerre-en-ukraine-va-durer-et-la-russie-ne-sarretera-pas-sans-epuisement-ou-defaite","status":"publish","type":"post","link":"https:\/\/www.europesays.com\/fr\/356862\/","title":{"rendered":"la guerre en Ukraine va durer et la Russie ne s&rsquo;arr\u00eatera pas sans \u00e9puisement ou d\u00e9faite"},"content":{"rendered":"<p>Le chancelier allemand \u00ab\u00a0Friedrich Merz a d\u00e9clar\u00e9 aujourd&rsquo;hui dimanche que la guerre en cours en Ukraine est susceptible de se prolonger, car les guerres ne se terminent g\u00e9n\u00e9ralement que par une d\u00e9faite militaire ou un \u00e9puisement \u00e9conomique, deux sc\u00e9narios qui ne montrent pas encore de signes, tant pour Kiev que pour Moscou, selon ce qu&rsquo;a rapport\u00e9 la cha\u00eene allemande \u00ab\u00a0ZDF\u00a0\u00bb.<\/p>\n<p>Les d\u00e9clarations de Merz interviennent un jour avant l&rsquo;expiration du d\u00e9lai fix\u00e9 par le pr\u00e9sident am\u00e9ricain Donald Trump pour organiser une r\u00e9union entre le pr\u00e9sident russe Vladimir Poutine et son homologue ukrainien \u00ab\u00a0Volodymyr Zelensky\u00a0\u00bb, en vue de potentielles n\u00e9gociations de paix, Trump mena\u00e7ant de \u00ab\u00a0cons\u00e9quences\u00a0\u00bb en cas de non-rencontre.<\/p>\n<p>Dans une position commune, Merz et le pr\u00e9sident fran\u00e7ais Emmanuel Macron ont tenu le pr\u00e9sident russe responsable de la poursuite de la crise, appelant les \u00c9tats-Unis \u00e0 imposer des sanctions plus strictes contre Moscou, face \u00e0 ce qu&rsquo;ils ont d\u00e9crit comme l&rsquo;ent\u00eatement du Kremlin et son refus de s&rsquo;engager s\u00e9rieusement dans les efforts de paix.<\/p>\n<p>Merz a d\u00e9clar\u00e9 dans l&rsquo;entretien : \u00ab\u00a0Je me pr\u00e9pare \u00e0 ce que cette guerre dure longtemps\u00a0\u00bb, soulignant qu&rsquo;aucune solution diplomatique ne peut se faire au d\u00e9triment de la capitulation de l&rsquo;Ukraine, car cela encouragerait la Russie \u00e0 cibler d&rsquo;autres pays, ajoutant : \u00ab\u00a0Et apr\u00e8s-demain, ce sera nous les cibles&#8230; Ce n&rsquo;est pas une option\u00a0\u00bb.<\/p>\n<p>Merz a refus\u00e9 de commenter la possibilit\u00e9 de d\u00e9ployer des troupes allemandes en Ukraine dans le cadre d&rsquo;arrangements de s\u00e9curit\u00e9 futurs, se contentant de signaler que Berlin continue de soutenir Kiev sur les plans politique et \u00e9conomique.<\/p>\n<p>Pour sa part, le Kremlin a d\u00e9clar\u00e9 aujourd&rsquo;hui que les puissances europ\u00e9ennes entravent les efforts de paix d\u00e9ploy\u00e9s par Trump, affirmant que la Russie poursuivra ses op\u00e9rations militaires jusqu&rsquo;\u00e0 ce qu&rsquo;elle constate une r\u00e9elle disposition de Kiev \u00e0 s&rsquo;asseoir \u00e0 la table des n\u00e9gociations.<\/p>\n","protected":false},"excerpt":{"rendered":"Le chancelier allemand \u00ab\u00a0Friedrich Merz a d\u00e9clar\u00e9 aujourd&rsquo;hui dimanche que la guerre en cours en Ukraine est susceptible&hellip;\n","protected":false},"author":2,"featured_media":356863,"comment_status":"","ping_status":"","sticky":false,"template":"","format":"standard","meta":{"footnotes":""},"categories":[1591],"tags":[11,45969,1887,7243,46192,12,316,1885,1886,132],"class_list":{"0":"post-356862","1":"post","2":"type-post","3":"status-publish","4":"format-standard","5":"has-post-thumbnail","7":"category-russie","8":"tag-actualites","9":"tag-actualites-mondiales","10":"tag-federation-de-russie","11":"tag-le-monde","12":"tag-les-principales-nouvelles","13":"tag-news","14":"tag-politique","15":"tag-russia","16":"tag-russian-federation","17":"tag-russie"},"share_on_mastodon":{"url":"https:\/\/pubeurope.com\/@fr\/115124837038583929","error":""},"_links":{"self":[{"href":"https:\/\/www.europesays.com\/fr\/wp-json\/wp\/v2\/posts\/356862","targetHints":{"allow":["GET"]}}],"collection":[{"href":"https:\/\/www.europesays.com\/fr\/wp-json\/wp\/v2\/posts"}],"about":[{"href":"https:\/\/www.europesays.com\/fr\/wp-json\/wp\/v2\/types\/post"}],"author":[{"embeddable":true,"href":"https:\/\/www.europesays.com\/fr\/wp-json\/wp\/v2\/users\/2"}],"replies":[{"embeddable":true,"href":"https:\/\/www.europesays.com\/fr\/wp-json\/wp\/v2\/comments?post=356862"}],"version-history":[{"count":0,"href":"https:\/\/www.europesays.com\/fr\/wp-json\/wp\/v2\/posts\/356862\/revisions"}],"wp:featuredmedia":[{"embeddable":true,"href":"https:\/\/www.europesays.com\/fr\/wp-json\/wp\/v2\/media\/356863"}],"wp:attachment":[{"href":"https:\/\/www.europesays.com\/fr\/wp-json\/wp\/v2\/media?parent=356862"}],"wp:term":[{"taxonomy":"category","embeddable":true,"href":"https:\/\/www.europesays.com\/fr\/wp-json\/wp\/v2\/categories?post=356862"},{"taxonomy":"post_tag","embeddable":true,"href":"https:\/\/www.europesays.com\/fr\/wp-json\/wp\/v2\/tags?post=356862"}],"curies":[{"name":"wp","href":"https:\/\/api.w.org\/{rel}","templated":true}]}}