{"id":356866,"date":"2025-08-31T18:40:09","date_gmt":"2025-08-31T18:40:09","guid":{"rendered":"https:\/\/www.europesays.com\/fr\/356866\/"},"modified":"2025-08-31T18:40:09","modified_gmt":"2025-08-31T18:40:09","slug":"pour-amadouer-donald-trump-berne-envisage-de-choyer-les-geants-americains-du-numerique-rts-ch","status":"publish","type":"post","link":"https:\/\/www.europesays.com\/fr\/356866\/","title":{"rendered":"Pour amadouer Donald Trump, Berne envisage de choyer les g\u00e9ants am\u00e9ricains du num\u00e9rique &#8211; rts.ch"},"content":{"rendered":"<p>La d\u00e9cision de la justice am\u00e9ricaine de d\u00e9clarer une partie des nouveaux droits de douane ill\u00e9gaux est une bonne nouvelle pour la Suisse, m\u00eame si ce sera \u00e0 la Cour supr\u00eame de trancher. En attendant, Berne poursuit ses efforts diplomatiques et envisage de choyer les g\u00e9ants du num\u00e9rique pour amadouer Donald Trump.<\/p>\n<p>Selon la NZZ am Sonntag, le Conseil f\u00e9d\u00e9ral est pr\u00eat \u00e0 promettre que les b\u00e9n\u00e9fices des grandes entreprises comme Google ou Facebook ne seront pas tax\u00e9s en Suisse. Cet engagement figurerait dans le nouveau projet d&rsquo;accord entre Berne et Washington.<\/p>\n<p>L\u2019id\u00e9e est de miser sur un sujet qui irrite au plus haut point Donald Trump: les vell\u00e9it\u00e9s europ\u00e9ennes de faire passer les grandes entreprises technologiques \u00e0 la caisse. Ces soci\u00e9t\u00e9s ont une structure internationale qui leur permet de limiter leur charge fiscale, et ce au d\u00e9triment de nombreux Etats. Jugeant la situation injuste, la France, l\u2019Italie ou l\u2019Autriche ont instaur\u00e9 des taxes sur les services num\u00e9riques ces derni\u00e8res ann\u00e9es.<\/p>\n<p>Selon le journal al\u00e9manique, la Suisse promettrait \u00e0 Washington de ne pas embo\u00eeter le pas aux Europ\u00e9ens, en contrepartie d\u2019un meilleur accord douanier. Contact\u00e9, le Secr\u00e9tariat d\u2019Etat \u00e0 l\u2019\u00e9conomie refuse tout commentaire sur les n\u00e9gociations en cours.<\/p>\n<p>Un sujet r\u00e9current \u00e0 Berne<\/p>\n<p>La taxation des g\u00e9ants du num\u00e9rique est un sujet r\u00e9current \u00e0 Berne. Cela fait des ann\u00e9es que la gauche s\u2019y int\u00e9resse. Mais le Conseil f\u00e9d\u00e9ral et la majorit\u00e9 bourgeoise s\u2019y sont toujours oppos\u00e9s. Pour eux, il n&rsquo;est pas question que la Suisse agisse seule. Pour prendre une telle d\u00e9cision, il faudrait se mettre d\u2019accord avec un maximum de pays.<\/p>\n<p>Il y a d\u2019ailleurs eu des discussions pour instaurer une taxe num\u00e9rique au sein de l&rsquo;Organisation de coop\u00e9ration et de d\u00e9veloppement \u00e9conomique (OCDE). Mais le projet a \u00e9t\u00e9 abandonn\u00e9 sous la pression de Washington, avant m\u00eame l\u2019arriv\u00e9e de Donald Trump au pouvoir.<\/p>\n<p>La Suisse propose donc d\u00e9sormais aux Etats-Unis de renoncer \u00e0 une taxe qui n\u2019est pas vraiment \u00e0 l\u2019ordre du jour. Aucun projet concret n\u2019est en effet sur les rails. La gauche n&rsquo;a toutefois pas abandonn\u00e9 l&rsquo;id\u00e9e. Une \u00e9lue verte a d\u2019ailleurs r\u00e9cemment fait une nouvelle tentative au sein de la commission de l\u2019\u00e9conomie et des redevances du Conseil national. Son texte n&rsquo;a pas encore \u00e9t\u00e9 examin\u00e9.<\/p>\n<p>Des parlementaires sceptiques<\/p>\n<p>A Berne, certains s&rsquo;\u00e9tonnent toutefois que le Conseil f\u00e9d\u00e9ral outrepasse le processus parlementaire. Plusieurs \u00e9lus des Vert-e-s et du PS regrettent aussi que le gouvernement se prive d&rsquo;un potentiel levier pour faire pression sur les Etats-Unis.<\/p>\n<p>A droite, la strat\u00e9gie du Conseil f\u00e9d\u00e9ral rencontre plus de succ\u00e8s. Les \u00e9lus contact\u00e9s par la RTS estiment que le gouvernement a raison d&rsquo;essayer. Mais proposer d&rsquo;abandonner une taxe qui n&rsquo;est pas pr\u00e9vue suscite n\u00e9anmoins quelques commentaires ironiques dans les rangs du PLR et de l&rsquo;UDC.<\/p>\n<p>Ce qui est s\u00fbr, c&rsquo;est que la Suisse va devoir faire avec les nouveaux droits de douanes am\u00e9ricains de 39% pendant encore au moins plusieurs semaines. En attendant que la diplomatie ou la justice permettent peut-\u00eatre d&rsquo;att\u00e9nuer la douloureuse.<\/p>\n<p class=\"sources\">Sujet radio: Marielle Savoy<\/p>\n<p class=\"credit\">Texte web: Fr\u00e9d\u00e9ric Boillat avec ats<\/p>\n","protected":false},"excerpt":{"rendered":"La d\u00e9cision de la justice am\u00e9ricaine de d\u00e9clarer une partie des nouveaux droits de douane ill\u00e9gaux est une&hellip;\n","protected":false},"author":2,"featured_media":356867,"comment_status":"","ping_status":"","sticky":false,"template":"","format":"standard","meta":{"footnotes":""},"categories":[1589],"tags":[46825,11,34132,10658,75,33,6359,5949,73,1866,418,6372,303,12,4125,316,4144,3067,1864,1865,1863,308],"class_list":{"0":"post-356866","1":"post","2":"type-post","3":"status-publish","4":"format-standard","5":"has-post-thumbnail","7":"category-etats-unis","8":"tag-accord-pacte-convention","9":"tag-actualites","10":"tag-berne","11":"tag-cour-supreme","12":"tag-donald-trump","13":"tag-economie","14":"tag-economie-et-finances","15":"tag-elections","16":"tag-etats-unis","17":"tag-etats-unis-damerique","18":"tag-gouvernement","19":"tag-jugement","20":"tag-justice","21":"tag-news","22":"tag-numerique","23":"tag-politique","24":"tag-politique-du-gouvernement","25":"tag-suisse","26":"tag-united-states","27":"tag-united-states-of-america","28":"tag-us","29":"tag-usa"},"share_on_mastodon":{"url":"https:\/\/pubeurope.com\/@fr\/115124844867790452","error":""},"_links":{"self":[{"href":"https:\/\/www.europesays.com\/fr\/wp-json\/wp\/v2\/posts\/356866","targetHints":{"allow":["GET"]}}],"collection":[{"href":"https:\/\/www.europesays.com\/fr\/wp-json\/wp\/v2\/posts"}],"about":[{"href":"https:\/\/www.europesays.com\/fr\/wp-json\/wp\/v2\/types\/post"}],"author":[{"embeddable":true,"href":"https:\/\/www.europesays.com\/fr\/wp-json\/wp\/v2\/users\/2"}],"replies":[{"embeddable":true,"href":"https:\/\/www.europesays.com\/fr\/wp-json\/wp\/v2\/comments?post=356866"}],"version-history":[{"count":0,"href":"https:\/\/www.europesays.com\/fr\/wp-json\/wp\/v2\/posts\/356866\/revisions"}],"wp:featuredmedia":[{"embeddable":true,"href":"https:\/\/www.europesays.com\/fr\/wp-json\/wp\/v2\/media\/356867"}],"wp:attachment":[{"href":"https:\/\/www.europesays.com\/fr\/wp-json\/wp\/v2\/media?parent=356866"}],"wp:term":[{"taxonomy":"category","embeddable":true,"href":"https:\/\/www.europesays.com\/fr\/wp-json\/wp\/v2\/categories?post=356866"},{"taxonomy":"post_tag","embeddable":true,"href":"https:\/\/www.europesays.com\/fr\/wp-json\/wp\/v2\/tags?post=356866"}],"curies":[{"name":"wp","href":"https:\/\/api.w.org\/{rel}","templated":true}]}}