{"id":356868,"date":"2025-08-31T18:41:15","date_gmt":"2025-08-31T18:41:15","guid":{"rendered":"https:\/\/www.europesays.com\/fr\/356868\/"},"modified":"2025-08-31T18:41:15","modified_gmt":"2025-08-31T18:41:15","slug":"les-fregates-britanniques-lemportent-un-revers-pour-naval-group","status":"publish","type":"post","link":"https:\/\/www.europesays.com\/fr\/356868\/","title":{"rendered":"les fr\u00e9gates britanniques l&#8217;emportent, un revers pour Naval Group"},"content":{"rendered":"<p>Oslo a tranch\u00e9. \u00ab La Norv\u00e8ge va acheter des fr\u00e9gates britanniques pour notre d\u00e9fense \u00bb, a annonc\u00e9 dimanche le Premier ministre Jonas Gahr St\u00f8re, officialisant le choix de Londres au terme d&rsquo;une comp\u00e9tition internationale. Le contrat, estim\u00e9 \u00e0 plus de 100 milliards de couronnes (8,5 milliards d&rsquo;euros), porte sur cinq \u00e0 six navires construits par BAE Systems.<\/p>\n<p>La Norv\u00e8ge a justifi\u00e9 son choix par la proximit\u00e9 op\u00e9rationnelle avec la Royal Navy et les performances techniques des fr\u00e9gates de Type 26, identiques \u00e0 celles command\u00e9es par le Royaume-Uni. Ces b\u00e2timents, sp\u00e9cialis\u00e9s dans la lutte anti-sous-marine, doivent \u00eatre livr\u00e9s \u00e0 partir de 2030. \u00ab Ce sont les performances et l&rsquo;\u00e9troitesse du partenariat qui ont fond\u00e9 notre conviction commune que la fr\u00e9gate britannique est la meilleure \u00bb, a d\u00e9clar\u00e9 Jonas Gahr St\u00f8re.<\/p>\n<p>Des offres concurrentes \u00e9cart\u00e9es<\/p>\n<p>La France, qui proposait les fr\u00e9gates de d\u00e9fense et d&rsquo;intervention (FDI) de Naval Group, faisait partie des favoris aux c\u00f4t\u00e9s du Royaume-Uni. L&rsquo;Allemagne et les \u00c9tats-Unis avaient \u00e9galement pr\u00e9sent\u00e9 des offres. Ce nouvel \u00e9chec intervient quelques jours seulement apr\u00e8s que Naval Group a \u00e9t\u00e9 \u00e9limin\u00e9 d&rsquo;un appel d&rsquo;offres au Canada portant sur douze sous-marins, d\u00e9sormais disput\u00e9 entre l&rsquo;allemand TKMS et le sud-cor\u00e9en Hanwha Ocean.<\/p>\n<p>Pays membre de l&rsquo;Otan, la Norv\u00e8ge partage une fronti\u00e8re maritime en mer de Barents avec la Russie et sa puissante flotte du Nord. Le rapprochement strat\u00e9gique avec le Royaume-Uni, renforc\u00e9 par l&rsquo;implication personnelle de Keir Starmer lors de sa visite \u00e0 Oslo, illustre la volont\u00e9 norv\u00e9gienne de consolider ses alliances navales dans un contexte r\u00e9gional tendu.<\/p>\n","protected":false},"excerpt":{"rendered":"Oslo a tranch\u00e9. \u00ab La Norv\u00e8ge va acheter des fr\u00e9gates britanniques pour notre d\u00e9fense \u00bb, a annonc\u00e9 dimanche&hellip;\n","protected":false},"author":2,"featured_media":356869,"comment_status":"","ping_status":"","sticky":false,"template":"","format":"standard","meta":{"footnotes":""},"categories":[1588],"tags":[17,11,27196,645,1777,674,22230,49254,151,12,673,471,31038,473,1853,1851,1850,1852],"class_list":{"0":"post-356868","1":"post","2":"type-post","3":"status-publish","4":"format-standard","5":"has-post-thumbnail","7":"category-royaume-uni","8":"tag-17","9":"tag-actualites","10":"tag-britanniques","11":"tag-entreprises-finance","12":"tag-eu","13":"tag-europe","14":"tag-fregates","15":"tag-lemportent","16":"tag-les","17":"tag-news","18":"tag-norvege","19":"tag-pour","20":"tag-revers","21":"tag-royaume-uni","22":"tag-royaume-uni-de-grande-bretagne-et-dirlande-du-nord","23":"tag-uk","24":"tag-united-kingdom","25":"tag-united-kingdom-of-great-britain-and-northern-ireland"},"share_on_mastodon":{"url":"https:\/\/pubeurope.com\/@fr\/115124848846077705","error":""},"_links":{"self":[{"href":"https:\/\/www.europesays.com\/fr\/wp-json\/wp\/v2\/posts\/356868","targetHints":{"allow":["GET"]}}],"collection":[{"href":"https:\/\/www.europesays.com\/fr\/wp-json\/wp\/v2\/posts"}],"about":[{"href":"https:\/\/www.europesays.com\/fr\/wp-json\/wp\/v2\/types\/post"}],"author":[{"embeddable":true,"href":"https:\/\/www.europesays.com\/fr\/wp-json\/wp\/v2\/users\/2"}],"replies":[{"embeddable":true,"href":"https:\/\/www.europesays.com\/fr\/wp-json\/wp\/v2\/comments?post=356868"}],"version-history":[{"count":0,"href":"https:\/\/www.europesays.com\/fr\/wp-json\/wp\/v2\/posts\/356868\/revisions"}],"wp:featuredmedia":[{"embeddable":true,"href":"https:\/\/www.europesays.com\/fr\/wp-json\/wp\/v2\/media\/356869"}],"wp:attachment":[{"href":"https:\/\/www.europesays.com\/fr\/wp-json\/wp\/v2\/media?parent=356868"}],"wp:term":[{"taxonomy":"category","embeddable":true,"href":"https:\/\/www.europesays.com\/fr\/wp-json\/wp\/v2\/categories?post=356868"},{"taxonomy":"post_tag","embeddable":true,"href":"https:\/\/www.europesays.com\/fr\/wp-json\/wp\/v2\/tags?post=356868"}],"curies":[{"name":"wp","href":"https:\/\/api.w.org\/{rel}","templated":true}]}}