{"id":356872,"date":"2025-08-31T18:43:10","date_gmt":"2025-08-31T18:43:10","guid":{"rendered":"https:\/\/www.europesays.com\/fr\/356872\/"},"modified":"2025-08-31T18:43:10","modified_gmt":"2025-08-31T18:43:10","slug":"la-grande-pagaille-qui-risque-de-renforcer-shein-et-temu-en-europe","status":"publish","type":"post","link":"https:\/\/www.europesays.com\/fr\/356872\/","title":{"rendered":"la grande pagaille qui risque de renforcer Shein et Temu en Europe"},"content":{"rendered":"<p><strong>D\u00c9CRYPTAGE &#8211;<\/strong> Cette mesure protectionniste va peser sur les exportations de certains petits commer\u00e7ants europ\u00e9ens. Elle menace d\u2019accro\u00eetre le d\u00e9ferlement de paquets chinois sur le Vieux Continent.<\/p>\n<p class=\"fig-paragraph\">Barricader le march\u00e9 am\u00e9ricain de toute part. Dans la croisade commerciale lanc\u00e9e par\u00a0<a href=\"http:\/\/www.lefigaro.fr\/secteur\/high-tech\/dossier\/donald-trump-et-l-univers-des-cryptomonnaies\" data-fig-type=\"Topic\" data-gtm-custom-categorie=\"navigation\" data-gtm-custom-action=\"crossclick\" data-gtm-custom-label=\"Contextuel\" data-gtm-event=\"customEventSPE\" data-fig-domain=\"LEFIGARO\" target=\"_blank\" rel=\"noopener\">Donald Trump<\/a>\u00a0contre le monde depuis son arriv\u00e9e \u00e0 la Maison-Blanche,\u00a0<a href=\"http:\/\/www.lefigaro.fr\/flash-eco\/etats-unis-les-petits-colis-soumis-aux-droits-de-douane-des-vendredi-20250828\" data-fig-type=\"NewsFlash\" data-gtm-custom-categorie=\"navigation\" data-gtm-custom-action=\"crossclick\" data-gtm-custom-label=\"Contextuel\" data-gtm-event=\"customEventSPE\" data-fig-domain=\"LEFIGARO\" target=\"_blank\" rel=\"noopener\">m\u00eame les petits colis ne sont pas \u00e9pargn\u00e9s<\/a>. Depuis vendredi, les biens d\u2019une valeur \u00e9gale ou inf\u00e9rieure \u00e0 800\u00a0dollars exp\u00e9di\u00e9s aux \u00c9tats-Unis ne sont plus exon\u00e9r\u00e9s de taxes douani\u00e8res. Cette exemption, dite de \u00ab\u00a0minimis\u00a0\u00bb, \u00e9tait appliqu\u00e9e depuis des dizaines d\u2019ann\u00e9es outre-Atlantique (et par d\u2019autres pays) afin de r\u00e9duire les charges administratives des douanes.<\/p>\n<p class=\"fig-paragraph\">Comme \u00e0 chaque fois, le ton est guerrier. \u00ab\u00a0Le pr\u00e9sident Trump tient sa promesse de \u201cmettre fin\u201d \u00e0 la \u201cgrande arnaque\u201d des exp\u00e9ditions de minimis qui tuent des Am\u00e9ricains (importations de produits illicites et dangereux, NDLR) et nuisent aux entreprises am\u00e9ricaines\u00a0\u00bb, justifie la Maison-Blanche sur son site. Chiffres \u00e0 l\u2019appui\u00a0: entre 2015 et 2024, l<a href=\"http:\/\/www.lefigaro.fr\/conjoncture\/mettre-fin-a-une-faille-catastrophique-washington-supprime-l-exemption-de-taxes-sur-tous-les-petits-colis-20250801\" data-fig-type=\"NewsFlash\" data-gtm-custom-categorie=\"navigation\" data-gtm-custom-action=\"crossclick\" data-gtm-custom-label=\"Contextuel\" data-gtm-event=\"customEventSPE\" data-fig-domain=\"LEFIGARO\" target=\"_blank\" rel=\"noopener\">e nombre de petits colis<\/a>\u00a0exp\u00e9di\u00e9s sur le sol am\u00e9ricain est pass\u00e9 de 134\u00a0millions \u00e0 plus de 1,36\u00a0milliard.<\/p>\n<p class=\"fig-body-link\">\n            \u00c0 lire aussi<br \/>\n        <a class=\"fig-body-link__link fig-premium-mark\" href=\"http:\/\/www.lefigaro.fr\/societes\/temu-shein-ce-tsunami-de-petits-colis-chinois-qui-inquiete-l-occident-20250222\" data-fig-type=\"Article\" data-gtm-custom-categorie=\"navigation\" data-gtm-custom-action=\"crossclick\" data-gtm-custom-label=\"Contextuel\" data-gtm-event=\"customEventSPE\" data-fig-domain=\"LEFIGARO\" target=\"_blank\" rel=\"noopener\">Temu, Shein\u00a0: ce tsunami de petits colis chinois qui inqui\u00e8te l\u2019Occident<br \/>\n    <\/a>\n<\/p>\n<p class=\"fig-paragraph\">En mai dernier\u2026<\/p>\n<p class=\"fig-premium-paywall__infos\">\n        Cet article est r\u00e9serv\u00e9 aux abonn\u00e9s.        Il vous reste 88% \u00e0 d\u00e9couvrir.\n    <\/p>\n<p>                <img  data- alt=\"Le Figaro\" class=\"fig-img--complete fig-img\"\/><\/p>\n<p class=\"fig-premium-paywall__title\">Vente Flash<\/p>\n<p class=\"fig-premium-paywall__subtitle\">4,99\u20ac par mois pendant 12 mois. Sans engagement<\/p>\n<p class=\"fig-premium-paywall__connect\">\n                D\u00e9j\u00e0 abonn\u00e9\u00a0?                <a class=\"fig-premium-paywall__connect-link\" href=\"https:\/\/connect.lefigaro.fr\/login?client=horizon_web&amp;type=main&amp;redirect_uri=https%3A%2F%2Fwww.lefigaro.fr%2Fsocietes%2Ftaxation-des-petits-colis-aux-etats-unis-la-grande-pagaille-qui-risque-de-renforcer-shein-et-temu-en-europe-20250831\" data-js-gtm=\"{&quot;customCategorie&quot;: &quot;conversion&quot;, &quot;customAction&quot;: &quot;before_Landing_Connexion_paywall_auto&quot;, &quot;customLabel&quot;: &quot;bGVmaWdhcm8uZnJfXzFmMDg0ZGE4LTQ3ZGMtNmIyYy1iZGFlLTdkNWYzYTJhYzQ2NF9fQXJ0aWNsZQ==_Taxation des petits colis aux \u00c9tats-Unis\u00a0: la grande pagaille qui risque de renforcer Shein et Temu en Europe_9&quot;, &quot;customIDSPE&quot;: &quot;bGVmaWdhcm8uZnJfXzFmMDg0ZGE4LTQ3ZGMtNmIyYy1iZGFlLTdkNWYzYTJhYzQ2NF9fQXJ0aWNsZQ==&quot;, &quot;event&quot;: &quot;customEventSPE&quot;}\" target=\"_blank\" rel=\"noopener\"><br \/>\n                    Connectez-vous<br \/>\n                <\/a>\n            <\/p>\n","protected":false},"excerpt":{"rendered":"D\u00c9CRYPTAGE &#8211; Cette mesure protectionniste va peser sur les exportations de certains petits commer\u00e7ants europ\u00e9ens. Elle menace d\u2019accro\u00eetre&hellip;\n","protected":false},"author":2,"featured_media":356873,"comment_status":"","ping_status":"","sticky":false,"template":"","format":"standard","meta":{"footnotes":""},"categories":[1586],"tags":[11,130,75,2822,1777,674,1011,27,12,25],"class_list":{"0":"post-356872","1":"post","2":"type-post","3":"status-publish","4":"format-standard","5":"has-post-thumbnail","7":"category-europe","8":"tag-actualites","9":"tag-consommation","10":"tag-donald-trump","11":"tag-douanes","12":"tag-eu","13":"tag-europe","14":"tag-fr","15":"tag-france","16":"tag-news","17":"tag-republique-francaise"},"share_on_mastodon":{"url":"https:\/\/pubeurope.com\/@fr\/115124856703006973","error":""},"_links":{"self":[{"href":"https:\/\/www.europesays.com\/fr\/wp-json\/wp\/v2\/posts\/356872","targetHints":{"allow":["GET"]}}],"collection":[{"href":"https:\/\/www.europesays.com\/fr\/wp-json\/wp\/v2\/posts"}],"about":[{"href":"https:\/\/www.europesays.com\/fr\/wp-json\/wp\/v2\/types\/post"}],"author":[{"embeddable":true,"href":"https:\/\/www.europesays.com\/fr\/wp-json\/wp\/v2\/users\/2"}],"replies":[{"embeddable":true,"href":"https:\/\/www.europesays.com\/fr\/wp-json\/wp\/v2\/comments?post=356872"}],"version-history":[{"count":0,"href":"https:\/\/www.europesays.com\/fr\/wp-json\/wp\/v2\/posts\/356872\/revisions"}],"wp:featuredmedia":[{"embeddable":true,"href":"https:\/\/www.europesays.com\/fr\/wp-json\/wp\/v2\/media\/356873"}],"wp:attachment":[{"href":"https:\/\/www.europesays.com\/fr\/wp-json\/wp\/v2\/media?parent=356872"}],"wp:term":[{"taxonomy":"category","embeddable":true,"href":"https:\/\/www.europesays.com\/fr\/wp-json\/wp\/v2\/categories?post=356872"},{"taxonomy":"post_tag","embeddable":true,"href":"https:\/\/www.europesays.com\/fr\/wp-json\/wp\/v2\/tags?post=356872"}],"curies":[{"name":"wp","href":"https:\/\/api.w.org\/{rel}","templated":true}]}}