{"id":356874,"date":"2025-08-31T18:44:43","date_gmt":"2025-08-31T18:44:43","guid":{"rendered":"https:\/\/www.europesays.com\/fr\/356874\/"},"modified":"2025-08-31T18:44:43","modified_gmt":"2025-08-31T18:44:43","slug":"vers-un-cadre-juridique-pour-leuro-numerique-la-presse-de-tunisie","status":"publish","type":"post","link":"https:\/\/www.europesays.com\/fr\/356874\/","title":{"rendered":"Vers un cadre juridique pour l\u2019euro num\u00e9rique \u2013 La Presse de Tunisie"},"content":{"rendered":"<p>\t\t\t\t\t\t\t\t\t\t<img width=\"850\" height=\"491\" src=\"https:\/\/www.europesays.com\/fr\/wp-content\/uploads\/2025\/08\/euro-numerique--850x491.jpg\" class=\"attachment-bdaia-large size-bdaia-large wp-post-image\" alt=\"\" decoding=\"async\" fetchpriority=\"high\"  \/>\t\t\t\t\t\t\t\t\t\t\t\t\t\t\t\t\t\t\t<\/p>\n<p class=\"p1\"><strong>L\u2019Union europ\u00e9enne s\u2019active pour cr\u00e9er un cadre juridique pour l\u2019euro num\u00e9rique d\u2019ici la fin de 2025. Il s\u2019agit de cr\u00e9er une version num\u00e9rique de la monnaie unique europ\u00e9enne, qui serait compl\u00e9mentaire aux billets et pi\u00e8ces d\u2019euro existants. N\u00e9anmoins, la route reste sem\u00e9e d\u2019obstacles.<\/strong><\/p>\n<p class=\"p1\"><b>La Presse <\/b>\u2014 Les ministres des Finances de l\u2019UE tentent d\u2019aboutir \u00e0 un accord sur l\u2019euro num\u00e9rique avant la fin de 2025, mais plusieurs points complexes persistent.<\/p>\n<p class=\"p1\">Au c\u0153ur des d\u00e9bats figurent la confidentialit\u00e9 des donn\u00e9es, la r\u00e9mun\u00e9ration des prestataires de paiement, les limites de d\u00e9tention et l\u2019impact sur les pays hors zone euro.<\/p>\n<p class=\"p1\">Tout au long de juillet, les n\u00e9gociations ont \u00e9t\u00e9 intenses. La pr\u00e9sidence danoise esp\u00e8re une position commune d\u2019ici la fin de l\u2019ann\u00e9e, mais certains pays r\u00e9clament des analyses techniques suppl\u00e9mentaires avant de franchir l\u2019\u00e9tape suivante.<\/p>\n<p class=\"p1\">Le ministre allemand Lars Klingbeil a insist\u00e9 sur la n\u00e9cessit\u00e9 d\u2019un mod\u00e8le de r\u00e9mun\u00e9ration \u00e9quitable et d\u2019une protection \u00e9lev\u00e9e de la vie priv\u00e9e d\u00e8s le lancement.<\/p>\n<p class=\"p1\">D\u2019autres divergences concernent le r\u00f4le des pays non membres de la zone euro et la limite de d\u00e9tention de la nouvelle monnaie.<\/p>\n<p class=\"p1\">La Su\u00e8de souhaite un syst\u00e8me souple pour les banques hors zone euro, les Pays-Bas plaident pour une limite basse afin de r\u00e9server l\u2019euro num\u00e9rique \u00e0 un usage de paiement, tandis que la Hongrie revendique son mot \u00e0 dire sur son \u00e9mission.<\/p>\n<p class=\"p2\"><b>Exp\u00e9rimentation de diff\u00e9rentes <\/b><b>technologies<\/b><\/p>\n<p class=\"p1\">Luis de Guindos, vice-pr\u00e9sident de la BCE, a rappel\u00e9 que le lancement d\u00e9pendra du cadre juridique. Apr\u00e8s adoption de la l\u00e9gislation, la BCE d\u00e9cidera de la mise en \u0153uvre, ouvrant une phase pr\u00e9paratoire de deux ans et demi. Il a soulign\u00e9 l\u2019urgence de r\u00e9duire la d\u00e9pendance europ\u00e9enne aux fournisseurs am\u00e9ricains, renforc\u00e9e par le r\u00e9cent \u00ab\u00a0Genius Act\u00a0\u00bb aux \u00c9tats-Unis sur les stablecoins.<\/p>\n<p class=\"p1\">La BCE exp\u00e9rimente diff\u00e9rentes technologies, incluant des blockchains publiques comme \u00ab\u00a0Ethereum\u00a0\u00bb ou\u00a0\u00ab\u00a0Solana\u00a0\u00bb. Pour Anna Martin du Beuc, l\u2019infrastructure doit \u00eatre construite par des prestataires europ\u00e9ens afin de pr\u00e9server la souverainet\u00e9 strat\u00e9gique. Le Parlement europ\u00e9en tarde toutefois \u00e0 avancer.<\/p>\n<p class=\"p1\">Le rapport initial de\u00a0Stefan Berger, \u00e9conomiste et homme politique allemand, en f\u00e9vrier 2024 n\u2019a jamais \u00e9t\u00e9 vot\u00e9, et son successeur, Fernando Navarrete, \u00e9conomiste et homme politique espagnol, n\u2019a encore produit aucun progr\u00e8s concret. La BCE exhorte les d\u00e9put\u00e9s \u00e0 acc\u00e9l\u00e9rer le processus pour s\u00e9curiser la monnaie unique et pr\u00e9parer l\u2019euro num\u00e9rique, un outil cl\u00e9 pour renforcer l\u2019autonomie financi\u00e8re de l\u2019Europe.<\/p>\n","protected":false},"excerpt":{"rendered":"L\u2019Union europ\u00e9enne s\u2019active pour cr\u00e9er un cadre juridique pour l\u2019euro num\u00e9rique d\u2019ici la fin de 2025. Il s\u2019agit&hellip;\n","protected":false},"author":2,"featured_media":356875,"comment_status":"","ping_status":"","sticky":false,"template":"","format":"standard","meta":{"footnotes":""},"categories":[1586],"tags":[11,1777,674,1779,1011,27,12,25,1778,364],"class_list":{"0":"post-356874","1":"post","2":"type-post","3":"status-publish","4":"format-standard","5":"has-post-thumbnail","7":"category-europe","8":"tag-actualites","9":"tag-eu","10":"tag-europe","11":"tag-european-union","12":"tag-fr","13":"tag-france","14":"tag-news","15":"tag-republique-francaise","16":"tag-ue","17":"tag-union-europeenne"},"share_on_mastodon":{"url":"https:\/\/pubeurope.com\/@fr\/115124860982278651","error":""},"_links":{"self":[{"href":"https:\/\/www.europesays.com\/fr\/wp-json\/wp\/v2\/posts\/356874","targetHints":{"allow":["GET"]}}],"collection":[{"href":"https:\/\/www.europesays.com\/fr\/wp-json\/wp\/v2\/posts"}],"about":[{"href":"https:\/\/www.europesays.com\/fr\/wp-json\/wp\/v2\/types\/post"}],"author":[{"embeddable":true,"href":"https:\/\/www.europesays.com\/fr\/wp-json\/wp\/v2\/users\/2"}],"replies":[{"embeddable":true,"href":"https:\/\/www.europesays.com\/fr\/wp-json\/wp\/v2\/comments?post=356874"}],"version-history":[{"count":0,"href":"https:\/\/www.europesays.com\/fr\/wp-json\/wp\/v2\/posts\/356874\/revisions"}],"wp:featuredmedia":[{"embeddable":true,"href":"https:\/\/www.europesays.com\/fr\/wp-json\/wp\/v2\/media\/356875"}],"wp:attachment":[{"href":"https:\/\/www.europesays.com\/fr\/wp-json\/wp\/v2\/media?parent=356874"}],"wp:term":[{"taxonomy":"category","embeddable":true,"href":"https:\/\/www.europesays.com\/fr\/wp-json\/wp\/v2\/categories?post=356874"},{"taxonomy":"post_tag","embeddable":true,"href":"https:\/\/www.europesays.com\/fr\/wp-json\/wp\/v2\/tags?post=356874"}],"curies":[{"name":"wp","href":"https:\/\/api.w.org\/{rel}","templated":true}]}}