{"id":356880,"date":"2025-08-31T18:47:10","date_gmt":"2025-08-31T18:47:10","guid":{"rendered":"https:\/\/www.europesays.com\/fr\/356880\/"},"modified":"2025-08-31T18:47:10","modified_gmt":"2025-08-31T18:47:10","slug":"le-premier-ministre-ment-pour-affoler-les-marches-financiers-reagit-jean-luc-melenchon","status":"publish","type":"post","link":"https:\/\/www.europesays.com\/fr\/356880\/","title":{"rendered":"le Premier ministre \u00ab\u00a0ment pour affoler les march\u00e9s financiers\u00a0\u00bb, r\u00e9agit Jean-Luc M\u00e9lenchon"},"content":{"rendered":"<p>Sans surprise, il n&rsquo;a pas convaincu les oppositions. Le Premier ministre, Fran\u00e7ois Bayrou, a r\u00e9pondu aux questions de quatre journalistes de cha\u00eenes d&rsquo;information en continu, dimanche 31 ao\u00fbt. \u00ab\u00a0Il y a des forces politiques qui veulent le chaos, et qui pensent que c&rsquo;est sur le chaos qu&rsquo;on construit la r\u00e9volution. Jean-Luc M\u00e9lenchon l&rsquo;a dit dix fois, &lsquo;le chemin, c&rsquo;est de tout conflictualiser'\u00a0\u00bb, a notamment d\u00e9nonc\u00e9 le Premier ministre. Ce dernier a par ailleurs dress\u00e9 un tableau \u00e9conomique inqui\u00e9tant de la France, rappelant : \u00ab\u00a0On n&rsquo;a pas pr\u00e9sent\u00e9 un budget \u00e0 l&rsquo;\u00e9quilibre depuis plus de 50 ans\u00a0\u00bb. Fran\u00e7ois Bayrou \u00ab\u00a0ment pour affoler les march\u00e9s financiers. Mis\u00e9rable\u00a0\u00bb, a r\u00e9agi le chef de file insoumis <a href=\"https:\/\/x.com\/JLMelenchon\/status\/1962187391441006991\" rel=\"nofollow\">sur X<\/a>. Suivez notre direct.<\/p>\n<p class=\"c-body__bullet\"> <strong>Une interview sur quatre cha\u00eenes en simultan\u00e9. <\/strong>Pendant un peu plus d&rsquo;une heure, <a href=\"https:\/\/www.franceinfo.fr\/politique\/gouvernement-de-francois-bayrou\/francois-bayrou-sera-l-invite-dimanche-a-18-heures-de-franceinfo-et-de-trois-autres-chaines-d-information_7461814.html\" rel=\"nofollow noopener\" target=\"_blank\">le Premier ministre r\u00e9pondra<\/a> aux questions de Myriam Encaoua (franceinfo), Darius Rochebin (LCI), Marc Fauvelle (BFMTV) et Sonia Mabrouk (CNews), \u00e0 une semaine du vote de confiance qui scellera le sort de son gouvernement. Il sera questionn\u00e9 sur la situation budg\u00e9taire de la France, les n\u00e9gociations avec les partis, les marges de man\u0153uvre, l&rsquo;enjeu du vote de confiance et l&rsquo;apr\u00e8s 8 septembre.<\/p>\n<p class=\"c-body__bullet\"> <strong>Un \u00ab\u00a0geste\u00a0\u00bb possible sur la suppression des jours f\u00e9ri\u00e9s.\u00a0<\/strong>Interrog\u00e9 sur <a href=\"https:\/\/www.franceinfo.fr\/economie\/budget\/annee-blanche-suppression-de-jours-feries-les-principales-mesures-voulues-par-francois-bayrou-pour-economiser-44-milliards-d-euros-dans-le-budget-2026_7378684.html\" rel=\"nofollow noopener\" target=\"_blank\">sa copie budg\u00e9taire<\/a> pour \u00e9conomiser 44\u00a0milliards d&rsquo;euros en 2026, le Premier ministre a promis qu&rsquo;il \u00e9tait pr\u00eat \u00e0 \u00ab\u00a0faire un geste\u00a0\u00bb sur la suppression de deux jours f\u00e9ri\u00e9s. \u00ab\u00a0Cette mesure est tout \u00e0 fait discutable. J&rsquo;en avais envisag\u00e9 d&rsquo;autres, de passer de 35\u00a0heures \u00e0 36\u00a0heures de travail par semaine\u00a0\u00bb, a-t-il r\u00e9v\u00e9l\u00e9.\u00a0<\/p>\n<p class=\"c-body__bullet\"> <strong>G\u00e9rald Darmanin pr\u00eache pour la stabilit\u00e9 gouvernementale.<\/strong> \u00ab\u00a0Mais quel coup, quel ab\u00eeme, quel h\u00e9matome que de jouer au jeu politique de l&rsquo;instabilit\u00e9 institutionnelle\u00a0\u00bb, a d\u00e9clar\u00e9 le ministre de la Justice, lors sa rentr\u00e9e politique \u00e0 Tourcoing (Nord), dont il a longtemps \u00e9t\u00e9 maire. \u00ab\u00a0Le pire n&rsquo;est pas tellement notre \u00e9conomie qui peut \u00eatre attaqu\u00e9e, le pire c&rsquo;est la stabilit\u00e9 de nos institutions qui vont \u00eatre remises en cause lundi prochain.\u00a0\u00bb<\/p>\n<p class=\"c-body__bullet\"><strong> Olivier Faure appelle l&rsquo;ensemble de la gauche \u00e0 accepter toute proposition d&rsquo;acc\u00e9der \u00e0 Matignon.\u00a0<\/strong>Le premier secr\u00e9taire du Parti socialiste, Olivier Faure, a confirm\u00e9 sur BFMTV <a href=\"https:\/\/www.franceinfo.fr\/politique\/gouvernement-de-francois-bayrou\/vote-de-confiance-du-8-septembre-la-decision-du-ps-de-voter-contre-est-irrevocable-assure-olivier-faure-avant-l-interview-de-francois-bayrou_7465021.html\" rel=\"nofollow noopener\" target=\"_blank\">que le PS votera contre la confiance<\/a> au gouvernement de Fran\u00e7ois Bayrou. R\u00e9affirmant qu&rsquo;il \u00e9tait pr\u00eat \u00e0 devenir Premier ministre si Emmanuel Macron le lui proposait, le patron du PS a appel\u00e9 toutes les personnalit\u00e9s de gauche \u00e0 faire de m\u00eame\u00a0: \u00ab\u00a0L&rsquo;identit\u00e9 de celui qui sera \u00e0 Matignon m&rsquo;importe peu.\u00a0\u00bb<\/p>\n","protected":false},"excerpt":{"rendered":"Sans surprise, il n&rsquo;a pas convaincu les oppositions. Le Premier ministre, Fran\u00e7ois Bayrou, a r\u00e9pondu aux questions de&hellip;\n","protected":false},"author":2,"featured_media":356881,"comment_status":"","ping_status":"","sticky":false,"template":"","format":"standard","meta":{"footnotes":""},"categories":[4],"tags":[11,1011,27,12,25],"class_list":{"0":"post-356880","1":"post","2":"type-post","3":"status-publish","4":"format-standard","5":"has-post-thumbnail","7":"category-france","8":"tag-actualites","9":"tag-fr","10":"tag-france","11":"tag-news","12":"tag-republique-francaise"},"share_on_mastodon":{"url":"https:\/\/pubeurope.com\/@fr\/115124872463810680","error":""},"_links":{"self":[{"href":"https:\/\/www.europesays.com\/fr\/wp-json\/wp\/v2\/posts\/356880","targetHints":{"allow":["GET"]}}],"collection":[{"href":"https:\/\/www.europesays.com\/fr\/wp-json\/wp\/v2\/posts"}],"about":[{"href":"https:\/\/www.europesays.com\/fr\/wp-json\/wp\/v2\/types\/post"}],"author":[{"embeddable":true,"href":"https:\/\/www.europesays.com\/fr\/wp-json\/wp\/v2\/users\/2"}],"replies":[{"embeddable":true,"href":"https:\/\/www.europesays.com\/fr\/wp-json\/wp\/v2\/comments?post=356880"}],"version-history":[{"count":0,"href":"https:\/\/www.europesays.com\/fr\/wp-json\/wp\/v2\/posts\/356880\/revisions"}],"wp:featuredmedia":[{"embeddable":true,"href":"https:\/\/www.europesays.com\/fr\/wp-json\/wp\/v2\/media\/356881"}],"wp:attachment":[{"href":"https:\/\/www.europesays.com\/fr\/wp-json\/wp\/v2\/media?parent=356880"}],"wp:term":[{"taxonomy":"category","embeddable":true,"href":"https:\/\/www.europesays.com\/fr\/wp-json\/wp\/v2\/categories?post=356880"},{"taxonomy":"post_tag","embeddable":true,"href":"https:\/\/www.europesays.com\/fr\/wp-json\/wp\/v2\/tags?post=356880"}],"curies":[{"name":"wp","href":"https:\/\/api.w.org\/{rel}","templated":true}]}}