{"id":356888,"date":"2025-08-31T18:53:09","date_gmt":"2025-08-31T18:53:09","guid":{"rendered":"https:\/\/www.europesays.com\/fr\/356888\/"},"modified":"2025-08-31T18:53:09","modified_gmt":"2025-08-31T18:53:09","slug":"franco-morbidelli-pret-a-prolonger-chez-vr46-en-2026","status":"publish","type":"post","link":"https:\/\/www.europesays.com\/fr\/356888\/","title":{"rendered":"Franco Morbidelli pr\u00eat \u00e0 prolonger chez VR46 en 2026 ?"},"content":{"rendered":"<p class=\"my-2 [&amp;+p]:mt-4 [&amp;_strong:has(+br)]:inline-block [&amp;_strong:has(+br)]:pb-2\">Franco Morbidelli devrait bient\u00f4t officialiser sa prolongation avec le team VR46 pour la saison 2026. Lors d\u2019un point presse organis\u00e9 lors du Grand Prix de Hongrie, le pilote a laiss\u00e9 entendre devant les m\u00e9dias, dont AUTOhebdo, qu\u2019il avait obtenu de bonnes nouvelles \u00e0 ce sujet.<\/p>\n<p class=\"my-2 [&amp;+p]:mt-4 [&amp;_strong:has(+br)]:inline-block [&amp;_strong:has(+br)]:pb-2\">Bien qu\u2019aucun communiqu\u00e9 officiel n\u2019ait encore \u00e9t\u00e9 publi\u00e9, l\u2019Italien a pr\u00e9cis\u00e9 qu\u2019il avait d\u00e9j\u00e0 \u00e9clairci la situation quant \u00e0 son avenir. Dans ses propos, Morbidelli confie : \u00ab On m\u2019a donn\u00e9 des nouvelles, mais on m\u2019a aussi dit que ce n\u2019\u00e9tait pas encore le moment d\u2019en parler. J\u2019aimerais bien pouvoir en discuter, mais pour l\u2019instant ce n\u2019est pas possible. \u00bb Une phrase qui laisse augurer une issue favorable \u00e0 son maintien au sein de l\u2019\u00e9quipe de <a href=\"https:\/\/www.autohebdo.fr\/actualites\/tag\/valentino-rossi\" data-internallinksmanager029f6b8e52c=\"35\" title=\"Valentino Rossi\" target=\"_blank\" rel=\"noopener\">Valentino Rossi<\/a>.<\/p>\n<p class=\"my-2 [&amp;+p]:mt-4 [&amp;_strong:has(+br)]:inline-block [&amp;_strong:has(+br)]:pb-2\">Actuellement, il est le dernier pilote du giron Ducati \u00e0 ne pas d\u00e9tenir de contrat valid\u00e9 pour la prochaine saison, tandis que les autres acteurs du constructeur italien ont d\u00e9j\u00e0 boucl\u00e9 leur avenir. Ces propos scellent donc le sort des pilotes affili\u00e9s \u00e0 Borgo Panigale. Le Transalpin sera toujours associ\u00e9 \u00e0 son \u00e9quipier actuel, Fabio Di Giannantonio.<\/p>\n<p>Bient\u00f4t la fin du mercato MotoGP pour 2026<\/p>\n<p class=\"my-2 [&amp;+p]:mt-4 [&amp;_strong:has(+br)]:inline-block [&amp;_strong:has(+br)]:pb-2\">Il ne disposera cependant probablement pas de la m\u00eame moto que ce dernier. En 2026, Franco Morbidelli devrait logiquement h\u00e9riter de la GP25. Son voisin de garage, quant \u00e0 lui, sera toujours \u00e9quip\u00e9 de la derni\u00e8re version de la Desmosedici GP, que sera la GP26.<\/p>\n<p>Il faut dire qu\u2019outre la signature longtemps \u00e9voqu\u00e9e de Pedro Acosta en provenance de KTM, les jeunes pilotes de la VR46 Riders Academy ne se pressent pas aux portes de la cat\u00e9gorie reine. Unique prot\u00e9g\u00e9 de Valentino Rossi en Moto2, Celestino Vietti expliquait en Autriche lorgner sur une promotion. Le Transalpin ne convainc cependant pas vraiment pas ses r\u00e9sultats.<\/p>\n<p class=\"my-2 [&amp;+p]:mt-4 [&amp;_strong:has(+br)]:inline-block [&amp;_strong:has(+br)]:pb-2\">Par ailleurs, chez Ducati, Marc M\u00e1rquez et Francesco Bagnaia disposent d\u2019un contrat dans l\u2019\u00e9quipe officielle. Alex M\u00e1rquez et Fermin Aldeguer ont eux confirm\u00e9 leurs avenirs respectifs avec Gresini Racing. L\u2019usine de Bologne, tout comme Honda et Yamaha, semble donc avoir d\u00e9j\u00e0 r\u00e9gl\u00e9 le casse-t\u00eate en interne. Reste maintenant \u00e0 finaliser les derniers d\u00e9tails de ces accords, pour pouvoir officialiser les nouvelles.<\/p>\n<p><strong>\u00c0 LIRE AUSSI &gt;\u00a0<a href=\"https:\/\/www.autohebdo.fr\/actualites\/motogp\/jack-miller-conserve-chez-pramac-miguel-oliveira-vers-le-superbike.html\" target=\"_blank\" rel=\"noopener\">Jack Miller conserv\u00e9 chez Pramac, Miguel Oliveira vers le Superbike ?<\/a><\/strong><\/p>\n","protected":false},"excerpt":{"rendered":"Franco Morbidelli devrait bient\u00f4t officialiser sa prolongation avec le team VR46 pour la saison 2026. Lors d\u2019un point&hellip;\n","protected":false},"author":2,"featured_media":356889,"comment_status":"","ping_status":"","sticky":false,"template":"","format":"standard","meta":{"footnotes":""},"categories":[1413],"tags":[1011,27,1457,1456,60],"class_list":{"0":"post-356888","1":"post","2":"type-post","3":"status-publish","4":"format-standard","5":"has-post-thumbnail","7":"category-moto","8":"tag-fr","9":"tag-france","10":"tag-moto","11":"tag-motocycle","12":"tag-sports"},"share_on_mastodon":{"url":"https:\/\/pubeurope.com\/@fr\/115124896031599687","error":""},"_links":{"self":[{"href":"https:\/\/www.europesays.com\/fr\/wp-json\/wp\/v2\/posts\/356888","targetHints":{"allow":["GET"]}}],"collection":[{"href":"https:\/\/www.europesays.com\/fr\/wp-json\/wp\/v2\/posts"}],"about":[{"href":"https:\/\/www.europesays.com\/fr\/wp-json\/wp\/v2\/types\/post"}],"author":[{"embeddable":true,"href":"https:\/\/www.europesays.com\/fr\/wp-json\/wp\/v2\/users\/2"}],"replies":[{"embeddable":true,"href":"https:\/\/www.europesays.com\/fr\/wp-json\/wp\/v2\/comments?post=356888"}],"version-history":[{"count":0,"href":"https:\/\/www.europesays.com\/fr\/wp-json\/wp\/v2\/posts\/356888\/revisions"}],"wp:featuredmedia":[{"embeddable":true,"href":"https:\/\/www.europesays.com\/fr\/wp-json\/wp\/v2\/media\/356889"}],"wp:attachment":[{"href":"https:\/\/www.europesays.com\/fr\/wp-json\/wp\/v2\/media?parent=356888"}],"wp:term":[{"taxonomy":"category","embeddable":true,"href":"https:\/\/www.europesays.com\/fr\/wp-json\/wp\/v2\/categories?post=356888"},{"taxonomy":"post_tag","embeddable":true,"href":"https:\/\/www.europesays.com\/fr\/wp-json\/wp\/v2\/tags?post=356888"}],"curies":[{"name":"wp","href":"https:\/\/api.w.org\/{rel}","templated":true}]}}