{"id":356890,"date":"2025-08-31T18:54:23","date_gmt":"2025-08-31T18:54:23","guid":{"rendered":"https:\/\/www.europesays.com\/fr\/356890\/"},"modified":"2025-08-31T18:54:23","modified_gmt":"2025-08-31T18:54:23","slug":"lewis-hamilton-deja-penalise-sur-la-grille-a-monza","status":"publish","type":"post","link":"https:\/\/www.europesays.com\/fr\/356890\/","title":{"rendered":"Lewis Hamilton d\u00e9j\u00e0 p\u00e9nalis\u00e9 sur la grille \u00e0 Monza\u00a0!"},"content":{"rendered":"<p>Le dimanche de <a href=\"https:\/\/fr.motorsport.com\/driver\/lewis-hamilton\/76878\/\" target=\"_blank\" rel=\"noopener\">Lewis Hamilton<\/a> a beau s&rsquo;\u00eatre termin\u00e9 pr\u00e9cocement suite \u00e0 son accident au 23e tour de course, le Britannique n&rsquo;en avait pas fini avec les ennuis. Il vient en effet d&rsquo;\u00e9coper d&rsquo;une p\u00e9nalit\u00e9 de cinq places de recul sur la grille de d\u00e9part du Grand Prix d&rsquo;Italie, la semaine prochaine, en raison d&rsquo;une infraction commise avant m\u00eame le d\u00e9but de la course ce dimanche \u00e0 Zandvoort.<\/p>\n<p>Le septuple champion du monde, qui \u00e9tait en fait sous enqu\u00eate depuis avant le d\u00e9but de la course du GP des Pays-Bas, \u00e9tait en effet soup\u00e7onn\u00e9 d&rsquo;avoir \u00e9t\u00e9 trop vite sous drapeau jaune lors des tours de reconnaissance et de mise en grille. Apr\u00e8s audience et enqu\u00eate des commissaires, ces derniers ont reconnu Hamilton coupable de l&rsquo;infraction en question et l&rsquo;ont sanctionn\u00e9 d&rsquo;un recul de cinq places sur la grille de la prochaine course \u00e0 laquelle il participera &#8211; donc Monza la semaine prochaine &#8211; ainsi que de deux points de p\u00e9nalit\u00e9 sur sa Super Licence.<\/p>\n<p>Voici leur justification de la d\u00e9cision\u00a0: \u00ab\u00a0En raison de la nature du circuit, le directeur de course avait inform\u00e9 tous les participants que le dernier virage avant la voie des stands serait signal\u00e9 par des doubles drapeaux jaunes. Cette mesure visait \u00e0 garantir la s\u00e9curit\u00e9 des personnes pr\u00e9sentes sur la grille de d\u00e9part et dans la voie des stands.\u00a0\u00bb<\/p>\n<p>\u00ab\u00a0Conform\u00e9ment au r\u00e8glement, tout pilote traversant une zone signal\u00e9e par des doubles drapeaux jaunes doit &lsquo;r\u00e9duire consid\u00e9rablement sa vitesse&#8230;&rsquo;. Nous avons examin\u00e9 les donn\u00e9es t\u00e9l\u00e9m\u00e9triques disponibles via le syst\u00e8me de la FIA. Nous avons \u00e9galement demand\u00e9 \u00e0 l&rsquo;\u00e9quipe de nous fournir ses donn\u00e9es t\u00e9l\u00e9m\u00e9triques. Tout cela a pris un certain temps et cette d\u00e9cision a donc \u00e9t\u00e9 retard\u00e9e.\u00a0\u00bb<\/p>\n<p>   <img decoding=\"async\" draggable=\"false\" src=\"https:\/\/www.europesays.com\/fr\/wp-content\/uploads\/2025\/08\/1756666463_543_lewis-hamilton-ferrari.jpg\" alt=\"Lewis Hamilton (Ferrari)\" width=\"1200\" height=\"800\" loading=\"lazy\"\/> <\/p>\n<p class=\"title\">Lewis Hamilton (Ferrari)<\/p>\n<p class=\"photographer\">Photo de: Andrea Diodato \/ NurPhoto via Getty Images<\/p>\n<p>\u00ab\u00a0En outre, l&rsquo;article 44.1 [du R\u00e8glement Sportif de la F1] exige que tous les pilotes effectuant plus d&rsquo;un tour de reconnaissance roulent \u00e0 &lsquo;vitesse fortement r\u00e9duite&rsquo; dans la voie d&rsquo;entr\u00e9e des stands.\u00a0\u00bb<\/p>\n<p>\u00ab\u00a0Les donn\u00e9es ont montr\u00e9 que le pilote \u00e9tait entr\u00e9 dans le secteur sous doubles drapeaux jaunes \u00e0 une vitesse inf\u00e9rieure d&rsquo;environ 20 km\/h \u00e0 celle qu&rsquo;il avait atteinte au m\u00eame endroit lors des s\u00e9ances d&rsquo;essais, qu&rsquo;il avait r\u00e9duit l&rsquo;acc\u00e9l\u00e9ration de l&rsquo;ordre de 10% \u00e0 20%, puis qu&rsquo;il avait lev\u00e9 le pied et frein\u00e9 70 m\u00e8tres plus t\u00f4t en entrant dans la voie des stands.\u00a0\u00bb<\/p>\n<p>\u00ab\u00a0Nous n&rsquo;avons pas consid\u00e9r\u00e9 qu&rsquo;une r\u00e9duction de 20 km\/h de la vitesse dans un secteur sous doubles drapeaux jaunes constituait une r\u00e9duction &lsquo;significative&rsquo; de la vitesse. Nous n&rsquo;avons pas non plus consid\u00e9r\u00e9 que la vitesse \u00e0 laquelle le pilote est entr\u00e9 dans la voie d&rsquo;entr\u00e9e aux stands \u00e9tait &lsquo;consid\u00e9rablement&rsquo; r\u00e9duite.\u00a0\u00bb<\/p>\n<p>\u00ab\u00a0Les directives en mati\u00e8re de sanctions pour une telle infraction pr\u00e9voient normalement une p\u00e9nalit\u00e9 de 10 places sur la grille de d\u00e9part lors de la course suivante. Cependant, \u00e9tant donn\u00e9 que le pilote avait tent\u00e9 de r\u00e9duire sa vitesse et de freiner plus t\u00f4t, nous avons pris cela en compte comme circonstance att\u00e9nuante et avons impos\u00e9 une p\u00e9nalit\u00e9 de 5 places sur la grille de d\u00e9part.\u00a0\u00bb<\/p>\n<p>Lire aussi :<\/p>\n<p>Dans cet article<\/p>\n<p>Soyez le premier inform\u00e9 et souscrivez aux alertes mails pour recevoir les infos en temps r\u00e9el<\/p>\n<p>    S&rsquo;abonner aux alertes de news<\/p>\n","protected":false},"excerpt":{"rendered":"Le dimanche de Lewis Hamilton a beau s&rsquo;\u00eatre termin\u00e9 pr\u00e9cocement suite \u00e0 son accident au 23e tour de&hellip;\n","protected":false},"author":2,"featured_media":356891,"comment_status":"","ping_status":"","sticky":false,"template":"","format":"standard","meta":{"footnotes":""},"categories":[1412],"tags":[1451,2251,1452,1453,1454,1455,1011,27,33818,1975,49255,60,42781],"class_list":{"0":"post-356890","1":"post","2":"type-post","3":"status-publish","4":"format-standard","5":"has-post-thumbnail","7":"category-f1","8":"tag-f1","9":"tag-ferrari","10":"tag-formula-1","11":"tag-formula1","12":"tag-formule-1","13":"tag-formule1","14":"tag-fr","15":"tag-france","16":"tag-gp-des-pays-bas","17":"tag-lewis-hamilton","18":"tag-lewis-hamilton-du00e9ju00e0-pu00e9nalisu00e9-sur-la-grille-u00e0-monzau00a0","19":"tag-sports","20":"tag-zandvoort"},"share_on_mastodon":{"url":"https:\/\/pubeurope.com\/@fr\/115124899960928479","error":""},"_links":{"self":[{"href":"https:\/\/www.europesays.com\/fr\/wp-json\/wp\/v2\/posts\/356890","targetHints":{"allow":["GET"]}}],"collection":[{"href":"https:\/\/www.europesays.com\/fr\/wp-json\/wp\/v2\/posts"}],"about":[{"href":"https:\/\/www.europesays.com\/fr\/wp-json\/wp\/v2\/types\/post"}],"author":[{"embeddable":true,"href":"https:\/\/www.europesays.com\/fr\/wp-json\/wp\/v2\/users\/2"}],"replies":[{"embeddable":true,"href":"https:\/\/www.europesays.com\/fr\/wp-json\/wp\/v2\/comments?post=356890"}],"version-history":[{"count":0,"href":"https:\/\/www.europesays.com\/fr\/wp-json\/wp\/v2\/posts\/356890\/revisions"}],"wp:featuredmedia":[{"embeddable":true,"href":"https:\/\/www.europesays.com\/fr\/wp-json\/wp\/v2\/media\/356891"}],"wp:attachment":[{"href":"https:\/\/www.europesays.com\/fr\/wp-json\/wp\/v2\/media?parent=356890"}],"wp:term":[{"taxonomy":"category","embeddable":true,"href":"https:\/\/www.europesays.com\/fr\/wp-json\/wp\/v2\/categories?post=356890"},{"taxonomy":"post_tag","embeddable":true,"href":"https:\/\/www.europesays.com\/fr\/wp-json\/wp\/v2\/tags?post=356890"}],"curies":[{"name":"wp","href":"https:\/\/api.w.org\/{rel}","templated":true}]}}