{"id":356894,"date":"2025-08-31T18:56:10","date_gmt":"2025-08-31T18:56:10","guid":{"rendered":"https:\/\/www.europesays.com\/fr\/356894\/"},"modified":"2025-08-31T18:56:10","modified_gmt":"2025-08-31T18:56:10","slug":"habib-beye-se-debarrasse-encore-dun-indesirable","status":"publish","type":"post","link":"https:\/\/www.europesays.com\/fr\/356894\/","title":{"rendered":"Habib Beye se d\u00e9barrasse encore d&rsquo;un ind\u00e9sirable"},"content":{"rendered":"<p>1 victoire surprise contre l&rsquo;OM, puis le n\u00e9ant. <strong><a href=\"https:\/\/www.dailymercato.com\/club\/stade-rennais-fc-24\" rel=\"nofollow noopener\" target=\"_blank\">Le Stade Rennais<\/a> n&rsquo;a r\u00e9colt\u00e9 que 4 points<\/strong> sur les 9 possibles. Un maigre bilan, qui ne suffira pas \u00e0 d\u00e9fendre le projet d&rsquo;Habib Beye. Conscient de devoir faire mieux, le coach breton compte bien remodeler son effectif.<\/p>\n<p>Cet \u00e9t\u00e9, le mercato de Rennes a recrut\u00e9 6 nouveaux joueurs. Un chiffre qui ne vient pas compenser <strong>les 17 d\u00e9parts depuis le 1er juin<\/strong>. Et alors que <a href=\"https:\/\/www.dailymercato.com\/news\/mercato-rennes-le-dossier-interminable-de-conrad-harder-prend-fin\" rel=\"nofollow noopener\" target=\"_blank\">le dossier de Conrad Harder a finalement capot\u00e9<\/a>, un jeune espoir du SRFC va prendre la direction de l&rsquo;Italie.<\/p>\n<p>Mikayil Faye d\u00e9barque en Serie A<\/p>\n<p>Il \u00e9tait un des grands talents du FC Barcelone B. En 2024, Mikayil Faye a d\u00e9barqu\u00e9 \u00e0 Rennes dans la peau d&rsquo;un des cracks de sa g\u00e9n\u00e9ration 2004. Du haut de ses 21 ans, <strong>le d\u00e9fenseur polyvalent pouvait m\u00eame r\u00eaver d&rsquo;\u00eatre le futur cador de sa s\u00e9lection<\/strong>.<\/p>\n<p>1 an plus tard, force est de constater que la carri\u00e8re de Faye stagne en Bretagne. Lors de la saison 2024-2025, le d\u00e9fenseur rennais n&rsquo;a disput\u00e9 que 12 petits matchs sous les couleurs des Rouge et Noir.<\/p>\n<p>Conscient de ne pas entrer dans les plans de Habib Beye apr\u00e8s les arriv\u00e9es d\u00e9finitives de Lilian Brassier de Quentin Merlin, <strong>Mikayil Faye a d\u00e9cid\u00e9 de rejoindre le promu Cremonese\u00a0<\/strong>sous la forme d&rsquo;un pr\u00eat avec 1 an optionnel en cas de maintien en Serie A. En plus de relancer sa carri\u00e8re, le jeune d\u00e9fenseur central croisera la route d&rsquo;un certain Jamie Vardy.<\/p>\n<blockquote class=\"twitter-tweet\"><p>&#13;<\/p>\n<p dir=\"ltr\" lang=\"en\">\ud83d\udea8\ud83c\uddee\ud83c\uddf9 After Jamie Vardy, Cremonese are closing in on Mika Faye deal with Rennes to bring former Bar\u00e7a centre back in Italy.<\/p>\n<p>Negotiations at final stages on loan with buy option, green light from Faye but still details to sort between clubs.<\/p>\n<p>If all goes to play, flying today. \u2708\ufe0f <a href=\"https:\/\/t.co\/PZkMzxRyx2\" rel=\"nofollow\">pic.twitter.com\/PZkMzxRyx2<\/a><\/p>\n<p>&#13;<br \/>\n\u2014 Fabrizio Romano (@FabrizioRomano) <a href=\"https:\/\/twitter.com\/FabrizioRomano\/status\/1962117757576569330?ref_src=twsrc%5Etfw\" rel=\"nofollow noopener\" target=\"_blank\">August 31, 2025<\/a><\/p><\/blockquote>\n<p>Supporter st\u00e9phanois, je ne perds pas espoir de revoir les Verts retrouver les sommets. En attendant, je m&rsquo;endes clu remets aux autres clubs historiques du football fran\u00e7ais pour prendre mon mal en patience, et ainsi admirer des clubs comme Strasbourg ou le RC Lens.<\/p>\n<p>            <script async src=\"https:\/\/platform.twitter.com\/widgets.js\" charset=\"utf-8\"><\/script><\/p>\n","protected":false},"excerpt":{"rendered":"1 victoire surprise contre l&rsquo;OM, puis le n\u00e9ant. Le Stade Rennais n&rsquo;a r\u00e9colt\u00e9 que 4 points sur les&hellip;\n","protected":false},"author":2,"featured_media":342819,"comment_status":"","ping_status":"","sticky":false,"template":"","format":"standard","meta":{"footnotes":""},"categories":[1410],"tags":[63,1011,27,60],"class_list":{"0":"post-356894","1":"post","2":"type-post","3":"status-publish","4":"format-standard","5":"has-post-thumbnail","7":"category-football","8":"tag-football","9":"tag-fr","10":"tag-france","11":"tag-sports"},"share_on_mastodon":{"url":"https:\/\/pubeurope.com\/@fr\/115124907815168553","error":""},"_links":{"self":[{"href":"https:\/\/www.europesays.com\/fr\/wp-json\/wp\/v2\/posts\/356894","targetHints":{"allow":["GET"]}}],"collection":[{"href":"https:\/\/www.europesays.com\/fr\/wp-json\/wp\/v2\/posts"}],"about":[{"href":"https:\/\/www.europesays.com\/fr\/wp-json\/wp\/v2\/types\/post"}],"author":[{"embeddable":true,"href":"https:\/\/www.europesays.com\/fr\/wp-json\/wp\/v2\/users\/2"}],"replies":[{"embeddable":true,"href":"https:\/\/www.europesays.com\/fr\/wp-json\/wp\/v2\/comments?post=356894"}],"version-history":[{"count":0,"href":"https:\/\/www.europesays.com\/fr\/wp-json\/wp\/v2\/posts\/356894\/revisions"}],"wp:featuredmedia":[{"embeddable":true,"href":"https:\/\/www.europesays.com\/fr\/wp-json\/wp\/v2\/media\/342819"}],"wp:attachment":[{"href":"https:\/\/www.europesays.com\/fr\/wp-json\/wp\/v2\/media?parent=356894"}],"wp:term":[{"taxonomy":"category","embeddable":true,"href":"https:\/\/www.europesays.com\/fr\/wp-json\/wp\/v2\/categories?post=356894"},{"taxonomy":"post_tag","embeddable":true,"href":"https:\/\/www.europesays.com\/fr\/wp-json\/wp\/v2\/tags?post=356894"}],"curies":[{"name":"wp","href":"https:\/\/api.w.org\/{rel}","templated":true}]}}