{"id":356895,"date":"2025-08-31T18:57:09","date_gmt":"2025-08-31T18:57:09","guid":{"rendered":"https:\/\/www.europesays.com\/fr\/356895\/"},"modified":"2025-08-31T18:57:09","modified_gmt":"2025-08-31T18:57:09","slug":"son-fils-apatride-c","status":"publish","type":"post","link":"https:\/\/www.europesays.com\/fr\/356895\/","title":{"rendered":"son fils apatride ? C &#8230;"},"content":{"rendered":"<p>EN BREF<\/p>\n<ul class=\"bloc_resume_post_list\">\n<li>Mathieu Ceschin, ex-candidat de L\u2019Amour est dans le pr\u00e9,<br \/>\nest papa depuis 2024 gr\u00e2ce \u00e0 une GPA en Colombie.<\/li>\n<li>Son fils Ezio risque d\u2019\u00eatre consid\u00e9r\u00e9 comme apatride en<br \/>\nraison d\u2019un changement dans les proc\u00e9dures administratives li\u00e9es \u00e0<br \/>\nla reconnaissance de la filiation.<\/li>\n<li>Heureusement, Mathieu \u00e9tant reconnu comme p\u00e8re<br \/>\nbiologique, l\u2019obtention d\u2019un passeport fran\u00e7ais devrait se faire<br \/>\nsans grande difficult\u00e9.<\/li>\n<\/ul>\n<p><a href=\"https:\/\/www.telestar.fr\/tele_realite\/mathieu-ceschin-le-jeune-papa-atteint-dune-maladie-rare-oblige-a-des-examens-de-sante-inquietants-1681895\" target=\"_blank\" rel=\"noopener\"><br \/>\nL\u00a0\u00bbancien agriculteur Mathieu Ceschin<\/a> fait partie des candidats<br \/>\nembl\u00e9matiques de L&rsquo;amour est dans le pr\u00e9. S\u2019il est toujours<br \/>\nc\u00e9libataire, il a <a href=\"https:\/\/www.telestar.fr\/actu_tv\/mathieu-ceschin-lamour-est-dans-le-pre-tres-emu-il-devoile-les-premieres-images-de-son-fils-1669430\" target=\"_blank\" rel=\"noopener\"><br \/>\nr\u00e9alis\u00e9 un de ses plus grands r\u00eaves : devenir papa<\/a>. En 2024,<br \/>\napr\u00e8s avoir eu recours \u00e0 la gestation par autrui, il est devenu<br \/>\npapa d\u2019un petit gar\u00e7on, qu\u2019il a pr\u00e9nomm\u00e9 Ezio. S\u2019il avait fait les<br \/>\npremi\u00e8res recherches pour avoir <a href=\"https:\/\/www.telestar.fr\/tele_realite\/mathieu-ceschin-lamour-est-dans-le-pre-papa-il-rentre-en-france-avec-son-fils-tendres-adieux-a-la-mere-porteuse-1680459\" target=\"_blank\" rel=\"noopener\"><br \/>\nrecours \u00e0 une m\u00e8re porteuse<\/a> avec <strong>son ex-conjoint<br \/>\nAlexandre,<\/strong> une fois c\u00e9libataire, il a d\u00e9cid\u00e9 de continuer<br \/>\nl\u2019aventure tout seul.<\/p>\n<p>Mais <a href=\"https:\/\/www.telestar.fr\/people\/mathieu-ceschin-adp-jai-decide-de-faire-les-demarches-le-jeune-papa-a-pris-une-grande-decision-pour-son-fils-et-lui-1735060\" target=\"_blank\" rel=\"noopener\"><br \/>\nson quotidien de jeune papa<\/a> est loin d\u2019\u00eatre un long fleuve<br \/>\ntranquille. \u00c9tant donn\u00e9 que son fils est n\u00e9 d\u2019une m\u00e8re porteuse<br \/>\ncolombienne, il rencontre des probl\u00e8mes quant \u00e0 <strong>la<br \/>\nnationalit\u00e9 de son enfant.<\/strong><\/p>\n<p>Mathieu (L&rsquo;Amour est dans le pr\u00e9) rencontre des probl\u00e8mes<br \/>\nadministratifs avec son fils<\/p>\n<p>Depuis son passage dans la saison 15 de L&rsquo;Amour est dans le pr\u00e9,<br \/>\n<a href=\"https:\/\/www.telestar.fr\/tele_realite\/mathieu-ceschin-lamour-est-dans-le-pre-papa-il-publie-la-toute-premiere-photo-de-son-fils-ne-par-gpa-1675452\" target=\"_blank\" rel=\"noopener\"><br \/>\nMathieu continue de partager son quotidien sur Instagram.<\/a> Ses<br \/>\nabonn\u00e9s peuvent donc suivre ses aventures de papa solo. Dimanche 31<br \/>\nao\u00fbt, il a pris la parole en story, pour faire part des<br \/>\n<strong>probl\u00e8mes administratifs qu\u2019il rencontrait vis-\u00e0-vis<br \/>\nd\u2019Ezio<\/strong> : \u201cIl faut que je fasse le passeport fran\u00e7ais<br \/>\nd\u2019Ezio parce que les modalit\u00e9s ont chang\u00e9. Il a un passeport<br \/>\ncolombien. Alors, il est fran\u00e7ais parce que, comme ce sont mes<br \/>\npaillettes, il est automatiquement fran\u00e7ais, mais avant, il fallait<br \/>\ngarder le passeport colombien pour que le juge colombien d\u00e9cide que<br \/>\nla porteuse de vie soit enlev\u00e9e du livret de famille. Et apr\u00e8s on<br \/>\nfaisait le passeport fran\u00e7ais\u201d, commence l\u2019ancien candidat de<br \/>\nL&rsquo;Amour est dans le pr\u00e9.<\/p>\n<p>Mais depuis peu, les choses ne sont plus ainsi, c\u2019est pourquoi<br \/>\nle p\u00e8re de famille doit agir au plus vite : \u201cL\u00e0 \u00e7a a chang\u00e9 :<br \/>\nles juges consid\u00e8rent, et ils n\u2019ont pas tort, que le temps qu\u2019on<br \/>\nenl\u00e8ve la porteuse de vie et qu\u2019il ait le passeport fran\u00e7ais,<br \/>\n<strong>il y a un risque qu\u2019il soit<br \/>\napatride.<\/strong><strong>\u201d<\/strong> Mais la bonne nouvelle,<br \/>\nc\u2019est que comme Mathieu est reconnu comme \u00e9tant le p\u00e8re biologique<br \/>\nd\u2019Ezio, cela ne devrait en r\u00e9alit\u00e9 pas poser trop de probl\u00e8me.<br \/>\n<a href=\"https:\/\/www.telestar.fr\/people\/mathieu-lamour-est-dans-le-pre-laide-sociale-a-lenfance-dispose-de-plusieurs-plaintes-contre-lui-1706618\" target=\"_blank\" rel=\"noopener\"><br \/>\nL\u2019ex-compagnon d\u2019Alexandre<\/a> poursuit : \u201cDonc ils veulent que<br \/>\nl\u2019enfant ait d\u2019abord le passeport du pays, ensuite ils enl\u00e8vent la<br \/>\nporteuse de vie du livret de famille, ils refont un acte de<br \/>\nnaissance et avec ce nouvel acte, on refait un livret de famille et<br \/>\nun passeport avec la seule paternit\u00e9, le seul parent<br \/>\nofficiel.\u00a0\u00bb<\/p>\n<p>L\u2019Amour est dans le pr\u00e9 : Mathieu<br \/>\nbient\u00f4t de retour dans l\u2019\u00e9mission pour une occasion sp\u00e9ciale<\/p>\n<p>Apr\u00e8s avoir sillonn\u00e9 la France en camping-car avec son fils, la<br \/>\nrentr\u00e9e s\u2019annonce donc mouvement\u00e9e pour le p\u00e8re de famille.<br \/>\nD\u2019autant plus qu\u2019il va bient\u00f4t se rendre \u00e0 un \u00e9v\u00e9nement tr\u00e8s<br \/>\nsp\u00e9cial : <strong>les 20 ans de L&rsquo;Amour est dans le pr\u00e9<br \/>\n!<\/strong><\/p>\n<p>Une \u00e9mission sp\u00e9ciale sera diffus\u00e9e sur M6, au mois de d\u00e9cembre.<br \/>\nDe quoi lui laisser le temps de r\u00e9soudre ses probl\u00e8mes<br \/>\nadministratifs, d\u2019autant plus qu\u2019Ezio va passer quelques jours chez<br \/>\nsa tante.<\/p>\n","protected":false},"excerpt":{"rendered":"EN BREF Mathieu Ceschin, ex-candidat de L\u2019Amour est dans le pr\u00e9, est papa depuis 2024 gr\u00e2ce \u00e0 une&hellip;\n","protected":false},"author":2,"featured_media":356896,"comment_status":"","ping_status":"","sticky":false,"template":"","format":"standard","meta":{"footnotes":""},"categories":[1359],"tags":[548,58,59,1011,27,9307,973],"class_list":{"0":"post-356895","1":"post","2":"type-post","3":"status-publish","4":"format-standard","5":"has-post-thumbnail","7":"category-people","8":"tag-article-simple","9":"tag-divertissement","10":"tag-entertainment","11":"tag-fr","12":"tag-france","13":"tag-lamour-est-dans-le-pre","14":"tag-people"},"share_on_mastodon":{"url":"https:\/\/pubeurope.com\/@fr\/115124911720233030","error":""},"_links":{"self":[{"href":"https:\/\/www.europesays.com\/fr\/wp-json\/wp\/v2\/posts\/356895","targetHints":{"allow":["GET"]}}],"collection":[{"href":"https:\/\/www.europesays.com\/fr\/wp-json\/wp\/v2\/posts"}],"about":[{"href":"https:\/\/www.europesays.com\/fr\/wp-json\/wp\/v2\/types\/post"}],"author":[{"embeddable":true,"href":"https:\/\/www.europesays.com\/fr\/wp-json\/wp\/v2\/users\/2"}],"replies":[{"embeddable":true,"href":"https:\/\/www.europesays.com\/fr\/wp-json\/wp\/v2\/comments?post=356895"}],"version-history":[{"count":0,"href":"https:\/\/www.europesays.com\/fr\/wp-json\/wp\/v2\/posts\/356895\/revisions"}],"wp:featuredmedia":[{"embeddable":true,"href":"https:\/\/www.europesays.com\/fr\/wp-json\/wp\/v2\/media\/356896"}],"wp:attachment":[{"href":"https:\/\/www.europesays.com\/fr\/wp-json\/wp\/v2\/media?parent=356895"}],"wp:term":[{"taxonomy":"category","embeddable":true,"href":"https:\/\/www.europesays.com\/fr\/wp-json\/wp\/v2\/categories?post=356895"},{"taxonomy":"post_tag","embeddable":true,"href":"https:\/\/www.europesays.com\/fr\/wp-json\/wp\/v2\/tags?post=356895"}],"curies":[{"name":"wp","href":"https:\/\/api.w.org\/{rel}","templated":true}]}}