{"id":356899,"date":"2025-08-31T18:59:14","date_gmt":"2025-08-31T18:59:14","guid":{"rendered":"https:\/\/www.europesays.com\/fr\/356899\/"},"modified":"2025-08-31T18:59:14","modified_gmt":"2025-08-31T18:59:14","slug":"celle-qui-fugue-errances-et-identite-par-cecile-tlili","status":"publish","type":"post","link":"https:\/\/www.europesays.com\/fr\/356899\/","title":{"rendered":"\u00ab Celle qui fugue \u00bb, errances et identit\u00e9 par C\u00e9cile Tlili"},"content":{"rendered":"<p>      Arr\u00eater le cours du temps<\/p>\n<p>Lorsque son mari la quitte apr\u00e8s des ann\u00e9es de couple conflictuel, mais fonctionnel, le monde d\u2019Alice s\u2019\u00e9croule. Elle demande un temps d\u2019adaptation, stoppe la discussion, fait sa valise et part de l\u2019autre c\u00f4t\u00e9 de la M\u00e9diterran\u00e9e, en Corse. Sans rien dire, elle revient, reprend son m\u00e9tier de praticienne dans un laboratoire d\u2019analyse et erre la nuit dans la ville, incapable de se confronter \u00e0 la r\u00e9alit\u00e9 en voyant son ex-mari ou sa fille. Sur son chemin, elle croise une jeune assistante maternelle qui l\u2019aide et qu\u2019elle peut peut-\u00eatre aider en retour\u2026<\/p>\n<p>Errance m\u00e9taphysique<\/p>\n<p>Alice ne dort plus, ne mange plus, ne travaille plus. Elle erre la nuit depuis que son compagnon de toujours et p\u00e8re de sa fille lui a dit qu\u2019il la quittait. Il a parl\u00e9 et elle a tout laiss\u00e9 pour partir en Corse dont elle est vite revenue pour se terrer dans un h\u00f4tel. La seule chose qui la tient debout, c\u2019est d\u2019aller chercher sa fille \u00e0 l\u2019\u00e9cole et de la ramener \u00e0 ce qui a \u00e9t\u00e9 son domicile avant de retourner s\u2019effondrer dans sa chambre d\u2019h\u00f4tel triste et trop ch\u00e8re pour elle. C\u2019est la nuit qu\u2019elle vit presque le plus, lors de grandes errances dans la ville.<\/p>\n<p>Deuil de soi et de nous<\/p>\n<p>Dans une langue simple et poignante, C\u00e9cile Tlili exprime \u2013 quasiment \u00ab en temps r\u00e9el \u00bb toutes les nuances de cette premi\u00e8re phase de deuil qu\u2019est le refus. Le temps s\u2019arr\u00eate, l\u2019errance vient faire \u00e9cho \u00e0 la perte totale de rep\u00e8res, mais la vie reprend ses droits\u2026 Un texte dense et puissant qu\u2019on pourrait bien retrouver sur les listes de cette Rentr\u00e9e litt\u00e9raire 2025.<\/p>\n","protected":false},"excerpt":{"rendered":"Arr\u00eater le cours du temps Lorsque son mari la quitte apr\u00e8s des ann\u00e9es de couple conflictuel, mais fonctionnel,&hellip;\n","protected":false},"author":2,"featured_media":341468,"comment_status":"","ping_status":"","sticky":false,"template":"","format":"standard","meta":{"footnotes":""},"categories":[1357],"tags":[1379,58,59,1011,27,1380],"class_list":{"0":"post-356899","1":"post","2":"type-post","3":"status-publish","4":"format-standard","5":"has-post-thumbnail","7":"category-livres","8":"tag-books","9":"tag-divertissement","10":"tag-entertainment","11":"tag-fr","12":"tag-france","13":"tag-livres"},"share_on_mastodon":{"url":"https:\/\/pubeurope.com\/@fr\/115124919588264846","error":""},"_links":{"self":[{"href":"https:\/\/www.europesays.com\/fr\/wp-json\/wp\/v2\/posts\/356899","targetHints":{"allow":["GET"]}}],"collection":[{"href":"https:\/\/www.europesays.com\/fr\/wp-json\/wp\/v2\/posts"}],"about":[{"href":"https:\/\/www.europesays.com\/fr\/wp-json\/wp\/v2\/types\/post"}],"author":[{"embeddable":true,"href":"https:\/\/www.europesays.com\/fr\/wp-json\/wp\/v2\/users\/2"}],"replies":[{"embeddable":true,"href":"https:\/\/www.europesays.com\/fr\/wp-json\/wp\/v2\/comments?post=356899"}],"version-history":[{"count":0,"href":"https:\/\/www.europesays.com\/fr\/wp-json\/wp\/v2\/posts\/356899\/revisions"}],"wp:featuredmedia":[{"embeddable":true,"href":"https:\/\/www.europesays.com\/fr\/wp-json\/wp\/v2\/media\/341468"}],"wp:attachment":[{"href":"https:\/\/www.europesays.com\/fr\/wp-json\/wp\/v2\/media?parent=356899"}],"wp:term":[{"taxonomy":"category","embeddable":true,"href":"https:\/\/www.europesays.com\/fr\/wp-json\/wp\/v2\/categories?post=356899"},{"taxonomy":"post_tag","embeddable":true,"href":"https:\/\/www.europesays.com\/fr\/wp-json\/wp\/v2\/tags?post=356899"}],"curies":[{"name":"wp","href":"https:\/\/api.w.org\/{rel}","templated":true}]}}