{"id":356918,"date":"2025-08-31T19:18:28","date_gmt":"2025-08-31T19:18:28","guid":{"rendered":"https:\/\/www.europesays.com\/fr\/356918\/"},"modified":"2025-08-31T19:18:28","modified_gmt":"2025-08-31T19:18:28","slug":"francois-bayrou-abat-ses-cartes-pour-eviter-sa-chute-annoncee","status":"publish","type":"post","link":"https:\/\/www.europesays.com\/fr\/356918\/","title":{"rendered":"Fran\u00e7ois Bayrou abat ses cartes pour \u00e9viter sa chute annonc\u00e9e"},"content":{"rendered":"<p><strong>D\u00c9CRYPTAGE &#8211; <\/strong>Un jour f\u00e9ri\u00e9 supprim\u00e9 plut\u00f4t que deux, surtaxation des hauts patrimoines\u2026 Le premier ministre a esquiss\u00e9 des pistes de compromis dimanche, vis-\u00e0-vis du PS et du RN, en vue du vote de confiance du 8\u00a0septembre.<\/p>\n<p class=\"fig-paragraph\"><a href=\"http:\/\/www.lefigaro.fr\/politique\/apres-la-chute-annoncee-de-francois-bayrou-quels-lendemains-pour-les-republicains-20250827\" data-fig-type=\"Article\" data-gtm-custom-categorie=\"navigation\" data-gtm-custom-action=\"crossclick\" data-gtm-custom-label=\"Contextuel\" data-gtm-event=\"customEventSPE\" data-fig-domain=\"LEFIGARO\" target=\"_blank\" rel=\"noopener\">Une semaine pour montrer que la chute n\u2019est pas in\u00e9luctable<\/a>. Jusqu\u2019au vote de confiance qu\u2019il a convoqu\u00e9 \u00e0 l\u2019Assembl\u00e9e nationale, le 8\u00a0septembre, Fran\u00e7ois Bayrou entend marteler son appel \u00e0 la \u00ab\u00a0responsabilit\u00e9\u00a0\u00bb contre \u00ab\u00a0la mal\u00e9diction imm\u00e9diate de la dette\u00a0\u00bb. \u00c0 d\u00e9faut de convaincre les partis d\u2019opposition, qui ont tous annonc\u00e9 vouloir le mettre en minorit\u00e9, le premier ministre prend les Fran\u00e7ais \u00e0 t\u00e9moin.<\/p>\n<p class=\"fig-paragraph\">Preuve en est son entretien d\u2019une heure et demie diffus\u00e9 dimanche soir, depuis son bureau de l\u2019H\u00f4tel de Matignon, sur quatre cha\u00eenes d\u2019information &#8211; un format digne d\u2019une interview d\u2019un pr\u00e9sident de la R\u00e9publique. \u00ab\u00a0La question, ce n\u2019est pas le destin du premier ministre (\u2026), c\u2019est le destin de la France\u00a0\u00bb, a-t-il d\u2019embl\u00e9e soulign\u00e9, avant d\u2019insister\u00a0: \u00ab\u00a0Les jours qui vont venir sont cruciaux.\u00a0\u00bb \u00ab\u00a0Si on gagne, l\u2019horizon s\u2019ouvre\u00a0\u00bb, selon lui.<\/p>\n<p class=\"fig-body-link\">\n            \u00c0 lire aussi<br \/>\n        <a class=\"fig-body-link__link fig-premium-mark\" href=\"http:\/\/www.lefigaro.fr\/politique\/d-accord-avec-le-constat-de-francois-bayrou-edouard-philippe-alerte-sur-le-noeud-coulant-de-la-dette-20250830\" data-fig-type=\"NewsFlash\" data-gtm-custom-categorie=\"navigation\" data-gtm-custom-action=\"crossclick\" data-gtm-custom-label=\"Contextuel\" data-gtm-event=\"customEventSPE\" data-fig-domain=\"LEFIGARO\" target=\"_blank\" rel=\"noopener\">\u00abD\u2019accord\u00bb avec le \u00abconstat\u00bb de Fran\u00e7ois Bayrou, \u00c9douard Philippe alerte sur le \u00abn\u0153ud coulant\u00bb de la dette<br \/>\n    <\/a>\n<\/p>\n<p class=\"fig-paragraph\">En saturant les antennes, le ton grave, le centriste soigne son image d\u2019homme soucieux du redressement des comptes publics\u2026<\/p>\n<p class=\"fig-premium-paywall__infos\">\n        Cet article est r\u00e9serv\u00e9 aux abonn\u00e9s.        Il vous reste 85% \u00e0 d\u00e9couvrir.\n    <\/p>\n<p>                <img  data- alt=\"Le Figaro\" class=\"fig-img--complete fig-img\"\/><\/p>\n<p class=\"fig-premium-paywall__title\">Vente Flash<\/p>\n<p class=\"fig-premium-paywall__subtitle\">4,99\u20ac par mois pendant 12 mois. Sans engagement<\/p>\n<p class=\"fig-premium-paywall__connect\">\n                D\u00e9j\u00e0 abonn\u00e9\u00a0?                <a class=\"fig-premium-paywall__connect-link\" href=\"https:\/\/connect.lefigaro.fr\/login?client=horizon_web&amp;type=main&amp;redirect_uri=https%3A%2F%2Fwww.lefigaro.fr%2Fpolitique%2Ffrancois-bayrou-abat-ses-cartes-pour-eviter-sa-chute-annoncee-20250831\" data-js-gtm=\"{&quot;customCategorie&quot;: &quot;conversion&quot;, &quot;customAction&quot;: &quot;before_Landing_Connexion_paywall_auto&quot;, &quot;customLabel&quot;: &quot;bGVmaWdhcm8uZnJfXzFmMDg2N2Q0LWY2ZDktNmIyMC1hYjYyLTBkNzdhMGI5MzYwNl9fQXJ0aWNsZQ==_Fran\u00e7ois Bayrou abat ses cartes pour \u00e9viter sa chute annonc\u00e9e_117&quot;, &quot;customIDSPE&quot;: &quot;bGVmaWdhcm8uZnJfXzFmMDg2N2Q0LWY2ZDktNmIyMC1hYjYyLTBkNzdhMGI5MzYwNl9fQXJ0aWNsZQ==&quot;, &quot;event&quot;: &quot;customEventSPE&quot;}\" target=\"_blank\" rel=\"noopener\"><br \/>\n                    Connectez-vous<br \/>\n                <\/a>\n            <\/p>\n","protected":false},"excerpt":{"rendered":"D\u00c9CRYPTAGE &#8211; Un jour f\u00e9ri\u00e9 supprim\u00e9 plut\u00f4t que deux, surtaxation des hauts patrimoines\u2026 Le premier ministre a esquiss\u00e9&hellip;\n","protected":false},"author":2,"featured_media":356919,"comment_status":"","ping_status":"","sticky":false,"template":"","format":"standard","meta":{"footnotes":""},"categories":[4],"tags":[11,6327,1011,27,431,418,12,25],"class_list":{"0":"post-356918","1":"post","2":"type-post","3":"status-publish","4":"format-standard","5":"has-post-thumbnail","7":"category-france","8":"tag-actualites","9":"tag-dette","10":"tag-fr","11":"tag-france","12":"tag-francois-bayrou","13":"tag-gouvernement","14":"tag-news","15":"tag-republique-francaise"},"share_on_mastodon":{"url":"https:\/\/pubeurope.com\/@fr\/115124994331025743","error":""},"_links":{"self":[{"href":"https:\/\/www.europesays.com\/fr\/wp-json\/wp\/v2\/posts\/356918","targetHints":{"allow":["GET"]}}],"collection":[{"href":"https:\/\/www.europesays.com\/fr\/wp-json\/wp\/v2\/posts"}],"about":[{"href":"https:\/\/www.europesays.com\/fr\/wp-json\/wp\/v2\/types\/post"}],"author":[{"embeddable":true,"href":"https:\/\/www.europesays.com\/fr\/wp-json\/wp\/v2\/users\/2"}],"replies":[{"embeddable":true,"href":"https:\/\/www.europesays.com\/fr\/wp-json\/wp\/v2\/comments?post=356918"}],"version-history":[{"count":0,"href":"https:\/\/www.europesays.com\/fr\/wp-json\/wp\/v2\/posts\/356918\/revisions"}],"wp:featuredmedia":[{"embeddable":true,"href":"https:\/\/www.europesays.com\/fr\/wp-json\/wp\/v2\/media\/356919"}],"wp:attachment":[{"href":"https:\/\/www.europesays.com\/fr\/wp-json\/wp\/v2\/media?parent=356918"}],"wp:term":[{"taxonomy":"category","embeddable":true,"href":"https:\/\/www.europesays.com\/fr\/wp-json\/wp\/v2\/categories?post=356918"},{"taxonomy":"post_tag","embeddable":true,"href":"https:\/\/www.europesays.com\/fr\/wp-json\/wp\/v2\/tags?post=356918"}],"curies":[{"name":"wp","href":"https:\/\/api.w.org\/{rel}","templated":true}]}}