{"id":356924,"date":"2025-08-31T19:21:15","date_gmt":"2025-08-31T19:21:15","guid":{"rendered":"https:\/\/www.europesays.com\/fr\/356924\/"},"modified":"2025-08-31T19:21:15","modified_gmt":"2025-08-31T19:21:15","slug":"football-le-coup-franc-de-savanier-premier-succes-pour-guingamp-ce-quil-faut-retenir-de-la-4e-journee-de-ligue-2","status":"publish","type":"post","link":"https:\/\/www.europesays.com\/fr\/356924\/","title":{"rendered":"Football. Le coup franc de Savanier, premier succ\u00e8s pour Guingamp&#8230;. ce qu&rsquo;il faut retenir de la 4e journ\u00e9e de Ligue 2"},"content":{"rendered":"<p>  L\u2019\u00e9quipe\u00a0: Guingamp gagne enfin<\/p>\n<p>La 4e journ\u00e9e a \u00e9t\u00e9 un soir de premi\u00e8re pour plusieurs clubs dont Guigamp. L&rsquo;EAG a d\u00e9croch\u00e9 son premier succ\u00e8s de la saison en s&rsquo;imposant 3 \u00e0 1 sur la pelouse de Bastia. En Corse, les Bretons ont d\u00e9croch\u00e9 leur succ\u00e8s gr\u00e2ce \u00e0 une frappe lointaine de Darly N&rsquo;Landu (5e), une d\u00e9viation maline de J\u00e9r\u00e9my Hatchi (11e), et Louis Mafouta qui a scell\u00e9 la victoire (55e).\u00a0 Gr\u00e2ce \u00e0 ce succ\u00e8s l&rsquo;EAG sort de la zone rouge (15e, 4 pts), o\u00f9 reste englu\u00e9 Bastia (17e, 1 pt).<\/p>\n<p>Le joueur\u00a0: Damien Durand, meilleur buteur de Ligue 2<\/p>\n<p>C&rsquo;est la sensation du d\u00e9but de saison, et l&rsquo;artisan principal du succ\u00e8s du Red Star : Damien Durand. D\u00e9j\u00e0 tr\u00e8s actif lors de la mont\u00e9e du club parisien en Ligue 2 l&rsquo;an dernier, l&rsquo;ailier gauche est en forme avec d\u00e9j\u00e0 trois buts inscrits en quatre matches, le dernier sur penalty contre Annecy (1-0). Une performance qui fait de lui le meilleur buteur du championnat, au moment o\u00f9 le Red Star se replace au pied du podium (7 points).\u00a0<\/p>\n<p><strong><a href=\"https:\/\/www.ledauphine.com\/sport\/calendrier-resultats\/football\/national-ligue-2\" target=\"_blank\" rel=\"noopener\">&gt;&gt; Retrouvez le calendrier, le classement et les r\u00e9sultats de la Ligue 2<\/a><\/strong><\/p>\n<p>Ce contenu est bloqu\u00e9 car vous n&rsquo;avez pas accept\u00e9 les cookies et autres traceurs.<\/p>\n<p>En cliquant sur \u00ab J\u2019accepte \u00bb, les cookies et autres traceurs seront d\u00e9pos\u00e9s et vous pourrez visualiser les contenus  (<a href=\"\" class=\"consentModule_policy\" target=\"_blank\" title=\"Consulter la politique de protection des donn\u00e9es du fournisseur\">plus d&rsquo;informations<\/a>).<\/p>\n<p>En cliquant sur \u00ab J\u2019accepte tous les cookies \u00bb, vous autorisez des d\u00e9p\u00f4ts de cookies et autres traceurs pour le stockage de vos donn\u00e9es sur nos sites et applications \u00e0 des fins de personnalisation et de ciblage publicitaire.<\/p>\n<p class=\"consentModule_secondaryText\">Vous gardez la possibilit\u00e9 de retirer votre consentement \u00e0 tout moment en consultant notre <a href=\"https:\/\/www.ledauphine.com\/protection-des-donnees\" target=\"_blank\" title=\"Consulter notre politique de protection des donn\u00e9es\" rel=\"noopener\">politique de protection des donn\u00e9es<\/a>. <br \/>&#13;<br \/>\n            <a href=\"https:\/\/www.ledauphine.com\/sport\/2025\/08\/31\/javascript:Didomi.notice.show()\" class=\"consentModule_cmp\" target=\"_blank\" rel=\"noopener\">G\u00e9rer mes choix<\/a>&#13;\n        <\/p>\n<p>&#13;<br \/>\n                        J&rsquo;accepte&#13;<br \/>\n            J&rsquo;accepte tous les cookies&#13;\n        <\/p>\n<p>  La d\u00e9claration<\/p>\n<p>\u00ab\u00a0Ca a \u00e9t\u00e9 un peu laborieux, mais il y a de la satisfaction de gagner ce premier match, apr\u00e8s deux matches \u00e0 la maison tr\u00e8s int\u00e9ressants. On s\u2019est mis en panique, m\u00eame \u00e0 11 contre 10. Mais il faut retenir la victoire, car ces matches-l\u00e0, on en a perdu pas mal \u00e0 une \u00e9poque\u00a0\u00bb, a r\u00e9agi l&rsquo;entra\u00eeneur de Rodez, Didier Santini, apr\u00e8s le premier succ\u00e8s de son \u00e9quipe contre Boulogne-sur-Mer (1-0) gr\u00e2ce \u00e0 un grand Quentin Braat dans les cages, une semaine apr\u00e8s la claque encaiss\u00e9e\u00a0contre Saint-Etienne (4-0).<\/p>\n<p>  Le chiffre\u00a0: 3<\/p>\n<p>D\u00e9but de saison tr\u00e8s serr\u00e9 en L2, avec trois \u00e9quipes en 8 huit points et s\u00e9par\u00e9es uniquement par la diff\u00e9rence de but. Tneu en \u00e9chec par Grenoble (1-1) en cl\u00f4ture de la 4e journ\u00e9e, l&rsquo;ASSE a perdu l\u2019occasion de creuser l\u2019\u00e9cart. Les Verts gardent la premi\u00e8re place, mais voient leurs poursuivants revenir \u00e0 grands pas.\u00a0Pau (2e) et le promu Nancy (3e), s&rsquo;\u00e9taient ainsi partag\u00e9s les points (2-2) vendredi \u00e0 Marcel-Picot.<\/p>\n<p>  Le but : le bijou de Savanier<\/p>\n<p>Adepte des coup francs directs et des bijoux de ce type, T\u00e9ji Savanier a fait honneur \u00e0 sa r\u00e9putation contre Amiens (1-1). Le\u00a0 milieu h\u00e9raultais de 33 ans a transform\u00e9 un coup franc somptueux des 30 m\u00e8tres, envoyant le ballon en pleine lucarne.<\/p>\n<p>Ce contenu est bloqu\u00e9 car vous n&rsquo;avez pas accept\u00e9 les cookies et autres traceurs.<\/p>\n<p>En cliquant sur \u00ab J\u2019accepte \u00bb, les cookies et autres traceurs seront d\u00e9pos\u00e9s et vous pourrez visualiser les contenus  (<a href=\"\" class=\"consentModule_policy\" target=\"_blank\" title=\"Consulter la politique de protection des donn\u00e9es du fournisseur\">plus d&rsquo;informations<\/a>).<\/p>\n<p>En cliquant sur \u00ab J\u2019accepte tous les cookies \u00bb, vous autorisez des d\u00e9p\u00f4ts de cookies et autres traceurs pour le stockage de vos donn\u00e9es sur nos sites et applications \u00e0 des fins de personnalisation et de ciblage publicitaire.<\/p>\n<p class=\"consentModule_secondaryText\">Vous gardez la possibilit\u00e9 de retirer votre consentement \u00e0 tout moment en consultant notre <a href=\"https:\/\/www.ledauphine.com\/protection-des-donnees\" target=\"_blank\" title=\"Consulter notre politique de protection des donn\u00e9es\" rel=\"noopener\">politique de protection des donn\u00e9es<\/a>. <br \/>&#13;<br \/>\n            <a href=\"https:\/\/www.ledauphine.com\/sport\/2025\/08\/31\/javascript:Didomi.notice.show()\" class=\"consentModule_cmp\" target=\"_blank\" rel=\"noopener\">G\u00e9rer mes choix<\/a>&#13;\n        <\/p>\n<p>&#13;<br \/>\n                        J&rsquo;accepte&#13;<br \/>\n            J&rsquo;accepte tous les cookies&#13;\n        <\/p>\n<p>Un bijou qui a scell\u00e9 le match nul contre les Nordistes mais qui peut donner des regrets aux Montpelli\u00e9rains qui ont multipli\u00e9 les occasions sans r\u00e9ussir \u00e0 s&rsquo;imposer. Le MHSC court encore apr\u00e8s une victoire \u00e0 domicile depuis le 17 janvier, et les inspirations de Savanier pourraient les mener dans cette direction.\u00a0<\/p>\n","protected":false},"excerpt":{"rendered":"L\u2019\u00e9quipe\u00a0: Guingamp gagne enfin La 4e journ\u00e9e a \u00e9t\u00e9 un soir de premi\u00e8re pour plusieurs clubs dont Guigamp.&hellip;\n","protected":false},"author":2,"featured_media":356925,"comment_status":"","ping_status":"","sticky":false,"template":"","format":"standard","meta":{"footnotes":""},"categories":[9653],"tags":[1111,11,3853,9443,2430,3856,112,1777,674,20116,107,1701,63,1011,27,12637,2731,4638,108,12636,12,25,4001,517,1947],"class_list":{"0":"post-356924","1":"post","2":"type-post","3":"status-publish","4":"format-standard","5":"has-post-thumbnail","7":"category-saint-etienne","8":"tag-actu","9":"tag-actualites","10":"tag-annecy","11":"tag-asse-as-saint-etienne","12":"tag-auvergne-rhone-alpes","13":"tag-edition-annecy-rumilly-les-aravis","14":"tag-edition-grenoble-agglomeration","15":"tag-eu","16":"tag-europe","17":"tag-fc-annecy","18":"tag-fil-info","19":"tag-fil-info-sport","20":"tag-football","21":"tag-fr","22":"tag-france","23":"tag-gf38-grenoble-foot-38","24":"tag-grenoble","25":"tag-haute-savoie","26":"tag-isere","27":"tag-ligue-2-football","28":"tag-news","29":"tag-republique-francaise","30":"tag-saint-etienne","31":"tag-sport","32":"tag-sport-national"},"share_on_mastodon":{"url":"https:\/\/pubeurope.com\/@fr\/115125006436511173","error":""},"_links":{"self":[{"href":"https:\/\/www.europesays.com\/fr\/wp-json\/wp\/v2\/posts\/356924","targetHints":{"allow":["GET"]}}],"collection":[{"href":"https:\/\/www.europesays.com\/fr\/wp-json\/wp\/v2\/posts"}],"about":[{"href":"https:\/\/www.europesays.com\/fr\/wp-json\/wp\/v2\/types\/post"}],"author":[{"embeddable":true,"href":"https:\/\/www.europesays.com\/fr\/wp-json\/wp\/v2\/users\/2"}],"replies":[{"embeddable":true,"href":"https:\/\/www.europesays.com\/fr\/wp-json\/wp\/v2\/comments?post=356924"}],"version-history":[{"count":0,"href":"https:\/\/www.europesays.com\/fr\/wp-json\/wp\/v2\/posts\/356924\/revisions"}],"wp:featuredmedia":[{"embeddable":true,"href":"https:\/\/www.europesays.com\/fr\/wp-json\/wp\/v2\/media\/356925"}],"wp:attachment":[{"href":"https:\/\/www.europesays.com\/fr\/wp-json\/wp\/v2\/media?parent=356924"}],"wp:term":[{"taxonomy":"category","embeddable":true,"href":"https:\/\/www.europesays.com\/fr\/wp-json\/wp\/v2\/categories?post=356924"},{"taxonomy":"post_tag","embeddable":true,"href":"https:\/\/www.europesays.com\/fr\/wp-json\/wp\/v2\/tags?post=356924"}],"curies":[{"name":"wp","href":"https:\/\/api.w.org\/{rel}","templated":true}]}}