{"id":356938,"date":"2025-08-31T19:30:32","date_gmt":"2025-08-31T19:30:32","guid":{"rendered":"https:\/\/www.europesays.com\/fr\/356938\/"},"modified":"2025-08-31T19:30:32","modified_gmt":"2025-08-31T19:30:32","slug":"bapteme-du-bateau-elitys-de-victor-mathieu-a-rouen","status":"publish","type":"post","link":"https:\/\/www.europesays.com\/fr\/356938\/","title":{"rendered":"Bapt\u00eame du bateau \u00c9litys\u00a0de Victor Mathieu \u00e0 Rouen"},"content":{"rendered":"<p><img decoding=\"async\" src=\"https:\/\/static.wixstatic.com\/media\/af540f_8a19728690804ff29e024c6dccf3079c~mv2.jpg\/v1\/fill\/w_147,h_98,al_c,q_80,usm_0.66_1.00_0.01,blur_2,enc_avif,quality_auto\/af540f_8a19728690804ff29e024c6dccf3079c~mv2.jpg\" alt=\"@ OC Sport Pen Duick\" style=\"width:100%;height:100%;object-fit:cover;object-position:50% 50%;max-width:100%\" data-pin-url=\"https:\/\/www.lasolitaire.com\/post\/bapt\u00eame-du-bateau-\u00e9litys-de-victor-mathieu-\u00e0-rouen\" data-pin-media=\"https:\/\/static.wixstatic.com\/media\/af540f_8a19728690804ff29e024c6dccf3079c~mv2.jpg\/v1\/fill\/w_5000,h_3333,al_c,q_90,usm_0.66_1.00_0.01\/af540f_8a19728690804ff29e024c6dccf3079c~mv2.jpg\" draggable=\"false\"\/><\/p>\n<p class=\"LThh9 tL1tz ON3oL qufKF\" dir=\"auto\" id=\"viewer-ixeas442\">Aujourd\u2019hui \u00e0 12h, sur le village de La Solitaire du Figaro Paprec \u00e0 Rouen, s\u2019est tenu le bapt\u00eame du bateau Elitys, men\u00e9 par le skipper Victor Mathieu.<\/p>\n<p class=\"LThh9 tL1tz ON3oL qufKF\" dir=\"auto\" id=\"viewer-lza1n450\">Originaire de la r\u00e9gion parisienne, Victor a d\u00e9couvert la voile \u00e0 l\u2019\u00e2ge de 14 ans, en suivant le d\u00e9part du Vend\u00e9e Globe. Neuf ans plus tard, il a quitt\u00e9 Paris pour rejoindre l\u2019\u00e9cole de voile des Gl\u00e9nans, en Bretagne. \u00c0 Concarneau, il s\u2019est initi\u00e9 \u00e0 la course au large et a fait ses premi\u00e8res armes sur les fameux Mini 6,50, voiliers embl\u00e9matiques des marins en devenir.<\/p>\n<p class=\"LThh9 tL1tz ON3oL qufKF\" dir=\"auto\" id=\"viewer-fzdbm454\">En 2025, Victor franchit une nouvelle \u00e9tape en int\u00e9grant la Classe Figaro. Il prendra le d\u00e9part de sa toute premi\u00e8re Solitaire du Figaro Paprec, avec l\u2019ambition de r\u00e9aliser un beau coup d\u2019entr\u00e9e sur cette course mythique, r\u00e9put\u00e9e pour son exigence et son prestige.<\/p>\n<p class=\"LThh9 tL1tz ON3oL qufKF\" dir=\"auto\" id=\"viewer-h4p4l462\">Avec Elitys, son nouveau bateau baptis\u00e9 aujourd\u2019hui, Victor Mathieu se lance dans l\u2019aventure avec d\u00e9termination et passion.<\/p>\n<p><img decoding=\"async\" src=\"https:\/\/www.europesays.com\/fr\/wp-content\/uploads\/2025\/08\/af540f_17b8b45329f6433b8877fdce0b0217d0~mv2.jpg\" alt=\"ree\" style=\"width:100%;height:100%;object-fit:cover;object-position:50% 50%;max-width:100%\" data-pin-url=\"https:\/\/www.lasolitaire.com\/post\/bapt\u00eame-du-bateau-\u00e9litys-de-victor-mathieu-\u00e0-rouen\" data-pin-media=\"https:\/\/static.wixstatic.com\/media\/af540f_17b8b45329f6433b8877fdce0b0217d0~mv2.jpg\/v1\/fill\/w_5000,h_3333,al_c,q_90,usm_0.66_1.00_0.01\/af540f_17b8b45329f6433b8877fdce0b0217d0~mv2.jpg\" draggable=\"false\"\/><\/p>\n","protected":false},"excerpt":{"rendered":"Aujourd\u2019hui \u00e0 12h, sur le village de La Solitaire du Figaro Paprec \u00e0 Rouen, s\u2019est tenu le bapt\u00eame&hellip;\n","protected":false},"author":2,"featured_media":356939,"comment_status":"","ping_status":"","sticky":false,"template":"","format":"standard","meta":{"footnotes":""},"categories":[9587],"tags":[1111,11,1777,674,1011,27,12,5161,25,9590],"class_list":{"0":"post-356938","1":"post","2":"type-post","3":"status-publish","4":"format-standard","5":"has-post-thumbnail","7":"category-rouen","8":"tag-actu","9":"tag-actualites","10":"tag-eu","11":"tag-europe","12":"tag-fr","13":"tag-france","14":"tag-news","15":"tag-normandie","16":"tag-republique-francaise","17":"tag-rouen"},"share_on_mastodon":{"url":"https:\/\/pubeurope.com\/@fr\/115125041468165250","error":""},"_links":{"self":[{"href":"https:\/\/www.europesays.com\/fr\/wp-json\/wp\/v2\/posts\/356938","targetHints":{"allow":["GET"]}}],"collection":[{"href":"https:\/\/www.europesays.com\/fr\/wp-json\/wp\/v2\/posts"}],"about":[{"href":"https:\/\/www.europesays.com\/fr\/wp-json\/wp\/v2\/types\/post"}],"author":[{"embeddable":true,"href":"https:\/\/www.europesays.com\/fr\/wp-json\/wp\/v2\/users\/2"}],"replies":[{"embeddable":true,"href":"https:\/\/www.europesays.com\/fr\/wp-json\/wp\/v2\/comments?post=356938"}],"version-history":[{"count":0,"href":"https:\/\/www.europesays.com\/fr\/wp-json\/wp\/v2\/posts\/356938\/revisions"}],"wp:featuredmedia":[{"embeddable":true,"href":"https:\/\/www.europesays.com\/fr\/wp-json\/wp\/v2\/media\/356939"}],"wp:attachment":[{"href":"https:\/\/www.europesays.com\/fr\/wp-json\/wp\/v2\/media?parent=356938"}],"wp:term":[{"taxonomy":"category","embeddable":true,"href":"https:\/\/www.europesays.com\/fr\/wp-json\/wp\/v2\/categories?post=356938"},{"taxonomy":"post_tag","embeddable":true,"href":"https:\/\/www.europesays.com\/fr\/wp-json\/wp\/v2\/tags?post=356938"}],"curies":[{"name":"wp","href":"https:\/\/api.w.org\/{rel}","templated":true}]}}