{"id":356942,"date":"2025-08-31T19:34:32","date_gmt":"2025-08-31T19:34:32","guid":{"rendered":"https:\/\/www.europesays.com\/fr\/356942\/"},"modified":"2025-08-31T19:34:32","modified_gmt":"2025-08-31T19:34:32","slug":"infographies-assurance-habitation-des-etudiants-dans-quelle-region-coute-t-elle-le-moins","status":"publish","type":"post","link":"https:\/\/www.europesays.com\/fr\/356942\/","title":{"rendered":"INFOGRAPHIES. Assurance habitation des \u00e9tudiants\u00a0: dans quelle r\u00e9gion co\u00fbte-t-elle le moins"},"content":{"rendered":"<p>Ils ont toujours raison les Bretons, m\u00eame pour l\u2019assurance habitation. Avec les Pays de la Loire, ce sont les deux r\u00e9gions les moins ch\u00e8res pour faire assurer son logement, pour les \u00e9tudiants (respectivement 49 et 48\u00a0\u20ac par an) <a href=\"https:\/\/rennes.maville.com\/actu\/actudet_-payez-vous-trop-cher-votre-assurance-habitation-voici-les-prix-moyens-par-region-_54135-6826741_actu.Htm\" target=\"_blank\" rel=\"nofollow noopener\">comme pour les autres<\/a>. Le comparateur en ligne Lelynx.fr a en effet calcul\u00e9 les prix des contrats dans toute la France. R\u00e9sultat\u00a0: le lieu des \u00e9tudes conditionne bien les tarifs d\u2019assurance habitation.<\/p>\n<p>Risques climatiques diff\u00e9rents<\/p>\n<p>L\u2019\u00cele-de-France est comme souvent la plus ch\u00e8re, avec une prime de 67\u00a0\u20ac en moyenne, suivie par l\u2019Occitanie (64\u00a0\u20ac) et la Provence-Alpes-C\u00f4te d\u2019Azur (64\u00a0\u20ac). La Normandie, le Centre-Val de Loire et la Bourgogne-Franche-Comt\u00e9 restent parmi les plus abordables pour leur part avec des primes de 54\u00a0\u20ac en moyenne.<\/p>\n<p>Pourquoi\u00a0? Deux facteurs sont \u00e0 prendre en compte\u00a0: les <strong>\u00ab\u00a0risques li\u00e9s aux \u00e9v\u00e9nements climatiques et la s\u00e9curit\u00e9\u00a0\u00bb<\/strong>, pr\u00e9cise Arthur Martiano, directeur g\u00e9n\u00e9ral de Lelynx.fr. Si vous \u00eates dans un territoire comme le Nord Pas de Calais qui <a href=\"https:\/\/saint-omer.maville.com\/actu\/actudet_-reportage.-un-an-apres-les-inondations-dans-le-pas-de-calais-leur-quartier-va-etre-entierement-rase-_12248-6594367_actu.Htm\" target=\"_blank\" rel=\"nofollow noopener\">a subi des inondations\u00a0\u00e0\u00a0r\u00e9p\u00e9tition<\/a>, o\u00f9 le sud de la France en proie <a href=\"https:\/\/rennes.maville.com\/actu\/actudet_-temoignages.-ca-fait-mal-au-coeur-le-rechauffement-climatique-a-deja-change-leur-vie-_53511-6005814_actu.Htm\" target=\"_blank\" rel=\"nofollow noopener\">aux s\u00e9cheresses<\/a>, le prix de l\u2019assurance va augmenter.\u00a0Par ailleurs, si vous habitez dans des villes ou des quartiers plus souvent cambriol\u00e9s, cela va aussi faire grimper votre facture.<\/p>\n<\/p>\n<p><strong>Lire aussi\u00a0:<\/strong> <a href=\"https:\/\/rennes.maville.com\/actu\/actudet_-assurance-habitation-les-galeres-des-sinistres-doivent-cesser-denoncent-les-associations-_54135-6659049_actu.Htm\" target=\"_blank\" rel=\"nofollow noopener\"> Assurance habitation\u00a0: \u00ab\u00a0Les gal\u00e8res des sinistr\u00e9s doivent cesser\u00a0\u00bb, d\u00e9noncent les associations<\/a><\/p>\n<p>La densit\u00e9 des villes fait grimper la note<\/p>\n<p>Quand on s\u2019int\u00e9resse aux grandes villes, Paris se distingue encore par son co\u00fbt \u00e9lev\u00e9, support\u00e9 par de nombreux \u00e9tudiants et \u00e9tudiantes, avec un tarif moyen de 2,17\u00a0\u20ac par m\u00e8tre carr\u00e9. Au contraire, les villes de Lyon et de Rennes, elles aussi tr\u00e8s attractives, sont les plus abordables, \u00e0 1,25\u00a0\u20ac le m\u00e8tre carr\u00e9 assur\u00e9. Il faudra donc d\u00e9bourser pr\u00e8s de deux fois plus pour la m\u00eame surface \u00e0 Paris.<\/p>\n<p>Pour faire des \u00e9conomies, Le Havre ou Nantes sont \u00e9galement toutes d\u00e9sign\u00e9es pour trouver des assurances \u00e9tudiantes \u00e0 moins de 50\u00a0\u20ac par an.<\/p>\n<\/p>\n<p>Et non, c\u2019est n\u2019est pas li\u00e9 au co\u00fbt du loyer\u00a0: les loyers lillois sont sup\u00e9rieurs \u00e0 ceux de Lyon, pour une assurance habitation plus on\u00e9reuse (1,45\u00a0\u20ac le m2), constate Lelynx.fr.\u00a0Selon Arthur Martiano, c\u2019est \u00e0 cause du \u00ab<strong>\u00a0co\u00fbt de la r\u00e9paration, qui diff\u00e8re selon les villes. Par ailleurs, il y a un effet de prix fixe pour certains sinistres, comme pour les d\u00e9g\u00e2ts des eaux qui ne sont pas li\u00e9s \u00e0 la taille du logement. Pour les appartements parisiens qui sont en moyenne plus petits, les prix rapport\u00e9s au m\u00e8tre carr\u00e9 sont m\u00e9caniquement plus \u00e9lev\u00e9s.\u00a0\u00bb <\/strong>\u00c0 Paris, le logement \u00e9tudiant moyen compte environ 29\u00a0m2 contre 45\u00a0m2\u00a0pour Lyon, selon Lelynx.fr.<\/p>\n<p>\u00a0<\/p>\n","protected":false},"excerpt":{"rendered":"Ils ont toujours raison les Bretons, m\u00eame pour l\u2019assurance habitation. Avec les Pays de la Loire, ce sont&hellip;\n","protected":false},"author":2,"featured_media":356943,"comment_status":"","ping_status":"","sticky":false,"template":"","format":"standard","meta":{"footnotes":""},"categories":[2821],"tags":[1111,11,1117,829,3139,49263,6379,1777,674,1011,27,11079,16574,12,16,584,25],"class_list":{"0":"post-356942","1":"post","2":"type-post","3":"status-publish","4":"format-standard","5":"has-post-thumbnail","7":"category-rennes","8":"tag-actu","9":"tag-actualites","10":"tag-assurance","11":"tag-bretagne","12":"tag-cher","13":"tag-coute-t-elle","14":"tag-etudiants","15":"tag-eu","16":"tag-europe","17":"tag-fr","18":"tag-france","19":"tag-habitation","20":"tag-infographies","21":"tag-news","22":"tag-region","23":"tag-rennes","24":"tag-republique-francaise"},"share_on_mastodon":{"url":"https:\/\/pubeurope.com\/@fr\/115125057155924828","error":""},"_links":{"self":[{"href":"https:\/\/www.europesays.com\/fr\/wp-json\/wp\/v2\/posts\/356942","targetHints":{"allow":["GET"]}}],"collection":[{"href":"https:\/\/www.europesays.com\/fr\/wp-json\/wp\/v2\/posts"}],"about":[{"href":"https:\/\/www.europesays.com\/fr\/wp-json\/wp\/v2\/types\/post"}],"author":[{"embeddable":true,"href":"https:\/\/www.europesays.com\/fr\/wp-json\/wp\/v2\/users\/2"}],"replies":[{"embeddable":true,"href":"https:\/\/www.europesays.com\/fr\/wp-json\/wp\/v2\/comments?post=356942"}],"version-history":[{"count":0,"href":"https:\/\/www.europesays.com\/fr\/wp-json\/wp\/v2\/posts\/356942\/revisions"}],"wp:featuredmedia":[{"embeddable":true,"href":"https:\/\/www.europesays.com\/fr\/wp-json\/wp\/v2\/media\/356943"}],"wp:attachment":[{"href":"https:\/\/www.europesays.com\/fr\/wp-json\/wp\/v2\/media?parent=356942"}],"wp:term":[{"taxonomy":"category","embeddable":true,"href":"https:\/\/www.europesays.com\/fr\/wp-json\/wp\/v2\/categories?post=356942"},{"taxonomy":"post_tag","embeddable":true,"href":"https:\/\/www.europesays.com\/fr\/wp-json\/wp\/v2\/tags?post=356942"}],"curies":[{"name":"wp","href":"https:\/\/api.w.org\/{rel}","templated":true}]}}