{"id":356944,"date":"2025-08-31T19:35:11","date_gmt":"2025-08-31T19:35:11","guid":{"rendered":"https:\/\/www.europesays.com\/fr\/356944\/"},"modified":"2025-08-31T19:35:11","modified_gmt":"2025-08-31T19:35:11","slug":"a-rennes-le-parking-vilaine-a-cotoye-ses-derniers-usagers-avant-sa-fermeture-je-voulais-circuler-une-derniere-fois-dessus","status":"publish","type":"post","link":"https:\/\/www.europesays.com\/fr\/356944\/","title":{"rendered":"\u00c0 Rennes, le parking Vilaine a c\u00f4toy\u00e9 ses derniers usagers avant sa fermeture\u00a0: \u00ab\u00a0Je voulais circuler une derni\u00e8re fois dessus\u00a0\u00bb"},"content":{"rendered":"<p>Derni\u00e8res voitures, derni\u00e8res barri\u00e8res qui se l\u00e8vent, derniers tickets. Le parking Vilaine \u00e0 Rennes jouait son dernier acte ce dimanche 31 ao\u00fbt. Vers la fin de journ\u00e9e, quelques voitures quittent le lieu avant que le rideau ne se baisse. \u00ab On a vu que \u00e7a allait fermer, donc on part avant \u00bb, se pressent Maryse et sa fille Annabelle, deux Vend\u00e9ennes qui viennent ici seulement pour la deuxi\u00e8me fois.<\/p>\n<p>\u00c0 c\u00f4t\u00e9 de sa voiture, Marina est juste de passage. Elle utilise de temps en temps le parking le week-end. \u00ab Je viens juste le temps de prendre un caf\u00e9 avec ma fille \u00bb, explique-t-elle. Mais concernant le chantier qui s\u2019amorcera en octobre, elle s\u2019interroge : \u00ab Je sais que \u00e7a ferme, mais je ne connais pas trop le projet. Ils vont d\u00e9couvrir le parking, c\u2019est \u00e7a ? \u00bb<\/p>\n<p>Un avis partag\u00e9<\/p>\n<p>Th\u00e9o, H\u00e9lo\u00efse, Zo\u00e9 et Nina sont sur le point de partir. Sur le futur du lieu, ils ont un avis partag\u00e9. Pour ce petit groupe, qui utilise souvent le dimanche le parking, sa destruction \u00ab ne d\u00e9rangera pas les jeunes, car on a l\u2019habitude de prendre les transports en commun, mais pour les personnes \u00e2g\u00e9es, \u00e7a va \u00eatre plus difficile. Ils ont moins le r\u00e9flexe \u00bb. Eux, envisagent d\u00e9j\u00e0 de se garer les prochaines fois \u00ab sur le parking souterrain de la place Hoche ou des Lices \u00bb.<\/p>\n<p><img decoding=\"async\" src=\"https:\/\/www.europesays.com\/fr\/wp-content\/uploads\/2025\/08\/68b49e5e254e9572f00a8d90.1.jpeg\" width=\"480\" height=\"300\" class=\"web_golden_m\" loading=\"lazy\" alt=\"Le parking semble bien vide ce dimanche 31\u00a0ao\u00fbt.\"\/>Le parking semble bien vide ce dimanche 31\u00a0ao\u00fbt. (Le T\u00e9l\u00e9gramme\/Jean-Fran\u00e7ois Chesnay)<\/p>\n<p>Maryse et Annabelle, les deux Vend\u00e9ennes ont eu le temps de prendre connaissance un peu des travaux avant de venir. Elles aussi sont mitig\u00e9es. \u00ab Le projet a l\u2019air bien, avec plus de v\u00e9g\u00e9talisation, mais \u00e0 chaque fois que nous sommes venus, il y avait plein de monde. Sans solution de secours, \u00e7a risque d\u2019\u00eatre difficile de se garer. \u00bb<\/p>\n<p>Immortaliser le moment<\/p>\n<p>Sur son Solex, Jacques a fait le d\u00e9placement expr\u00e8s de Mordelles, \u00e0 quelques kilom\u00e8tres de Rennes. \u00ab Je voulais circuler une derni\u00e8re fois dessus \u00bb et faire une photo avec son bolide. Le septuag\u00e9naire a travaill\u00e9 pendant des ann\u00e9es dans un restaurant du centre-ville. \u00ab J\u2019ai toujours connu ce lieu, j\u2019ai vu les travaux et les constructions autour \u00bb.<\/p>\n<p>Pour la petite histoire, en janvier dernier, il a pu voyager en dessous du parking : \u00ab J\u2019ai r\u00eav\u00e9 pendant longtemps de faire \u00e7a en cano\u00e9. J\u2019ai pu voir comment c\u2019\u00e9tait dessous. \u00bb Lui esp\u00e8re qu\u2019une fois le goudron enlev\u00e9, \u00ab il y pourrait y avoir un peu plus de fra\u00eecheur en ville. \u00bb<\/p>\n<p>Des retardataires<\/p>\n<p>Si quelques usagers s\u2019en vont, certains font le choix inverse et se garent sans faire attention. Une feuille indique pourtant que le lieu sera interdit au stationnement d\u00e8s le lendemain. \u00ab Je ne suis pas au courant \u00bb, lance un automobiliste \u00e2g\u00e9, assez press\u00e9 en fin d\u2019apr\u00e8s-midi.<\/p>\n<p><img decoding=\"async\" src=\"https:\/\/www.europesays.com\/fr\/wp-content\/uploads\/2025\/08\/68b49e5e2a1171c10a020548.1.jpeg\" width=\"480\" height=\"300\" class=\"web_golden_m\" loading=\"lazy\" alt=\"\u00ab\u00a0Fermeture d\u00e9finitive\u00a0\u00bb indique quelques feuilles sur les bornes.\"\/>\u00ab\u00a0Fermeture d\u00e9finitive\u00a0\u00bb indique quelques feuilles sur les bornes. (Le T\u00e9l\u00e9gramme\/Jean-Fran\u00e7ois Chesnay)<\/p>\n<p>Un couple se gare sur les coups de 19 h. \u00ab On va au restaurant. On ne savait pas du tout que \u00e7a allait fermer. \u00bb D\u2019autres tentent le coup, sans savoir l\u2019heure de fermeture du parking. Jacques observe la sc\u00e8ne. \u00ab Il y a sans doute un manque de signalisation. Je n\u2019ai rien vu, pas de grand panneau. \u00bb Pour lui pas de souci, son souvenir immortalis\u00e9, il enfourche son solex et quitte une derni\u00e8re fois le parking Vilaine.<\/p>\n","protected":false},"excerpt":{"rendered":"Derni\u00e8res voitures, derni\u00e8res barri\u00e8res qui se l\u00e8vent, derniers tickets. Le parking Vilaine \u00e0 Rennes jouait son dernier acte&hellip;\n","protected":false},"author":2,"featured_media":356945,"comment_status":"","ping_status":"","sticky":false,"template":"","format":"standard","meta":{"footnotes":""},"categories":[2821],"tags":[1111,11,829,1777,674,1011,27,848,12,584,25],"class_list":{"0":"post-356944","1":"post","2":"type-post","3":"status-publish","4":"format-standard","5":"has-post-thumbnail","7":"category-rennes","8":"tag-actu","9":"tag-actualites","10":"tag-bretagne","11":"tag-eu","12":"tag-europe","13":"tag-fr","14":"tag-france","15":"tag-ille-et-vilaine","16":"tag-news","17":"tag-rennes","18":"tag-republique-francaise"},"share_on_mastodon":{"url":"","error":""},"_links":{"self":[{"href":"https:\/\/www.europesays.com\/fr\/wp-json\/wp\/v2\/posts\/356944","targetHints":{"allow":["GET"]}}],"collection":[{"href":"https:\/\/www.europesays.com\/fr\/wp-json\/wp\/v2\/posts"}],"about":[{"href":"https:\/\/www.europesays.com\/fr\/wp-json\/wp\/v2\/types\/post"}],"author":[{"embeddable":true,"href":"https:\/\/www.europesays.com\/fr\/wp-json\/wp\/v2\/users\/2"}],"replies":[{"embeddable":true,"href":"https:\/\/www.europesays.com\/fr\/wp-json\/wp\/v2\/comments?post=356944"}],"version-history":[{"count":0,"href":"https:\/\/www.europesays.com\/fr\/wp-json\/wp\/v2\/posts\/356944\/revisions"}],"wp:featuredmedia":[{"embeddable":true,"href":"https:\/\/www.europesays.com\/fr\/wp-json\/wp\/v2\/media\/356945"}],"wp:attachment":[{"href":"https:\/\/www.europesays.com\/fr\/wp-json\/wp\/v2\/media?parent=356944"}],"wp:term":[{"taxonomy":"category","embeddable":true,"href":"https:\/\/www.europesays.com\/fr\/wp-json\/wp\/v2\/categories?post=356944"},{"taxonomy":"post_tag","embeddable":true,"href":"https:\/\/www.europesays.com\/fr\/wp-json\/wp\/v2\/tags?post=356944"}],"curies":[{"name":"wp","href":"https:\/\/api.w.org\/{rel}","templated":true}]}}