{"id":356954,"date":"2025-08-31T19:45:17","date_gmt":"2025-08-31T19:45:17","guid":{"rendered":"https:\/\/www.europesays.com\/fr\/356954\/"},"modified":"2025-08-31T19:45:17","modified_gmt":"2025-08-31T19:45:17","slug":"croute-la-nouvelle-fromagerie-de-la-rue-foure-est-aussi-un-resto","status":"publish","type":"post","link":"https:\/\/www.europesays.com\/fr\/356954\/","title":{"rendered":"Cro\u00fbte, la nouvelle fromagerie de la rue Four\u00e9 est aussi un resto"},"content":{"rendered":"<p>            Par<br \/>\n        <strong><br \/>\n            <a href=\"https:\/\/actu.fr\/auteur\/emma-derome\" title=\"Consulter tous les articles de Emma Derome\" target=\"_blank\" rel=\"noopener\">Emma Derome<\/a><br \/>\n        <\/strong><\/p>\n<p>        Publi\u00e9 le<\/p>\n<p>            31 ao\u00fbt 2025 \u00e0 16h26        <\/p>\n<p><img decoding=\"async\" loading=\"lazy\" src=\"https:\/\/www.europesays.com\/fr\/wp-content\/uploads\/2025\/08\/3a2649bc-2d3d-4a97-ada8-bee19fa8a727-960x640.jpg\" alt=\"R\u00e9gis et Virginie, deux amoureux du quartier des Olivettes, ont voulu lui redonner son c\u00f4t\u00e9 commer\u00e7ant\" width=\"960\" height=\"640\"\/>R\u00e9gis et Virginie, deux amoureux du quartier des Olivettes, ouvrent la fromagerie de la rue Four\u00e9, non loin de la cave Foudre et de la boulangerie Mata. (\u00a9Emma Derome \/ actu Nantes)<\/p>\n<p class=\" wall-content\">\u00c0 peine avons-nous pass\u00e9 la porte de l\u2019\u00e9choppe de Cro\u00fbte, <strong>\u00ab\u2009la fromagerie de la rue Four\u00e9\u2009\u00bb<\/strong>, qu\u2019une<strong> douce odeur de fromage grill\u00e9<\/strong> parvient \u00e0 nos narines. Ce midi, au menu, c\u2019est cur\u00e9 nantais gratin\u00e9 aux herbes sauvages, accompagn\u00e9 de petites pommes de terre r\u00f4ties et d\u2019un confit d\u2019oignon.<\/p>\n<p class=\" wall-content\">Oui, vous avez bien lu\u2009: dans cette boutique o\u00f9 l\u2019on peut acheter son fromage \u00e0 la tranche, on y pr\u00e9pare aussi de bons petits plats\u2026 toujours fromag\u00e9s.<\/p>\n<p>Un ancien quartier commer\u00e7ant qui revit<\/p>\n<p class=\" wall-content\">Derri\u00e8re cette nouvelle enseigne\u2009: <strong>R\u00e9gis et Virginie<\/strong>, un fromager exp\u00e9riment\u00e9 et une cuisto tout juste reconvertie, deux amoureux de \u00ab\u2009bonnes cro\u00fbtes\u2009\u00bb. Ces associ\u00e9s voulaient absolument ouvrir leur boutique <strong>dans cette rue embl\u00e9matique<\/strong> et participer \u00e0 redonner \u00e0 ce quartier de l\u2019ancien Min de Nantes sa dimension commer\u00e7ante qu\u2019il avait perdue.<\/p>\n<blockquote class=\"ac-article-quote wall-content\">\n<p>Les anciens nous le disent, c&rsquo;\u00e9tait un quartier tr\u00e8s vivant, avec des boucheries, des \u00e9piceries&#8230; M\u00eame s&rsquo;il a eu une phase un peu moins sympa, c&rsquo;est entrain de revenir. Nous, on s&rsquo;inscrit dans un nouveau parcours commer\u00e7ant, et les habitants du quartier sont ravis. Ils avaient leurs habitudes en ville, au march\u00e9, mais maintenant, c&rsquo;est au pied de chez eux.<\/p>\n<p>    <strong>Virginie<\/strong><br \/>\n         Co-g\u00e9rante de Cro\u00fbte    <\/p><\/blockquote>\n<p class=\" wall-content\">Si de <a href=\"https:\/\/actu.fr\/pays-de-la-loire\/nantes_44109\/papa-pasta-a-nantes-un-restaurant-de-pates-fraiches-et-maison-ouvre-rue-foure_41173090.html\" target=\"_blank\" rel=\"noopener\">nouvelles tables<\/a> ouvrent r\u00e9guli\u00e8rement ici, les <strong>commerces de bouche ind\u00e9pendants<\/strong> sont en effet plus <strong>rares<\/strong>, seuls <a href=\"https:\/\/actu.fr\/pays-de-la-loire\/nantes_44109\/nantes-a-33-ans-charles-henry-a-quitte-le-monde-de-la-finance-pour-devenir-boulanger_54717460.html\" target=\"_blank\" rel=\"noopener\">Mata boulangerie<\/a>, la cave Foudre, et le chocolatier p\u00e2tissier St\u00e9phane Pasco (et d\u00e9sormais Cro\u00fbte) se retrouvent dans le m\u00eame p\u00e2t\u00e9 de maisons que la Biocoop. \u00ab\u2009On est contents d\u2019avoir ouvert dans ce quartier qui est aussi le n\u00f4tre,\u2009\u00bb ajoute R\u00e9gis.<\/p>\n<p>Des prix raisonnables et des plats du midi<\/p>\n<p class=\" wall-content\">L\u00e0 o\u00f9 certains des restaurants du quartier <a href=\"https:\/\/actu.fr\/pays-de-la-loire\/nantes_44109\/a-nantes-romain-bonnet-et-son-restaurant-etoile-omija-invitent-au-voyage-culinaire_62518415.html\" target=\"_blank\" rel=\"noopener\">ne sont pas pour toutes les bourses<\/a>, la fromagerie Cro\u00fbte se consid\u00e8re comme <strong>\u00ab\u2009un commerce engag\u00e9\u2009\u00bb<\/strong>, tant au niveau du service que de sa gamme de prix, dans ce quartier o\u00f9 habitent des \u00e9tudiants et des retrait\u00e9s.<\/p>\n<p>Votre r\u00e9gion, votre actu !<\/p>\n<p>Recevez chaque jour les infos qui comptent pour vous.<\/p>\n<p>\t<a href=\"https:\/\/actu.fr\/newsletter\" class=\"ac-btn ac-btn--corner ac-btn--medium ac-btn--blue800\" target=\"_blank\" rel=\"noopener\">S&rsquo;incrire<\/a><\/p>\n<p class=\" wall-content\">\u00ab\u2009Moi je regarde pas mal les prix, et je peux vous dire qu\u2019ici c\u2019est <strong>quand m\u00eame abordable<\/strong>\u2009\u00bb, nous confirme une cliente et voisine. Les deux patrons, qui ont \u00e0 c\u0153ur \u00ab\u2009que la notion de plaisir soit accessible\u2009\u00bb, pr\u00e9voient \u00e9galement de livrer directement certains anciens du quartier.<\/p>\n<p class=\" wall-content\">Dans leur vitrine, on retrouve, outre <strong>les classiques fran\u00e7ais<\/strong> comme l\u2019Emmental, le Comt\u00e9 ou le Roquefort, des <strong>fromages locaux<\/strong> et <strong>des \u00ab\u2009p\u00e9pites\u2009\u00bb<\/strong> comme la tr\u00e8s demand\u00e9e tomme aux fleurs, ou un manchego (fromage de brebis espagnol) infus\u00e9 au romarin. Les prix s\u2019\u00e9chelonnent de 24,90\u00a0\u20ac\/kg pour le premier \u00e0 39,90\u00a0\u20ac\/kg pour le dernier.<\/p>\n<blockquote class=\"ac-article-quote wall-content\">\n<p>On va mettre en place \u00e0 la rentr\u00e9e un \u00ab\u00a0essentiel cro\u00fbte\u00a0\u00bb pour les \u00e9tudiants avec un peu d&#8217;emmental, des \u0153ufs, de la cr\u00e8me et du beurre \u00e0 un prix int\u00e9ressant. Ce sont des produits essentiels du quotidien quand on mange pas mal de p\u00e2tes ou qu&rsquo;on se fait des omelettes.<\/p>\n<p>    <strong>Virginie<\/strong><br \/>\n        Co-g\u00e9rante de Cro\u00fbte    <\/p><\/blockquote>\n<p class=\" wall-content\">Cro\u00fbte ne pouvait pas passer \u00e0 c\u00f4t\u00e9 du ballet de travailleurs qui fr\u00e9quente les restaurants de la rue \u00e0 l\u2019heure du d\u00e9jeuner, et propose donc une offre du midi avec deux plats, <strong>un fromage chaud et une assiette quatre fromages<\/strong> qui change quotidiennement ou tr\u00e8s r\u00e9guli\u00e8rement.<\/p>\n<p>Une fromag\u00e8re qui a grandi \u00e0 la ferme<\/p>\n<p class=\" wall-content\">\u00ab\u2009On a d\u00e9j\u00e0 de bons produits, donc on les valorise assez simplement\u2009\u00bb, nous explique Virginie, la cheffe de la cuisine, ancienne professeure d\u2019Allemand pass\u00e9e par la Chambre de commerce et d\u2019industrie, qui a eu envie d\u2019entreprendre mais aussi d\u2019un retour aux sources. \u00ab\u2009J\u2019ai grandi \u00e0 la ferme, j\u2019ai vu mes grands-m\u00e8res traire les vaches, je sais faire du beurre\u2026 La cuisine a toujours \u00e9t\u00e9 une passion\u2009\u00bb, raconte cette native des marais de <a href=\"https:\/\/actu.fr\/tag\/briere\" target=\"_blank\" rel=\"noopener\">Bri\u00e8re<\/a>.<\/p>\n<p class=\" wall-content\"><a href=\"https:\/\/www.instagram.com\/p\/DMiMyHGslfJ\/embed\" title=\"Ouvrir le lien sur Instagram\" target=\"_blank\" rel=\"noopener\">Visualiser le contenu sur Instagram<\/a><\/p>\n<p class=\" wall-content\">R\u00e9gis, de son c\u00f4t\u00e9, a apport\u00e9 au duo sa longue exp\u00e9rience chez Beillevaire et \u00e0 la cr\u00e9merie Les Carm\u00e9lites (pr\u00e8s de la cath\u00e9drale). Ce qu\u2019il aime, c\u2019est le contact avec la client\u00e8le. \u00ab\u2009Faire d\u00e9couvrir des p\u00e9pites aux gens\u2026 Mais on est l\u00e0 aussi pour faire vivre notre quartier, c\u2019est important\u2009.\u00bb<\/p>\n<p class=\" wall-content\">Cette lumineuse boutique est en tout cas unique dans l\u2019\u00e9cosyst\u00e8me nantais, avec son rayon fromage clairement visible et sa petite salle attenante, o\u00f9 le parfum fromager reste l\u00e9ger et n\u2019impr\u00e8gne pas les habits. Commander \u00e0 emporter reste possible, mais avec <a href=\"https:\/\/actu.fr\/pays-de-la-loire\/nantes_44109\/nantes-apres-les-plats-a-emporter-zero-dechet-la-livraison-va-s-y-mettre_52148466.html\" target=\"_blank\" rel=\"noopener\">des contenants en verre r\u00e9utilisables<\/a>.<\/p>\n<p>La fromagerie Cro\u00fbte est ouverte du lundi au vendredi de 9\u2009h\u200930 \u00e0 19\u2009h, ainsi que le samedi matin de 9\u2009h\u200930 \u00e0 13\u2009h (pas de service du midi). Un service de traiteur fromager peut \u00eatre propos\u00e9.<\/p>\n<p class=\" wall-content\">Personnalisez votre actualit\u00e9 en ajoutant vos villes et m\u00e9dias en favori avec <a href=\"https:\/\/moncompte.actu.fr\" title=\"D\u00e9couvez Mon Actu\" rel=\"nofollow noopener\" data-trk=\"{&quot;cta&quot;:{&quot;action&quot;:&quot;https:\\\/\\\/moncompte.actu.fr&quot;,&quot;category&quot;:&quot;mon compte&quot;,&quot;from&quot;:&quot;article footer&quot;,&quot;name&quot;:&quot;Mon actu&quot;,&quot;type&quot;:&quot;cta&quot;}}\" target=\"_blank\">Mon Actu<\/a>.<\/p>\n<p>                    <script async src=\"\/\/www.instagram.com\/embed.js\"><\/script><\/p>\n","protected":false},"excerpt":{"rendered":"Par Emma Derome Publi\u00e9 le 31 ao\u00fbt 2025 \u00e0 16h26 R\u00e9gis et Virginie, deux amoureux du quartier des&hellip;\n","protected":false},"author":2,"featured_media":356955,"comment_status":"","ping_status":"","sticky":false,"template":"","format":"standard","meta":{"footnotes":""},"categories":[2818],"tags":[1111,11,33,1777,674,1011,27,766,12,3147,2636,25,1340],"class_list":{"0":"post-356954","1":"post","2":"type-post","3":"status-publish","4":"format-standard","5":"has-post-thumbnail","7":"category-nantes","8":"tag-actu","9":"tag-actualites","10":"tag-economie","11":"tag-eu","12":"tag-europe","13":"tag-fr","14":"tag-france","15":"tag-nantes","16":"tag-news","17":"tag-nouveaux-commerces","18":"tag-pays-de-la-loire","19":"tag-republique-francaise","20":"tag-restaurant"},"share_on_mastodon":{"url":"https:\/\/pubeurope.com\/@fr\/115125100697913793","error":""},"_links":{"self":[{"href":"https:\/\/www.europesays.com\/fr\/wp-json\/wp\/v2\/posts\/356954","targetHints":{"allow":["GET"]}}],"collection":[{"href":"https:\/\/www.europesays.com\/fr\/wp-json\/wp\/v2\/posts"}],"about":[{"href":"https:\/\/www.europesays.com\/fr\/wp-json\/wp\/v2\/types\/post"}],"author":[{"embeddable":true,"href":"https:\/\/www.europesays.com\/fr\/wp-json\/wp\/v2\/users\/2"}],"replies":[{"embeddable":true,"href":"https:\/\/www.europesays.com\/fr\/wp-json\/wp\/v2\/comments?post=356954"}],"version-history":[{"count":0,"href":"https:\/\/www.europesays.com\/fr\/wp-json\/wp\/v2\/posts\/356954\/revisions"}],"wp:featuredmedia":[{"embeddable":true,"href":"https:\/\/www.europesays.com\/fr\/wp-json\/wp\/v2\/media\/356955"}],"wp:attachment":[{"href":"https:\/\/www.europesays.com\/fr\/wp-json\/wp\/v2\/media?parent=356954"}],"wp:term":[{"taxonomy":"category","embeddable":true,"href":"https:\/\/www.europesays.com\/fr\/wp-json\/wp\/v2\/categories?post=356954"},{"taxonomy":"post_tag","embeddable":true,"href":"https:\/\/www.europesays.com\/fr\/wp-json\/wp\/v2\/tags?post=356954"}],"curies":[{"name":"wp","href":"https:\/\/api.w.org\/{rel}","templated":true}]}}