{"id":356956,"date":"2025-08-31T19:46:36","date_gmt":"2025-08-31T19:46:36","guid":{"rendered":"https:\/\/www.europesays.com\/fr\/356956\/"},"modified":"2025-08-31T19:46:36","modified_gmt":"2025-08-31T19:46:36","slug":"u19-nationaux-les-jeunes-de-saint-brieuc-nont-pas-demerite-face-au-fc-nantes","status":"publish","type":"post","link":"https:\/\/www.europesays.com\/fr\/356956\/","title":{"rendered":"U19 Nationaux\u00a0: les jeunes de Saint-Brieuc n\u2019ont pas d\u00e9m\u00e9rit\u00e9 face au FC Nantes"},"content":{"rendered":"<p>      Les U19 Nationaux du Stade Briochin se sont inclin\u00e9s deux buts \u00e0 rien, \u00e0 domicile, ce dimanche 31 ao\u00fbt 2025.<\/p>\n<p>                    U19 Nationaux. Stade Briochin &#8211; FC Nantes\u00a0: 0-2<\/p>\n<p>Promus cette saison en U19 National, les jeunes griffons disputaient leur premi\u00e8re rencontre \u00e0 domicile \u00e0 ce niveau. Apr\u00e8s \u00eatre aller chercher un point \u00e0 Avranches, il fallait s\u2019attaquer \u00e0 l\u2019un des gros morceaux de la poule, le FC Nantes. Double tenant du titre de la poule et large vainqueur de Beaucouz\u00e9 en ouverture (4-0).<\/p>\n<p>Le premier acte \u00e9tait \u00e9quilibr\u00e9, marqu\u00e9 par la solidit\u00e9 du bloc briochin et le fort pressing qui emp\u00eachait les canaris de d\u00e9velopper leur jeu. Au quart d\u2019heure de jeu, le gardien Briochin Evan Saulnier s\u2019imposait par deux fois avec autorit\u00e9 sur la premi\u00e8re situation du match venue d\u2019un coup franc nantais (17\u2019). De l\u2019autre c\u00f4t\u00e9 du terrain, Mamadi Conde s\u2019illustrait \u00e0 plusieurs reprises, notamment sur une puissante frappe qui heurtait la transversale (28\u2019).<\/p>\n<p>Peu apr\u00e8s la reprise, Mamadi Conde, \u00e0 nouveau, pensait ouvrir la marque pour les siens, mais le ballon fuyant qu\u2019il reprenait seul au second poteau s\u2019envolait (50\u2019).<\/p>\n<p>Beauvillain a failli se transformer en h\u00e9ros<\/p>\n<p>Au fil de la seconde p\u00e9riode, les Nantais se lib\u00e9raient progressivement du pressing haut du Stade Briochin et c\u2019est finalement par le milieu canari Amed Aiki que le score se d\u00e9bloquait (0-1, 78\u2019).<\/p>\n<p>Saint-Brieuc passait tout proche de recoller lorsque l\u2019entrant Gabriel Beauvillain tentait le corner direct repouss\u00e9 de justesse sur la barre par le m\u00e8tre quatre-vingt-quinze du gardien adverse.<\/p>\n<p>R\u00e9alistes et exp\u00e9riment\u00e9s, les Nantais obtenaient un penalty en fin de match transform\u00e9 par Moustapha Dabo (85\u2019, 0-2).<\/p>\n<p>\u00ab\u00a0On doit concr\u00e9tiser pour exister \u00e0 ce niveau-l\u00e0\u00a0\u00bb, relevait le coach briochin Jayson Leroy.<\/p>\n<p class=\"tech\"><strong class=\"tech\">BUTS. <\/strong>Nantes\u00a0: Amed (78\u2019), Moustapha (85).<\/p>\n<p class=\"tech\"><strong class=\"tech\">Avertissements. <\/strong>Stade Briochin\u00a0: Thomelier (58\u2019).<\/p>\n<p>Cr\u00e9dit photo : Photo Jean-Jacques Waroux<\/p>\n","protected":false},"excerpt":{"rendered":"Les U19 Nationaux du Stade Briochin se sont inclin\u00e9s deux buts \u00e0 rien, \u00e0 domicile, ce dimanche 31&hellip;\n","protected":false},"author":2,"featured_media":356957,"comment_status":"","ping_status":"","sticky":false,"template":"","format":"standard","meta":{"footnotes":""},"categories":[2818],"tags":[1111,11,1777,674,63,1011,27,766,12,2636,25,60,12089],"class_list":{"0":"post-356956","1":"post","2":"type-post","3":"status-publish","4":"format-standard","5":"has-post-thumbnail","7":"category-nantes","8":"tag-actu","9":"tag-actualites","10":"tag-eu","11":"tag-europe","12":"tag-football","13":"tag-fr","14":"tag-france","15":"tag-nantes","16":"tag-news","17":"tag-pays-de-la-loire","18":"tag-republique-francaise","19":"tag-sports","20":"tag-stade-briochin"},"share_on_mastodon":{"url":"https:\/\/pubeurope.com\/@fr\/115125104365885340","error":""},"_links":{"self":[{"href":"https:\/\/www.europesays.com\/fr\/wp-json\/wp\/v2\/posts\/356956","targetHints":{"allow":["GET"]}}],"collection":[{"href":"https:\/\/www.europesays.com\/fr\/wp-json\/wp\/v2\/posts"}],"about":[{"href":"https:\/\/www.europesays.com\/fr\/wp-json\/wp\/v2\/types\/post"}],"author":[{"embeddable":true,"href":"https:\/\/www.europesays.com\/fr\/wp-json\/wp\/v2\/users\/2"}],"replies":[{"embeddable":true,"href":"https:\/\/www.europesays.com\/fr\/wp-json\/wp\/v2\/comments?post=356956"}],"version-history":[{"count":0,"href":"https:\/\/www.europesays.com\/fr\/wp-json\/wp\/v2\/posts\/356956\/revisions"}],"wp:featuredmedia":[{"embeddable":true,"href":"https:\/\/www.europesays.com\/fr\/wp-json\/wp\/v2\/media\/356957"}],"wp:attachment":[{"href":"https:\/\/www.europesays.com\/fr\/wp-json\/wp\/v2\/media?parent=356956"}],"wp:term":[{"taxonomy":"category","embeddable":true,"href":"https:\/\/www.europesays.com\/fr\/wp-json\/wp\/v2\/categories?post=356956"},{"taxonomy":"post_tag","embeddable":true,"href":"https:\/\/www.europesays.com\/fr\/wp-json\/wp\/v2\/tags?post=356956"}],"curies":[{"name":"wp","href":"https:\/\/api.w.org\/{rel}","templated":true}]}}