{"id":356958,"date":"2025-08-31T19:47:10","date_gmt":"2025-08-31T19:47:10","guid":{"rendered":"https:\/\/www.europesays.com\/fr\/356958\/"},"modified":"2025-08-31T19:47:10","modified_gmt":"2025-08-31T19:47:10","slug":"nous-ne-faisons-pas-assez-ecrire-les-eleves-deplore-le-recteur-de-lacademie-de-bordeaux","status":"publish","type":"post","link":"https:\/\/www.europesays.com\/fr\/356958\/","title":{"rendered":"\u00ab\u00a0Nous ne faisons pas assez \u00e9crire les \u00e9l\u00e8ves\u00a0\u00bb, d\u00e9plore le recteur de l\u2019acad\u00e9mie de Bordeaux"},"content":{"rendered":"<p>Ce lundi 1er\u00a0septembre, 562\u00a0790\u00a0\u00e9coliers, coll\u00e9giens et lyc\u00e9ens reprennent le chemin des quelque 3\u00a0282\u00a0\u00e9tablissements scolaires de l\u2019acad\u00e9mie de Bordeaux. \u00c0 quelle sauce seront-ils cuisin\u00e9s\u00a0?<\/p>\n<p>Remonter l\u2019ambition scolaire<\/p>\n<p>La ministre a annonc\u00e9 la couleur\u00a0: le Bac 2026 sera plus exigeant, et ne rep\u00eachera pas \u00e0 moins de 9,5 sur 20. Ces efforts pour remonter le niveau porteront d\u00e8s le primaire, en particulier dans la r\u00e9gion, qui \u00ab\u00a0manque d\u2019ambition scolaire\u00a0\u00bb, selon le recteur d\u2019acad\u00e9mie Jean-Marc Huart. Une tendance paradoxale au regard des caract\u00e9ristiques du territoire\u00a0: \u00ab\u00a0La r\u00e9gion est plut\u00f4t favoris\u00e9e, moins concern\u00e9e par les zones d\u2019\u00e9ducations prioritaires.\u00a0\u00bb Mais si les \u00e9l\u00e8ves aquitains r\u00e9ussissent mieux les \u00e9valuations que la moyenne nationale, ils accusent \u00ab\u00a0une petite contre-performance sur la lecture et l\u2019\u00e9criture\u00a0\u00bb, appuie le recteur qui a donn\u00e9 pour consigne de \u00ab\u00a0mettre le paquet sur l\u2019\u00e9criture \u00e0 tous les niveaux. Nous ne faisons pas assez \u00e9crire les \u00e9l\u00e8ves\u00a0\u00bb, conclut-il.<\/p>\n<p>Ce manque culturel d\u2019ambition scolaire se retrouve apr\u00e8s le Bac, d\u2019apr\u00e8s le rectorat, qui note la distorsion entre le taux de r\u00e9ussite dans l\u2019acad\u00e9mie (96\u00a0%) et le taux d\u2019acc\u00e8s \u00e0 l\u2019enseignement sup\u00e9rieur. \u00ab\u00a0Notre acad\u00e9mie est tr\u00e8s d\u00e9ceptive.\u00a0\u00bb Un seul exemple\u00a0: \u00ab\u00a0Il est inconcevable que le Lot-et-Garonne n\u2019envoie que 56\u00a0% de ses \u00e9l\u00e8ves en voie g\u00e9n\u00e9rale et technologique.\u00a0\u00bb Il s\u2019agit aussi de miser sur le Plan Avenir con\u00e7u au niveau national, cens\u00e9 muscler l\u2019orientation par la constitution d\u2019un \u00ab\u00a0plan pluriannuel d\u2019orientation dans chaque \u00e9tablissement\u00a0\u00bb en partenariat avec la R\u00e9gion Aquitaine, construit en fonction des sp\u00e9cificit\u00e9s \u00e9conomiques du territoire.<\/p>\n<p>Sant\u00e9 mentale\u00a0: il y a urgence<\/p>\n<p>La sant\u00e9 mentale des \u00e9l\u00e8ves, c\u2019est l\u2019un des grands axes de la politique nationale. Cette \u00ab\u00a0mobilisation g\u00e9n\u00e9rale\u00a0\u00bb se traduit dans l\u2019acad\u00e9mie par le d\u00e9ploiement de cinq r\u00e9f\u00e9rents en sant\u00e9 mentale (un par d\u00e9partement). Ils coordonneront les \u00e9quipes d\u2019infirmiers et psychologues scolaires tandis que chaque \u00e9tablissement devra respecter un protocole de signalement, apr\u00e8s avoir re\u00e7u une formation en premiers secours en sant\u00e9 mentale. Les \u00e9l\u00e8ves rep\u00e9r\u00e9s seront accompagn\u00e9s vers une prise en charge rapide et adapt\u00e9e dans un centre m\u00e9dico-psychologique. \u00ab\u00a0Sauf qu\u2019il manque des postes de psychologues scolaires\u00a0\u00bb, note Christophe Nowaczek, responsable d\u00e9partemental du syndicat Unsa \u00c9ducation dans les Landes, assurant que \u00ab\u00a0la crise sanitaire du Covid a laiss\u00e9 des s\u00e9quelles chez les \u00e9l\u00e8ves\u00a0\u00bb. R\u00e9ponse du rectorat\u00a0: \u00ab\u00a0L\u2019acad\u00e9mie compte 386\u00a0infirmi\u00e8res scolaires, 54\u00a0m\u00e9decins, et 428\u00a0postes de psychologues, dont 42 restent en effet vacants mais de nombreux recrutements sont en cours.\u00a0\u00bb<\/p>\n<p>Si le rectorat annonce sa volont\u00e9 de \u00ab\u00a0prot\u00e9ger les enseignants contre toute forme de violence et de menaces\u00a0\u00bb en assurant \u00ab\u00a0la protection fonctionnelle syst\u00e9matique\u00a0\u00bb, les syndicats enseignants s\u2019inqui\u00e8tent de l\u2019\u00e9tat de leurs troupes. L\u2019Unsa \u00c9ducation pointe \u00ab\u00a0un climat social d\u00e9grad\u00e9, anxiog\u00e8ne\u00a0\u00bb. C\u00e9drine Sancier, secr\u00e9taire d\u00e9partementale pour la Gironde, souligne l\u2019impact d\u2019une \u00ab\u00a0gestion de crise\u00a0\u00bb et \u00ab\u00a0la perte de sens qui d\u00e9coule de consignes inadapt\u00e9es\u00a0\u00bb, tandis que son homologue landais \u00e9voque \u00ab\u00a0la g\u00e9n\u00e9ralisation de la souffrance au travail, des cas de suicide, d\u2019arr\u00eats maladie longue dur\u00e9e, et des coll\u00e8gues confront\u00e9s \u00e0 la violence d\u00e8s la maternelle\u00a0\u00bb. M\u00eame discours au syndicat de F\u00e9d\u00e9ration Syndicale Unitaire (FSU), o\u00f9 Kathy Souffron, responsable girondine, d\u00e9plore \u00ab\u00a0un \u00e9puisement professionnel,\u00a0\u00bb et annonce le lancement d\u2019une enqu\u00eate sur les moyens et les conditions d\u2019exercice dans les \u00e9tablissements de l\u2019acad\u00e9mie \u00e0 la rentr\u00e9e. Elle devrait \u00eatre publi\u00e9e au 10\u00a0septembre.<\/p>\n<p>D\u00e9connexion et IA<\/p>\n<p>Apr\u00e8s avoir exp\u00e9riment\u00e9 la pause num\u00e9rique, en particulier dans cinq \u00e9tablissements l\u2019an dernier, il a finalement \u00e9t\u00e9 d\u00e9cid\u00e9 de simplifier la proc\u00e9dure en revenant \u00e0 la loi de 2018\u00a0: l\u2019interdiction. Pas de modalit\u00e9 unique sur le territoire, chaque \u00e9tablissement fera respecter la loi \u00e0 sa fa\u00e7on. Seul imp\u00e9ratif\u00a0: la d\u00e9connexion num\u00e9rique devra \u00eatre respect\u00e9e le soir. En clair, les environnements num\u00e9riques de travail (ENT) seront ferm\u00e9s entre 20\u00a0heures et 7\u00a0heures du matin, ainsi que le week-end, sauf urgence \u00e0 communiquer.<\/p>\n<p>Parall\u00e8lement \u00e0 ce droit \u00e0 la d\u00e9connexion, l\u2019\u00c9ducation nationale compte bien se saisir de l\u2019intelligence artificielle et de former ses personnels, via un outil s\u00e9curis\u00e9, notamment pour pr\u00e9parer les cours, g\u00e9n\u00e9rer des QCM, mais aussi pour accompagner les \u00e9l\u00e8ves dans un usage raisonn\u00e9 et \u00e9clair\u00e9 de l\u2019IA.<\/p>\n<p>Quid des exp\u00e9rimentations\u00a0?<\/p>\n<p>Les ann\u00e9es pr\u00e9c\u00e9dentes ont \u00e9t\u00e9 \u00e9maill\u00e9es d\u2019exp\u00e9rimentations. Parmi celles-ci, au lyc\u00e9e, la classe de pr\u00e9paration \u00e0 la seconde d\u00e9di\u00e9e aux \u00e9l\u00e8ves n\u2019ayant pas valid\u00e9 leur Brevet. Bien que ces classes d\u00e9partementalis\u00e9es n\u2019aient pas obtenu un franc succ\u00e8s en termes d\u2019effectif, il a \u00e9t\u00e9 d\u00e9cid\u00e9 au niveau national de prolonger l\u2019exp\u00e9rience. L\u2019int\u00e9r\u00eat et les r\u00e9sultats de ce dispositif seront analys\u00e9s dans l\u2019ann\u00e9e. C\u2019est aussi la r\u00e9forme de la voie professionnelle qui devra \u00eatre am\u00e9lior\u00e9e\u00a0: l\u2019an dernier, le calendrier des \u00e9preuves, trop pr\u00e9coce ayant entra\u00een\u00e9 un d\u00e9sengagement des \u00e9l\u00e8ves. \u00c0 ce sujet, le responsable acad\u00e9mique du syndicat Unsa \u00c9ducation, Franck Hiale, demande de toute urgence \u00ab\u00a0l\u2019instauration d\u2019un comit\u00e9 de suivi de la r\u00e9forme\u00a0\u00bb.<\/p>\n<p>Discriminations et armes blanches<\/p>\n<p>Au chapitre des discriminations, dans le prolongement du plan \u00ab\u00a0filles et maths\u00a0\u00bb, sont exp\u00e9riment\u00e9es d\u00e8s cette rentr\u00e9e les quatre premi\u00e8res classes am\u00e9nag\u00e9es en math\u00e9matiques et sciences (CHAMS) en quatri\u00e8me, compos\u00e9es \u00e0 50\u00a0% de filles en partenariat avec des laboratoires scientifiques ou des entreprises de la r\u00e9gion. Un d\u00e9but, avec l\u2019espoir de garnir ensuite les bancs des \u00e9coles pr\u00e9paratoires scientifiques. Et tandis que se poursuit la lutte contre le harc\u00e8lement scolaire et se d\u00e9ploie le programme Evars d\u2019\u00e9ducation \u00e0 la vie affective et sexuelle, s\u2019intensifie la lutte contre les racismes, notamment l\u2019antis\u00e9mitisme et les LGTBphobies. Mais aussi contre la propagation des armes blanche. \u00ab\u00a0Tout \u00e9l\u00e8ve surpris en possession d\u2019arme blanche sera envoy\u00e9 en conseil de discipline imm\u00e9diatement et un signalement au procureur sera fait\u00a0\u00bb, pr\u00e9vient le recteur.<\/p>\n","protected":false},"excerpt":{"rendered":"Ce lundi 1er\u00a0septembre, 562\u00a0790\u00a0\u00e9coliers, coll\u00e9giens et lyc\u00e9ens reprennent le chemin des quelque 3\u00a0282\u00a0\u00e9tablissements scolaires de l\u2019acad\u00e9mie de Bordeaux.&hellip;\n","protected":false},"author":2,"featured_media":356959,"comment_status":"","ping_status":"","sticky":false,"template":"","format":"standard","meta":{"footnotes":""},"categories":[2817],"tags":[1111,11,1997,1777,674,1011,27,12,2219,25],"class_list":{"0":"post-356958","1":"post","2":"type-post","3":"status-publish","4":"format-standard","5":"has-post-thumbnail","7":"category-bordeaux","8":"tag-actu","9":"tag-actualites","10":"tag-bordeaux","11":"tag-eu","12":"tag-europe","13":"tag-fr","14":"tag-france","15":"tag-news","16":"tag-nouvelle-aquitaine","17":"tag-republique-francaise"},"share_on_mastodon":{"url":"https:\/\/pubeurope.com\/@fr\/115125108296510032","error":""},"_links":{"self":[{"href":"https:\/\/www.europesays.com\/fr\/wp-json\/wp\/v2\/posts\/356958","targetHints":{"allow":["GET"]}}],"collection":[{"href":"https:\/\/www.europesays.com\/fr\/wp-json\/wp\/v2\/posts"}],"about":[{"href":"https:\/\/www.europesays.com\/fr\/wp-json\/wp\/v2\/types\/post"}],"author":[{"embeddable":true,"href":"https:\/\/www.europesays.com\/fr\/wp-json\/wp\/v2\/users\/2"}],"replies":[{"embeddable":true,"href":"https:\/\/www.europesays.com\/fr\/wp-json\/wp\/v2\/comments?post=356958"}],"version-history":[{"count":0,"href":"https:\/\/www.europesays.com\/fr\/wp-json\/wp\/v2\/posts\/356958\/revisions"}],"wp:featuredmedia":[{"embeddable":true,"href":"https:\/\/www.europesays.com\/fr\/wp-json\/wp\/v2\/media\/356959"}],"wp:attachment":[{"href":"https:\/\/www.europesays.com\/fr\/wp-json\/wp\/v2\/media?parent=356958"}],"wp:term":[{"taxonomy":"category","embeddable":true,"href":"https:\/\/www.europesays.com\/fr\/wp-json\/wp\/v2\/categories?post=356958"},{"taxonomy":"post_tag","embeddable":true,"href":"https:\/\/www.europesays.com\/fr\/wp-json\/wp\/v2\/tags?post=356958"}],"curies":[{"name":"wp","href":"https:\/\/api.w.org\/{rel}","templated":true}]}}