{"id":356960,"date":"2025-08-31T19:48:15","date_gmt":"2025-08-31T19:48:15","guid":{"rendered":"https:\/\/www.europesays.com\/fr\/356960\/"},"modified":"2025-08-31T19:48:15","modified_gmt":"2025-08-31T19:48:15","slug":"la-confrerie-des-compagnons-du-bordeaux-fetera-le-57e-ban-des-vendanges-dans-une-cite-medievale-en-gironde","status":"publish","type":"post","link":"https:\/\/www.europesays.com\/fr\/356960\/","title":{"rendered":"La Confr\u00e9rie des Compagnons du Bordeaux f\u00eatera le 57e ban des vendanges dans une cit\u00e9 m\u00e9di\u00e9vale en Gironde"},"content":{"rendered":"<p>            Par<br \/>\n        <strong><br \/>\n            <a href=\"https:\/\/actu.fr\/auteur\/ddecourcelle\" title=\"Consulter tous les articles de Delphine Decourcelle\" rel=\"nofollow noopener\" target=\"_blank\">Delphine Decourcelle<\/a><br \/>\n        <\/strong><\/p>\n<p>        Publi\u00e9 le<\/p>\n<p>            31 ao\u00fbt 2025 \u00e0 18h00        <\/p>\n<p>Dimanche 14 septembre 2025, les Compagnons du Bordeaux ont choisi la cit\u00e9 m\u00e9di\u00e9vale de <a href=\"https:\/\/actu.fr\/nouvelle-aquitaine\/saint-macaire_33435\" rel=\"nofollow noopener\" target=\"_blank\">Saint-Macaire<\/a> pour c\u00e9l\u00e9brer leur 57e ban des <a href=\"https:\/\/actu.fr\/tag\/vin\" rel=\"nofollow noopener\" target=\"_blank\">vendanges<\/a>.\u00a0<\/p>\n<p>Pourquoi \u00e0 Saint-Macaire<\/p>\n<p class=\" wall-content\">Pourquoi Saint-Macaire ? \u00ab\u00a0D\u2019abord parce que la Confr\u00e9rie est rattach\u00e9e aupr\u00e8s du Grand Conseil des Vins de Bordeaux au Syndicat des Bordeaux Saint-Macaire. Ensuite, parce que nous cherchons chaque ann\u00e9e un cadre exceptionnel. Cette ann\u00e9e notre choix s\u2019est port\u00e9 sur la cit\u00e9 m\u00e9di\u00e9vale comme nous l\u2019avions d\u00e9j\u00e0 fait il y a une vingtaine d\u2019ann\u00e9es\u00a0\u00bb, pr\u00e9cise Chantal Dufaure, grand ma\u00eetre des Compagnons.<\/p>\n<p class=\" wall-content\">\u00ab\u00a0Nous mettons ainsi \u00e0 l\u2019honneur non seulement la ville mais aussi ses vins de l\u2019appellation.\u00a0Notre journ\u00e9e commence traditionnellement par <b>un d\u00e9fil\u00e9, puis une messe.<\/b> Ensuite, nous c\u00e9l\u00e9brerons dans un lieu embl\u00e9matique de la commune, proche de l\u2019\u00e9glise, l\u2019ouverture du Ban des vendanges\u00a0\u00bb, ajoute-t-elle.<\/p>\n<p class=\" wall-content\">\u00ab\u00a0Nous proc\u00e9derons \u00e0 un chapitre d\u2019<b>intronisations (12 imp\u00e9trants)<\/b> ; moment privil\u00e9gi\u00e9 pour adouber des personnalit\u00e9s locales qui portent et porteront haut les couleurs du terroir de Saint-Macaire\u00a0\u00bb.<\/p>\n<p>Vid\u00e9os : en ce moment sur ActuD\u00e9gustation<\/p>\n<p class=\" wall-content\">En partenariat avec le Syndicat Bordeaux Saint-Macaire, un vin d\u2019honneur sera offert sur la place centrale du village. \u00ab\u00a0Nous pourrons d\u00e9guster les blancs secs et liquoreux de l\u2019appellation et nous continuerons la journ\u00e9e par un repas (sur inscription avant le 3 septembre) dans la salle des f\u00eates de Saint-Macaire\u00a0\u00bb.<\/p>\n<p>L\u2019abus d\u2019alcool est dangereux pour la sant\u00e9, \u00e0 consommer avec mod\u00e9ration.<\/p>\n<p class=\" wall-content\">Personnalisez votre actualit\u00e9 en ajoutant vos villes et m\u00e9dias en favori avec <a href=\"https:\/\/moncompte.actu.fr\" title=\"D\u00e9couvez Mon Actu\" rel=\"nofollow noopener\" data-trk=\"{&quot;cta&quot;:{&quot;action&quot;:&quot;https:\\\/\\\/moncompte.actu.fr&quot;,&quot;category&quot;:&quot;mon compte&quot;,&quot;from&quot;:&quot;article footer&quot;,&quot;name&quot;:&quot;Mon actu&quot;,&quot;type&quot;:&quot;cta&quot;}}\" target=\"_blank\">Mon Actu<\/a>.<\/p>\n","protected":false},"excerpt":{"rendered":"Par Delphine Decourcelle Publi\u00e9 le 31 ao\u00fbt 2025 \u00e0 18h00 Dimanche 14 septembre 2025, les Compagnons du Bordeaux&hellip;\n","protected":false},"author":2,"featured_media":356961,"comment_status":"","ping_status":"","sticky":false,"template":"","format":"standard","meta":{"footnotes":""},"categories":[2817],"tags":[1111,11,1063,1997,1777,674,1011,27,1652,12,2219,25,1662,18193],"class_list":{"0":"post-356960","1":"post","2":"type-post","3":"status-publish","4":"format-standard","5":"has-post-thumbnail","7":"category-bordeaux","8":"tag-actu","9":"tag-actualites","10":"tag-animations","11":"tag-bordeaux","12":"tag-eu","13":"tag-europe","14":"tag-fr","15":"tag-france","16":"tag-loisirs-culture","17":"tag-news","18":"tag-nouvelle-aquitaine","19":"tag-republique-francaise","20":"tag-vin","21":"tag-viticulture"},"share_on_mastodon":{"url":"https:\/\/pubeurope.com\/@fr\/115125112261006828","error":""},"_links":{"self":[{"href":"https:\/\/www.europesays.com\/fr\/wp-json\/wp\/v2\/posts\/356960","targetHints":{"allow":["GET"]}}],"collection":[{"href":"https:\/\/www.europesays.com\/fr\/wp-json\/wp\/v2\/posts"}],"about":[{"href":"https:\/\/www.europesays.com\/fr\/wp-json\/wp\/v2\/types\/post"}],"author":[{"embeddable":true,"href":"https:\/\/www.europesays.com\/fr\/wp-json\/wp\/v2\/users\/2"}],"replies":[{"embeddable":true,"href":"https:\/\/www.europesays.com\/fr\/wp-json\/wp\/v2\/comments?post=356960"}],"version-history":[{"count":0,"href":"https:\/\/www.europesays.com\/fr\/wp-json\/wp\/v2\/posts\/356960\/revisions"}],"wp:featuredmedia":[{"embeddable":true,"href":"https:\/\/www.europesays.com\/fr\/wp-json\/wp\/v2\/media\/356961"}],"wp:attachment":[{"href":"https:\/\/www.europesays.com\/fr\/wp-json\/wp\/v2\/media?parent=356960"}],"wp:term":[{"taxonomy":"category","embeddable":true,"href":"https:\/\/www.europesays.com\/fr\/wp-json\/wp\/v2\/categories?post=356960"},{"taxonomy":"post_tag","embeddable":true,"href":"https:\/\/www.europesays.com\/fr\/wp-json\/wp\/v2\/tags?post=356960"}],"curies":[{"name":"wp","href":"https:\/\/api.w.org\/{rel}","templated":true}]}}