{"id":356966,"date":"2025-08-31T19:51:20","date_gmt":"2025-08-31T19:51:20","guid":{"rendered":"https:\/\/www.europesays.com\/fr\/356966\/"},"modified":"2025-08-31T19:51:20","modified_gmt":"2025-08-31T19:51:20","slug":"lille-le-credit-municipal-prepare-une-vente-aux-encheres-exceptionnelle-apres-5-ans-de-fermeture","status":"publish","type":"post","link":"https:\/\/www.europesays.com\/fr\/356966\/","title":{"rendered":"Lille. Le Cr\u00e9dit municipal pr\u00e9pare une vente aux ench\u00e8res exceptionnelle apr\u00e8s 5 ans de fermeture"},"content":{"rendered":"<p>            Par<br \/>\n        <strong><br \/>\n            <a href=\"https:\/\/actu.fr\/auteur\/annesophie-2\" title=\"Consulter tous les articles de Anne-Sophie Hourdeaux\" rel=\"nofollow noopener\" target=\"_blank\">Anne-Sophie Hourdeaux<\/a><br \/>\n        <\/strong><\/p>\n<p>        Publi\u00e9 le<\/p>\n<p>            31 ao\u00fbt 2025 \u00e0 17h00        <\/p>\n<p>Sa salle des ventes \u00e9tait ferm\u00e9e depuis 2020 \u00e0 cause du Covid\u2009! Bien s\u00fbr, <b>le Cr\u00e9dit municipal de Lille<\/b> avait continu\u00e9 de fonctionner, mais n\u2019avait plus organis\u00e9 de vente \u00ab\u2009en pr\u00e9sentiel\u2009\u00bb depuis 5\u00a0ans.<b> Vendredi 5\u00a0septembre 2025, <\/b>c\u2019est donc un \u00e9v\u00e9nement exceptionnel qu\u2019il organise avec <b>une vente aux ench\u00e8res sur place<\/b>. <b>163 lots seront pr\u00e9sent\u00e9s<\/b>, avec des bijoux, de la vaisselle, des tableaux, des disques et m\u00eame un violon\u2009!<\/p>\n<p>    <img   decoding=\"async\" loading=\"lazy\" class=\"size-large\" src=\"https:\/\/www.europesays.com\/fr\/wp-content\/uploads\/2025\/08\/1f7d971e10b86a38d971e10b8388d9v-960x640.jpg\" alt=\"vente ench\u00e8res Cr\u00e9dit Municipal de Lille\" width=\"960\" height=\"640\"\/><br \/>\n    Lot 109\u2009: un violon d\u2019\u00e9tude hongrois estim\u00e9 entre 50 et 80\u00a0\u20ac. \u00a9Cr\u00e9dit Municipal de LilleUne salle des ventes ferm\u00e9e pendant 5\u00a0ans<\/p>\n<p class=\" wall-content\">Le Covid laisse encore des traces \u00e0 Lille\u2009: depuis la fermeture de sa salle des ventes en 2020 \u00e0 cause de la crise sanitaire, le Cr\u00e9dit municipal de Lille ne l\u2019avait pas r\u00e9ouverte. Il a fallu attendre 5 ans pour que ladite salle accueille de nouveau du public. ce sera vendredi 5 septembre 2025.<\/p>\n<p class=\" wall-content\">Depuis 5\u00a0ans, les ench\u00e8res avaient continu\u00e9 en ligne. Mais le charme d\u2019une vente en pr\u00e9sentiel manquait.<\/p>\n<p class=\" wall-content\">Le Cr\u00e9dit municipal est un \u00e9tablissement public communal de cr\u00e9dit et d\u2019aide sociale. On peut y d\u00e9poser contre gage un objet, avec possibilit\u00e9 de le r\u00e9cup\u00e9rer plus tard. Mais certains objets ne sont jamais r\u00e9cup\u00e9r\u00e9s, les propri\u00e9taires d\u00e9cidant finalement de les laisser. D\u2019autres sont achet\u00e9s par le Cr\u00e9dit municipal. Ce sont ces objets qui seront mis aux ench\u00e8res vendredi 5 septembre 2025 d\u00e8s 14\u2009h.<\/p>\n<p>    <img   decoding=\"async\" loading=\"lazy\" class=\"size-large\" src=\"https:\/\/www.europesays.com\/fr\/wp-content\/uploads\/2025\/08\/92acb31e10b86d6acb31e10b81bacbv-960x640.jpg\" alt=\"vente ench\u00e8res Cr\u00e9dit Municipal de Lille\" width=\"960\" height=\"640\"\/><br \/>\n    Lot 37\u2009: 12 tasses de porcelaine Lafarge, estim\u00e9es entre 20 et 40\u00a0\u20ac. \u00a9Cr\u00e9dit Municipal de Lille163 lots, estim\u00e9s de 10 \u00e0 1\u2009000\u00a0\u20ac<\/p>\n<p class=\" wall-content\"><a href=\"https:\/\/www.interencheres.com\/art-decoration\/vente-de-la-braderie-de-lille-du-credit-municipal-661548\" rel=\"nofollow noopener\" target=\"_blank\">163 lots ont \u00e9t\u00e9 constitu\u00e9s<\/a> dont\u2009: des bijoux (certains en or), des disques vinyles, de la vaisselle (porcelaine, cristal, fa\u00efence\u2026), des tableaux, des livres, des vases\u2026 Les estimations vont de 10 \u00e0 1\u2009000\u00a0\u20ac.<\/p>\n<p>Votre r\u00e9gion, votre actu !<\/p>\n<p>Recevez chaque jour les infos qui comptent pour vous.<\/p>\n<p>\t<a href=\"https:\/\/actu.fr\/newsletter\" class=\"ac-btn ac-btn--corner ac-btn--medium ac-btn--blue800\" rel=\"nofollow noopener\" target=\"_blank\">S&rsquo;incrire<\/a><\/p>\n<p>    <img   decoding=\"async\" loading=\"lazy\" class=\"size-large\" src=\"https:\/\/www.europesays.com\/fr\/wp-content\/uploads\/2025\/08\/b724061e10b860c24061e10b8ff240v-960x640.jpg\" alt=\"vente ench\u00e8res Cr\u00e9dit Municipal de Lille\" width=\"960\" height=\"640\"\/><br \/>\n    Lot 113\u2009: un appareil photo DYNAX 7000I, deux objectifs et un flash dans leur sacoche de transport. Estimation\u2009: entre 40 et 60\u00a0\u20ac. \u00a9Cr\u00e9dit Municipal de Lille<\/p>\n<p class=\" wall-content\">Parmi les objets les plus remarquables, on peut citer\u2009:<\/p>\n<ul class=\" wall-content\">\n<li>une veste Chanel taille 34\u2009;<\/li>\n<li>un violon d\u2019\u00e9tude hongrois\u2009;<\/li>\n<li>un tabouret zoomorphe en c\u00e9ramique gla\u00e7ur\u00e9e en forme d\u2019\u00e9l\u00e9phant\u2009;<\/li>\n<li>une Nintendo DS\u2009;<\/li>\n<li>une clarinette dans son coffret\u2009;<\/li>\n<li>\n<p>un objectif Variogon\u2009;<\/p>\n<\/li>\n<li>une berg\u00e8re en bois\u2009;<\/li>\n<li>deux lots de bracelets en or (lots 5 et 8) avec les estimations les plus hautes (de 700 \u00e0 900\u00a0\u20ac)\u2009; un lot de bijoux en or (lot 11) estim\u00e9 entre 900 et 1\u2009000\u00a0\u20ac\u2026<\/li>\n<\/ul>\n<p>    <img   decoding=\"async\" loading=\"lazy\" class=\"size-large\" src=\"https:\/\/www.europesays.com\/fr\/wp-content\/uploads\/2025\/08\/7995022e10b869d95022e10b891a50v-960x640.jpg\" alt=\"vente ench\u00e8res Cr\u00e9dit Municipal de Lille\" width=\"960\" height=\"640\"\/><br \/>\n    Le lot 110 compte 10 33 Tours, estim\u00e9 entre 10 et 20\u00a0\u20ac. \u00a9Cr\u00e9dit Municipal de Lille<\/p>\n<p class=\" wall-content\">On peut d\u00e9j\u00e0 laisser une ench\u00e8re sur internet, ou encore d\u00e9couvrir plus pr\u00e9cis\u00e9ment les lots sur place le 5 septembre entre 11\u2009h et 12\u2009h. L\u2019enl\u00e8vement de l\u2019objet acquis se fait imm\u00e9diatement apr\u00e8s la vente, sur place au 81, rue Gantois \u00e0 Lille, ou lors de la permanence des retraits organis\u00e9e vendredi 19 septembre de 10\u2009h \u00e0 12\u2009h.<\/p>\n<p>Au profit de la Fondation des femmes<\/p>\n<p class=\" wall-content\">Cet \u00e9v\u00e9nement se veut solidaire, puisque les b\u00e9n\u00e9fices des ventes iront \u00e0 la Fondation des femmes, engag\u00e9e pour les droits des femmes et la lutte contre les violences. L\u2019argent ira notamment \u00e0 l\u2019accompagnement juridique et psychologique, \u00e0 l\u2019h\u00e9bergement d\u2019urgence, \u00e0 la pr\u00e9vention.<\/p>\n<p>Rendez-vous vendredi 5\u00a0septembre 2025 \u00e0 14\u2009h au 81 rue Gantois \u00e0 Lille. L\u2019acc\u00e8s est libre et sans inscription. Exposition le 5\u00a0septembre de 11\u2009h \u00e0 12\u2009h. D\u00e9couvrir les lots sur <a href=\"https:\/\/www.interencheres.com\/recherche\/ventes?search=cr%C3%A9dit%20municipal%20lille\" rel=\"nofollow noopener\" target=\"_blank\">interencheres.com<\/a><\/p>\n<p class=\" wall-content\">Personnalisez votre actualit\u00e9 en ajoutant vos villes et m\u00e9dias en favori avec <a href=\"https:\/\/moncompte.actu.fr\" title=\"D\u00e9couvez Mon Actu\" rel=\"nofollow noopener\" data-trk=\"{&quot;cta&quot;:{&quot;action&quot;:&quot;https:\\\/\\\/moncompte.actu.fr&quot;,&quot;category&quot;:&quot;mon compte&quot;,&quot;from&quot;:&quot;article footer&quot;,&quot;name&quot;:&quot;Mon actu&quot;,&quot;type&quot;:&quot;cta&quot;}}\" target=\"_blank\">Mon Actu<\/a>.<\/p>\n","protected":false},"excerpt":{"rendered":"Par Anne-Sophie Hourdeaux Publi\u00e9 le 31 ao\u00fbt 2025 \u00e0 17h00 Sa salle des ventes \u00e9tait ferm\u00e9e depuis 2020&hellip;\n","protected":false},"author":2,"featured_media":356967,"comment_status":"","ping_status":"","sticky":false,"template":"","format":"standard","meta":{"footnotes":""},"categories":[2815],"tags":[1111,11,1777,674,1011,27,811,1307,12,25,104],"class_list":{"0":"post-356966","1":"post","2":"type-post","3":"status-publish","4":"format-standard","5":"has-post-thumbnail","7":"category-lille","8":"tag-actu","9":"tag-actualites","10":"tag-eu","11":"tag-europe","12":"tag-fr","13":"tag-france","14":"tag-hauts-de-france","15":"tag-lille","16":"tag-news","17":"tag-republique-francaise","18":"tag-societe"},"share_on_mastodon":{"url":"https:\/\/pubeurope.com\/@fr\/115125124430905119","error":""},"_links":{"self":[{"href":"https:\/\/www.europesays.com\/fr\/wp-json\/wp\/v2\/posts\/356966","targetHints":{"allow":["GET"]}}],"collection":[{"href":"https:\/\/www.europesays.com\/fr\/wp-json\/wp\/v2\/posts"}],"about":[{"href":"https:\/\/www.europesays.com\/fr\/wp-json\/wp\/v2\/types\/post"}],"author":[{"embeddable":true,"href":"https:\/\/www.europesays.com\/fr\/wp-json\/wp\/v2\/users\/2"}],"replies":[{"embeddable":true,"href":"https:\/\/www.europesays.com\/fr\/wp-json\/wp\/v2\/comments?post=356966"}],"version-history":[{"count":0,"href":"https:\/\/www.europesays.com\/fr\/wp-json\/wp\/v2\/posts\/356966\/revisions"}],"wp:featuredmedia":[{"embeddable":true,"href":"https:\/\/www.europesays.com\/fr\/wp-json\/wp\/v2\/media\/356967"}],"wp:attachment":[{"href":"https:\/\/www.europesays.com\/fr\/wp-json\/wp\/v2\/media?parent=356966"}],"wp:term":[{"taxonomy":"category","embeddable":true,"href":"https:\/\/www.europesays.com\/fr\/wp-json\/wp\/v2\/categories?post=356966"},{"taxonomy":"post_tag","embeddable":true,"href":"https:\/\/www.europesays.com\/fr\/wp-json\/wp\/v2\/tags?post=356966"}],"curies":[{"name":"wp","href":"https:\/\/api.w.org\/{rel}","templated":true}]}}