{"id":356968,"date":"2025-08-31T19:52:09","date_gmt":"2025-08-31T19:52:09","guid":{"rendered":"https:\/\/www.europesays.com\/fr\/356968\/"},"modified":"2025-08-31T19:52:09","modified_gmt":"2025-08-31T19:52:09","slug":"bruno-genesio-seduit-par-hamza-igamane","status":"publish","type":"post","link":"https:\/\/www.europesays.com\/fr\/356968\/","title":{"rendered":"Bruno Genesio s\u00e9duit par Hamza Igamane"},"content":{"rendered":"<p>Entr\u00e9 \u00e0 la pause contre <a href=\"https:\/\/www.footmercato.net\/club\/fc-lorient\/\" rel=\"nofollow noopener\" target=\"_blank\">Lorient<\/a>, alors que le score \u00e9tait encore vierge, <a href=\"https:\/\/www.footmercato.net\/joueur\/igmane-hamza\/\" rel=\"nofollow noopener\" target=\"_blank\">Hamza Igamane<\/a> a connu des d\u00e9buts de r\u00eave avec <a href=\"https:\/\/www.footmercato.net\/club\/losc\/\" rel=\"nofollow noopener\" target=\"_blank\">Lille<\/a>, participant \u00e0 la large victoire des siens (7-1) avec un doubl\u00e9. Ainsi, celui qui a rejoint les Dogues pour suppl\u00e9er le v\u00e9t\u00e9ran Olivier Giroud, bless\u00e9 et indisponible pour la rencontre contre les Merlus, met d\u00e9j\u00e0 tout le monde d\u2019accord. En conf\u00e9rence de presse, Bruno Genesio s\u2019est \u00e9galement f\u00e9licit\u00e9 de la performance de l\u2019ancien attaquant des Rangers, malgr\u00e9 un seul entra\u00eenement avec son nouvel effectif.<\/p>\n<p>            La suite apr\u00e8s cette publicit\u00e9<\/p>\n<p>\u00abJ\u2019ai choisi de le lancer \u00e0 la mi-temps, j\u2019ai pens\u00e9 que, vu le peu d\u2019espace que nous avions pour attaquer, il pouvait nous rendre beaucoup de services. Parce que c\u2019est un joueur tr\u00e8s technique, tr\u00e8s habile dans les petits p\u00e9rim\u00e8tres. Pour une premi\u00e8re, c\u2019est top pour lui. Ca va le mettre en confiance, et \u00e7a donne confiance \u00e0 toute l\u2019\u00e9quipe\u00bb, a d\u00e9clar\u00e9 le coach lillois. Verra-t-on une doublette Igamane-Giroud en pointe de l\u2019attaque du LOSC \u00e0 l\u2019avenir ?<\/p>\n<p>\n    Pub. le 31\/08\/2025 21:24<br \/>\n            &#8211; MAJ le 31\/08\/2025 21:41\n    <\/p>\n","protected":false},"excerpt":{"rendered":"Entr\u00e9 \u00e0 la pause contre Lorient, alors que le score \u00e9tait encore vierge, Hamza Igamane a connu des&hellip;\n","protected":false},"author":2,"featured_media":112573,"comment_status":"","ping_status":"","sticky":false,"template":"","format":"standard","meta":{"footnotes":""},"categories":[2815],"tags":[1111,11,1777,674,1011,27,811,1307,12,25],"class_list":{"0":"post-356968","1":"post","2":"type-post","3":"status-publish","4":"format-standard","5":"has-post-thumbnail","7":"category-lille","8":"tag-actu","9":"tag-actualites","10":"tag-eu","11":"tag-europe","12":"tag-fr","13":"tag-france","14":"tag-hauts-de-france","15":"tag-lille","16":"tag-news","17":"tag-republique-francaise"},"share_on_mastodon":{"url":"https:\/\/pubeurope.com\/@fr\/115125127934932185","error":""},"_links":{"self":[{"href":"https:\/\/www.europesays.com\/fr\/wp-json\/wp\/v2\/posts\/356968","targetHints":{"allow":["GET"]}}],"collection":[{"href":"https:\/\/www.europesays.com\/fr\/wp-json\/wp\/v2\/posts"}],"about":[{"href":"https:\/\/www.europesays.com\/fr\/wp-json\/wp\/v2\/types\/post"}],"author":[{"embeddable":true,"href":"https:\/\/www.europesays.com\/fr\/wp-json\/wp\/v2\/users\/2"}],"replies":[{"embeddable":true,"href":"https:\/\/www.europesays.com\/fr\/wp-json\/wp\/v2\/comments?post=356968"}],"version-history":[{"count":0,"href":"https:\/\/www.europesays.com\/fr\/wp-json\/wp\/v2\/posts\/356968\/revisions"}],"wp:featuredmedia":[{"embeddable":true,"href":"https:\/\/www.europesays.com\/fr\/wp-json\/wp\/v2\/media\/112573"}],"wp:attachment":[{"href":"https:\/\/www.europesays.com\/fr\/wp-json\/wp\/v2\/media?parent=356968"}],"wp:term":[{"taxonomy":"category","embeddable":true,"href":"https:\/\/www.europesays.com\/fr\/wp-json\/wp\/v2\/categories?post=356968"},{"taxonomy":"post_tag","embeddable":true,"href":"https:\/\/www.europesays.com\/fr\/wp-json\/wp\/v2\/tags?post=356968"}],"curies":[{"name":"wp","href":"https:\/\/api.w.org\/{rel}","templated":true}]}}