{"id":356973,"date":"2025-08-31T19:55:28","date_gmt":"2025-08-31T19:55:28","guid":{"rendered":"https:\/\/www.europesays.com\/fr\/356973\/"},"modified":"2025-08-31T19:55:28","modified_gmt":"2025-08-31T19:55:28","slug":"lyon-une-mere-et-ses-deux-enfants-retrouves-morts-dans-leur-appartement","status":"publish","type":"post","link":"https:\/\/www.europesays.com\/fr\/356973\/","title":{"rendered":"Lyon: une m\u00e8re et ses deux enfants retrouv\u00e9s morts dans leur appartement"},"content":{"rendered":"<p>Drame en France \u2013 <\/p>\n<p>Une m\u00e8re et ses deux enfants ont \u00e9t\u00e9 trouv\u00e9s morts dans leur appartement<\/p>\n<p class=\"ContentHead_lead____SsS link_regular__O0hk0 link_externalicon-big__ZdPgo link_externalicon__qcwXs\">Les corps d\u2019une femme et de deux jeunes enfants ont \u00e9t\u00e9 retrouv\u00e9s dimanche \u00e0 leur domicile, pr\u00e8s de Lyon. Les enqu\u00eateurs sont encore sur place.<\/p>\n<p>Publi\u00e9 aujourd\u2019hui \u00e0 16h39<\/p>\n<p><img decoding=\"async\" loading=\"eager\" fetchpriority=\"high\" src=\"https:\/\/www.europesays.com\/fr\/wp-content\/uploads\/2025\/08\/3Yo5lgR2KEOBVfFh563n0g.jpg\" alt=\"Un policier garde une rue \u00e0 Villeurbanne pr\u00e8s de Lyon o\u00f9 trois corps ont \u00e9t\u00e9 d\u00e9couverts dans un appartement le 31 ao\u00fbt 2025, enqu\u00eate en cours.\" title=\"Un policier garde une rue \u00e0 Villeurbanne pr\u00e8s de Lyon o\u00f9 trois corps ont \u00e9t\u00e9 d\u00e9couverts dans un appartement le 31 ao\u00fbt 2025, enqu\u00eate en cours.\" class=\"ResponsiveImage_root__ZDz10 responsive-image\" style=\"background-color:#5D656D\"\/><\/p>\n<p>Un policier monte la garde dans la rue o\u00f9 trois corps, ceux d\u2019une m\u00e8re et de ses deux enfants, ont \u00e9t\u00e9 d\u00e9couverts dans un appartement, \u00e0 Villeurbanne, dans la banlieue de Lyon, le 31\u00a0ao\u00fbt 2025.<\/p>\n<p>JEFF PACHOUD\/AFP<\/p>\n<p>Abonnez-vous d\u00e8s maintenant et profitez de la fonction de lecture audio.<a href=\"https:\/\/bottalk.io\/\" class=\"BottalkPaywall_bottalklink__KDtuf\" target=\"_blank\" rel=\"noreferrer nofollow noopener\">BotTalk<\/a><\/p>\n<p class=\"ArticleParagraph_root__lhFZo ArticleContainer_content-width__FRl7F link_focus__0ZMwx link_externalicon-big__ZdPgo link_externalicon__qcwXs ArticleElement_article-element__q93eL\">Une m\u00e8re et ses deux enfants de 4 et 6\u00a0ans ont \u00e9t\u00e9 d\u00e9couverts dimanche morts dans leur appartement de Villeurbanne, dans la banlieue de Lyon, et les enqu\u00eateurs travaillent encore \u00e0 d\u00e9terminer les causes de leur d\u00e9c\u00e8s, ont indiqu\u00e9 deux sources s\u00e9curitaires.<\/p>\n<p class=\"ArticleParagraph_root__lhFZo ArticleContainer_content-width__FRl7F link_focus__0ZMwx link_externalicon-big__ZdPgo link_externalicon__qcwXs ArticleElement_article-element__q93eL\">Ils ont \u00e9t\u00e9 d\u00e9couverts en d\u00e9but d\u2019apr\u00e8s-midi apr\u00e8s l\u2019appel de proches qui \u00e9taient sans nouvelles d\u2019eux et un m\u00e9decin l\u00e9giste ainsi que des enqu\u00eateurs sont toujours dans l\u2019appartement en milieu d\u2019apr\u00e8s-midi pour tenter de d\u00e9terminer les circonstances et les causes du drame, ont pr\u00e9cis\u00e9 \u00e0 l\u2019AFP ces deux sources proches de l\u2019enqu\u00eate.<\/p>\n<p class=\"ArticleParagraph_root__lhFZo ArticleContainer_content-width__FRl7F link_focus__0ZMwx link_externalicon-big__ZdPgo link_externalicon__qcwXs ArticleElement_article-element__q93eL\">Une voiture de la police est sur les lieux, selon un journaliste de l\u2019AFP sur place, et les rues y menant ont \u00e9t\u00e9 boucl\u00e9es par les forces de l\u2019ordre, selon le quotidien \u00ab<a href=\"https:\/\/www.leprogres.fr\/faits-divers-justice\/2025\/08\/31\/trois-corps-decouverts-dans-un-appartement-de-villeurbanne\" class=\"HtmlText_root__A1OSq\" target=\"_blank\" rel=\"noopener noreferrer nofollow\">Le Progr\u00e8s<\/a>\u00bb, qui a r\u00e9v\u00e9l\u00e9 la d\u00e9couverte macabre.<\/p>\n<p>Newsletter<\/p>\n<p>\u00abDerni\u00e8res nouvelles\u00bb<\/p>\n<p>Vous voulez rester au top de l\u2019info? \u00abTribune de Gen\u00e8ve\u00bb vous propose deux rendez-vous par jour, directement dans votre bo\u00eete e-mail. Pour ne rien rater de ce qui se passe dans votre canton, en Suisse ou dans le monde.<\/p>\n<p><a class=\"NewsletterBox_more__FNemz link_underlinelink__K5Zr0\" href=\"https:\/\/www.tdg.ch\/nos-newsletters\" rel=\"nofollow noopener\" target=\"_blank\">Autres newsletters<\/a><\/p>\n<p>Se connecter<\/p>\n<p class=\"ArticleContainer_agencies__g6Lpj ArticleContainer_content-width__FRl7F\">AFP<\/p>\n<p class=\"Feedback_root__fr_Mi ArticleContainer_content-width__FRl7F\">Vous avez trouv\u00e9 une erreur?<a href=\"mailto:tes_correction@tamedia.ch?subject=Avis%20d'erreur%20%7C%20Une%20m%C3%A8re%20et%20ses%20deux%20enfants%20ont%20%C3%A9t%C3%A9%20trouv%C3%A9s%20morts%20dans%20leur%20appartement&amp;body=J'ai%20trouv%C3%A9%20une%20erreur%20dans%20cet%20article%3A%20https%3A%2F%2Fwww.24heures.ch%2Flyon-une-mere-et-ses-deux-enfants-retrouves-morts-dans-leur-appartement-149806481110\" class=\"Feedback_feedbacklink__VyDCi link_underlinelink__K5Zr0\">Merci de nous la signaler.<\/a><\/p>\n<p>3 commentaires<\/p>\n","protected":false},"excerpt":{"rendered":"Drame en France \u2013 Une m\u00e8re et ses deux enfants ont \u00e9t\u00e9 trouv\u00e9s morts dans leur appartement Les&hellip;\n","protected":false},"author":2,"featured_media":356974,"comment_status":"","ping_status":"","sticky":false,"template":"","format":"standard","meta":{"footnotes":""},"categories":[1889],"tags":[1111,11,2430,1777,674,1011,27,2428,12,25],"class_list":{"0":"post-356973","1":"post","2":"type-post","3":"status-publish","4":"format-standard","5":"has-post-thumbnail","7":"category-lyon","8":"tag-actu","9":"tag-actualites","10":"tag-auvergne-rhone-alpes","11":"tag-eu","12":"tag-europe","13":"tag-fr","14":"tag-france","15":"tag-lyon","16":"tag-news","17":"tag-republique-francaise"},"share_on_mastodon":{"url":"https:\/\/pubeurope.com\/@fr\/115125139867139943","error":""},"_links":{"self":[{"href":"https:\/\/www.europesays.com\/fr\/wp-json\/wp\/v2\/posts\/356973","targetHints":{"allow":["GET"]}}],"collection":[{"href":"https:\/\/www.europesays.com\/fr\/wp-json\/wp\/v2\/posts"}],"about":[{"href":"https:\/\/www.europesays.com\/fr\/wp-json\/wp\/v2\/types\/post"}],"author":[{"embeddable":true,"href":"https:\/\/www.europesays.com\/fr\/wp-json\/wp\/v2\/users\/2"}],"replies":[{"embeddable":true,"href":"https:\/\/www.europesays.com\/fr\/wp-json\/wp\/v2\/comments?post=356973"}],"version-history":[{"count":0,"href":"https:\/\/www.europesays.com\/fr\/wp-json\/wp\/v2\/posts\/356973\/revisions"}],"wp:featuredmedia":[{"embeddable":true,"href":"https:\/\/www.europesays.com\/fr\/wp-json\/wp\/v2\/media\/356974"}],"wp:attachment":[{"href":"https:\/\/www.europesays.com\/fr\/wp-json\/wp\/v2\/media?parent=356973"}],"wp:term":[{"taxonomy":"category","embeddable":true,"href":"https:\/\/www.europesays.com\/fr\/wp-json\/wp\/v2\/categories?post=356973"},{"taxonomy":"post_tag","embeddable":true,"href":"https:\/\/www.europesays.com\/fr\/wp-json\/wp\/v2\/tags?post=356973"}],"curies":[{"name":"wp","href":"https:\/\/api.w.org\/{rel}","templated":true}]}}