{"id":356983,"date":"2025-08-31T20:05:21","date_gmt":"2025-08-31T20:05:21","guid":{"rendered":"https:\/\/www.europesays.com\/fr\/356983\/"},"modified":"2025-08-31T20:05:21","modified_gmt":"2025-08-31T20:05:21","slug":"paris-un-detenu-meurt-dans-lincendie-de-sa-cellule-a-la-prison-de-la-sante","status":"publish","type":"post","link":"https:\/\/www.europesays.com\/fr\/356983\/","title":{"rendered":"Paris. Un d\u00e9tenu meurt dans l&rsquo;incendie de sa cellule \u00e0 la prison de la Sant\u00e9"},"content":{"rendered":"<p>\u00ab Visiblement, c&rsquo;est une personne d\u00e9tenue qui a mis le feu \u00e0 sa cellule \u00bb, a expliqu\u00e9 l&rsquo;administration p\u00e9nitentiaire, en pr\u00e9cisant que cet homme \u00e9tait seul dans celle-ci.\u00a0Un d\u00e9tenu, qui souffrait de troubles psychiatriques, est mort dans l&rsquo;incendie de sa cellule \u00e0 la prison de la Sant\u00e9 \u00e0 Paris, dans la nuit de samedi \u00e0 dimanche, a indiqu\u00e9 le parquet, confirmant une information du Parisien. \u00c2g\u00e9 de 40 ans et condamn\u00e9 \u00e0 une peine correctionnelle, il \u00e9tait lib\u00e9rable le 22 octobre, a-t-elle ajout\u00e9.<\/p>\n<p>Le parquet a expliqu\u00e9 avoir ouvert une \u00ab enqu\u00eate en recherche des causes de la mort \u00bb. Le feu a \u00e9t\u00e9 ma\u00eetris\u00e9 apr\u00e8s l&rsquo;intervention des pompiers. Ces derniers ont fait \u00e9tat de la mobilisation d&rsquo;une quinzaine d&rsquo;engins et d&rsquo;une soixantaine de pompiers, \u00ab aux environs de 06H00 \u00bb dimanche matin.<\/p>\n<p>  Surpopulation carc\u00e9rale de 189,2%<\/p>\n<p>Les \u00e9quipes r\u00e9gionales d&rsquo;intervention et de s\u00e9curit\u00e9 (Eris) de l&rsquo;administration p\u00e9nitentiaire ont \u00e9t\u00e9 d\u00e9ploy\u00e9es sur le site pour s\u00e9curiser l&rsquo;\u00e9tablissement, le temps de l&rsquo;intervention des pompiers. Conform\u00e9ment au protocole, les d\u00e9tenus des coursives avoisinantes ont \u00e9t\u00e9 \u00e9vacu\u00e9s pour les prot\u00e9ger des fum\u00e9es toxiques: \u00ab une centaine de d\u00e9tenus a \u00e9t\u00e9 plac\u00e9e dans la cour de promenade d&rsquo;un autre b\u00e2timent puis r\u00e9int\u00e9gr\u00e9s \u00bb, a pr\u00e9cis\u00e9 l\u2019administration p\u00e9nitentiaire.<\/p>\n<p>Ce contenu est bloqu\u00e9 car vous n&rsquo;avez pas accept\u00e9 les cookies et autres traceurs.<\/p>\n<p>En cliquant sur \u00ab J\u2019accepte \u00bb, les cookies et autres traceurs seront d\u00e9pos\u00e9s et vous pourrez visualiser les contenus  (<a href=\"\" class=\"consentModule_policy\" target=\"_blank\" title=\"Consulter la politique de protection des donn\u00e9es du fournisseur\">plus d&rsquo;informations<\/a>).<\/p>\n<p>En cliquant sur \u00ab J\u2019accepte tous les cookies \u00bb, vous autorisez des d\u00e9p\u00f4ts de cookies et autres traceurs pour le stockage de vos donn\u00e9es sur nos sites et applications \u00e0 des fins de personnalisation et de ciblage publicitaire.<\/p>\n<p class=\"consentModule_secondaryText\">Vous gardez la possibilit\u00e9 de retirer votre consentement \u00e0 tout moment en consultant notre <a href=\"https:\/\/www.ledauphine.com\/protection-des-donnees\" target=\"_blank\" title=\"Consulter notre politique de protection des donn\u00e9es\" rel=\"nofollow noopener\">politique de protection des donn\u00e9es<\/a>. <br \/>&#13;<br \/>\n            <a href=\"https:\/\/www.ledauphine.com\/faits-divers-justice\/2025\/08\/31\/javascript:Didomi.notice.show()\" class=\"consentModule_cmp\" rel=\"nofollow noopener\" target=\"_blank\">G\u00e9rer mes choix<\/a>&#13;\n        <\/p>\n<p>&#13;<br \/>\n                        J&rsquo;accepte&#13;<br \/>\n            J&rsquo;accepte tous les cookies&#13;\n        <\/p>\n<p>Quatre d\u00e9tenus ont \u00e9t\u00e9 transf\u00e9r\u00e9s \u00e0 l&rsquo;h\u00f4pital pour des examens respiratoires, \u00e0 la suite de l&rsquo;inhalation de fum\u00e9es. Aucun agent p\u00e9nitentiaire n&rsquo;a \u00e9t\u00e9 bless\u00e9. Toujours selon l&rsquo;administration p\u00e9nitentiaire, \u00ab seule la cellule touch\u00e9e serait d\u00e9truite \u00bb. Au 1er ao\u00fbt, selon les statistiques du minist\u00e8re de la Justice, la prison de la Sant\u00e9, situ\u00e9e dans le 14e arrondissement de Paris, affichait une surpopulation carc\u00e9rale de 189,2%. Elle comptait alors 1 243 d\u00e9tenus pour 657 places.<\/p>\n","protected":false},"excerpt":{"rendered":"\u00ab Visiblement, c&rsquo;est une personne d\u00e9tenue qui a mis le feu \u00e0 sa cellule \u00bb, a expliqu\u00e9 l&rsquo;administration&hellip;\n","protected":false},"author":2,"featured_media":356984,"comment_status":"","ping_status":"","sticky":false,"template":"","format":"standard","meta":{"footnotes":""},"categories":[1888],"tags":[1111,1928,11,1927,1777,674,274,107,1011,27,329,12,1926,626,1925,25],"class_list":{"0":"post-356983","1":"post","2":"type-post","3":"status-publish","4":"format-standard","5":"has-post-thumbnail","7":"category-paris","8":"tag-actu","9":"tag-actu-paris","10":"tag-actualites","11":"tag-actualites-paris","12":"tag-eu","13":"tag-europe","14":"tag-faits-divers-justice","15":"tag-fil-info","16":"tag-fr","17":"tag-france","18":"tag-france-monde","19":"tag-news","20":"tag-news-paris","21":"tag-paris","22":"tag-paris-news","23":"tag-republique-francaise"},"share_on_mastodon":{"url":"https:\/\/pubeurope.com\/@fr\/115125179147391328","error":""},"_links":{"self":[{"href":"https:\/\/www.europesays.com\/fr\/wp-json\/wp\/v2\/posts\/356983","targetHints":{"allow":["GET"]}}],"collection":[{"href":"https:\/\/www.europesays.com\/fr\/wp-json\/wp\/v2\/posts"}],"about":[{"href":"https:\/\/www.europesays.com\/fr\/wp-json\/wp\/v2\/types\/post"}],"author":[{"embeddable":true,"href":"https:\/\/www.europesays.com\/fr\/wp-json\/wp\/v2\/users\/2"}],"replies":[{"embeddable":true,"href":"https:\/\/www.europesays.com\/fr\/wp-json\/wp\/v2\/comments?post=356983"}],"version-history":[{"count":0,"href":"https:\/\/www.europesays.com\/fr\/wp-json\/wp\/v2\/posts\/356983\/revisions"}],"wp:featuredmedia":[{"embeddable":true,"href":"https:\/\/www.europesays.com\/fr\/wp-json\/wp\/v2\/media\/356984"}],"wp:attachment":[{"href":"https:\/\/www.europesays.com\/fr\/wp-json\/wp\/v2\/media?parent=356983"}],"wp:term":[{"taxonomy":"category","embeddable":true,"href":"https:\/\/www.europesays.com\/fr\/wp-json\/wp\/v2\/categories?post=356983"},{"taxonomy":"post_tag","embeddable":true,"href":"https:\/\/www.europesays.com\/fr\/wp-json\/wp\/v2\/tags?post=356983"}],"curies":[{"name":"wp","href":"https:\/\/api.w.org\/{rel}","templated":true}]}}