{"id":356985,"date":"2025-08-31T20:06:15","date_gmt":"2025-08-31T20:06:15","guid":{"rendered":"https:\/\/www.europesays.com\/fr\/356985\/"},"modified":"2025-08-31T20:06:15","modified_gmt":"2025-08-31T20:06:15","slug":"sylvain-amic-president-du-musee-dorsay-a-paris-est-decede-a-lage-de-58-ans","status":"publish","type":"post","link":"https:\/\/www.europesays.com\/fr\/356985\/","title":{"rendered":"Sylvain Amic, pr\u00e9sident du mus\u00e9e d&rsquo;Orsay \u00e0 Paris, est d\u00e9c\u00e9d\u00e9 \u00e0 l&rsquo;\u00e2ge de 58 ans"},"content":{"rendered":"<p>            Par<br \/>\n        <strong><br \/>\n            <a href=\"https:\/\/actu.fr\/auteur\/thomas-martin\" title=\"Consulter tous les articles de Thomas Martin\" target=\"_blank\" rel=\"noopener\">Thomas Martin<\/a><br \/>\n        <\/strong><\/p>\n<p>        Publi\u00e9 le<\/p>\n<p>            31 ao\u00fbt 2025 \u00e0 18h44        <\/p>\n<p><strong>Sylvain Amic<\/strong>, pr\u00e9sident des <a href=\"https:\/\/actu.fr\/tag\/musee-dorsay\" target=\"_blank\" rel=\"noopener\">mus\u00e9es d\u2019Orsay<\/a> et de l\u2019Orangerie depuis avril 2024, est mort brutalement \u00e0 58 ans, a annonc\u00e9 dimanche la ministre de la Culture, <a href=\"https:\/\/actu.fr\/tag\/rachida-dati\" target=\"_blank\" rel=\"noopener\">Rachida Dati<\/a>, qui a salu\u00e9 un \u00ab\u00a0esprit ouvert et cr\u00e9atif\u00a0\u00bb. \u00ab\u00a0Avec sa disparition, la culture perd l\u2019un de ses meilleurs connaisseurs et la France un grand serviteur de l\u2019Etat\u00a0\u00bb, lui a rendu hommage la ministre sur le r\u00e9seau social X.<\/p>\n<p class=\" wall-content\">\n<p>Nomm\u00e9 par Emmanuel Macron \u00e0 la t\u00eate des mus\u00e9es d\u2019Orsay et de l\u2019Orangerie<\/p>\n<p class=\" wall-content\">Egalement ex-conseiller de Rima Abdul Malak au minist\u00e8re de la Culture, M. Amic avait \u00e9t\u00e9 nomm\u00e9 par le pr\u00e9sident Emmanuel Macron sur proposition de Mme Dati.\u00a0<br \/>Il avait succ\u00e9d\u00e9 \u00e0 Christophe Leribault, qui avait pris la t\u00eate du ch\u00e2teau de Versailles.<\/p>\n<p class=\" wall-content\">\u00ab\u00a0Le mus\u00e9e d\u2019Orsay, c\u2019est un mus\u00e9e r\u00e9publicain, un bien commun de la nation qu\u2019il faut restituer \u00e0 l\u2019ensemble de la nation\u00a0\u00bb, d\u00e9clarait-il au Monde en janvier dernier, voulant notamment \u00ab\u00a0proposer aux 18-25 ans une programmation plus stimulante encore\u00a0\u00bb.\u00a0<\/p>\n<p class=\" wall-content\">Install\u00e9 le long de la Seine, le mus\u00e9e d\u2019Orsay a connu des records de fr\u00e9quentation depuis la fin de la crise sanitaire, avec notamment 3,2 millions de visiteurs en 2022.<br \/>Situ\u00e9 pr\u00e8s de la place de la Concorde, le mus\u00e9e de l\u2019Orangerie abrite lui aussi des peintures impressionnistes, notamment les c\u00e9l\u00e8bres \u00ab\u00a0Nymph\u00e9as\u00a0\u00bb de Claude Monet.<\/p>\n<p>Candidat \u00e0 la direction du mus\u00e9e d\u2019Orsay d\u00e8s 2017<\/p>\n<p class=\" wall-content\">N\u00e9 \u00e0 Dakar en 1967, conservateur g\u00e9n\u00e9ral du patrimoine, sp\u00e9cialiste des p\u00e9riodes moderne et contemporaine, Sylvain Amic avait d\u00e9but\u00e9 sa carri\u00e8re comme instituteur avant de r\u00e9ussir le concours de l\u2019Institut national du patrimoine et d\u2019embrasser la carri\u00e8re de conservateur en 1997.<\/p>\n<p class=\" wall-content\">Il avait notamment dirig\u00e9 la R\u00e9union des mus\u00e9es m\u00e9tropolitains de Rouen Normandie jusqu\u2019\u00e0 l\u2019\u00e9t\u00e9 2022, avant de rejoindre le cabinet de Rima Abdul Malak en tant que conseiller en charge des mus\u00e9es, des m\u00e9tiers d\u2019art, du design et de la mode.<\/p>\n<p class=\" wall-content\">Il s\u2019\u00e9tait port\u00e9 candidat \u00e0 la direction du mus\u00e9e d\u2019Orsay d\u00e8s 2017, mais avait vu le poste lui \u00e9chapper au profit de Laurence des Cars, qui avait ensuite pris la t\u00eate du mus\u00e9e du Louvre en 2021.<br \/>Sylvain Amic avait par ailleurs \u00e9t\u00e9 missionn\u00e9 en 2018, avec la conservatrice du patrimoine Olivia Voisin par la ministre de la Culture d\u2019alors Fran\u00e7oise Nyssen, pour mettre sur pied\u00a0un projet de circulation des oeuvres en r\u00e9gions.<\/p>\n<p class=\" wall-content\"><strong>Avec AFP<\/strong><\/p>\n<p class=\" wall-content\">Personnalisez votre actualit\u00e9 en ajoutant vos villes et m\u00e9dias en favori avec <a href=\"https:\/\/moncompte.actu.fr\" title=\"D\u00e9couvez Mon Actu\" rel=\"nofollow noopener\" data-trk=\"{&quot;cta&quot;:{&quot;action&quot;:&quot;https:\\\/\\\/moncompte.actu.fr&quot;,&quot;category&quot;:&quot;mon compte&quot;,&quot;from&quot;:&quot;article footer&quot;,&quot;name&quot;:&quot;Mon actu&quot;,&quot;type&quot;:&quot;cta&quot;}}\" target=\"_blank\">Mon Actu<\/a>.<\/p>\n","protected":false},"excerpt":{"rendered":"Par Thomas Martin Publi\u00e9 le 31 ao\u00fbt 2025 \u00e0 18h44 Sylvain Amic, pr\u00e9sident des mus\u00e9es d\u2019Orsay et de&hellip;\n","protected":false},"author":2,"featured_media":356986,"comment_status":"","ping_status":"","sticky":false,"template":"","format":"standard","meta":{"footnotes":""},"categories":[1888],"tags":[11,1777,674,1011,27,1651,1391,12,626,25,104],"class_list":{"0":"post-356985","1":"post","2":"type-post","3":"status-publish","4":"format-standard","5":"has-post-thumbnail","7":"category-paris","8":"tag-actualites","9":"tag-eu","10":"tag-europe","11":"tag-fr","12":"tag-france","13":"tag-musee-dorsay","14":"tag-necrologie","15":"tag-news","16":"tag-paris","17":"tag-republique-francaise","18":"tag-societe"},"share_on_mastodon":{"url":"https:\/\/pubeurope.com\/@fr\/115125182978065998","error":""},"_links":{"self":[{"href":"https:\/\/www.europesays.com\/fr\/wp-json\/wp\/v2\/posts\/356985","targetHints":{"allow":["GET"]}}],"collection":[{"href":"https:\/\/www.europesays.com\/fr\/wp-json\/wp\/v2\/posts"}],"about":[{"href":"https:\/\/www.europesays.com\/fr\/wp-json\/wp\/v2\/types\/post"}],"author":[{"embeddable":true,"href":"https:\/\/www.europesays.com\/fr\/wp-json\/wp\/v2\/users\/2"}],"replies":[{"embeddable":true,"href":"https:\/\/www.europesays.com\/fr\/wp-json\/wp\/v2\/comments?post=356985"}],"version-history":[{"count":0,"href":"https:\/\/www.europesays.com\/fr\/wp-json\/wp\/v2\/posts\/356985\/revisions"}],"wp:featuredmedia":[{"embeddable":true,"href":"https:\/\/www.europesays.com\/fr\/wp-json\/wp\/v2\/media\/356986"}],"wp:attachment":[{"href":"https:\/\/www.europesays.com\/fr\/wp-json\/wp\/v2\/media?parent=356985"}],"wp:term":[{"taxonomy":"category","embeddable":true,"href":"https:\/\/www.europesays.com\/fr\/wp-json\/wp\/v2\/categories?post=356985"},{"taxonomy":"post_tag","embeddable":true,"href":"https:\/\/www.europesays.com\/fr\/wp-json\/wp\/v2\/tags?post=356985"}],"curies":[{"name":"wp","href":"https:\/\/api.w.org\/{rel}","templated":true}]}}