{"id":356989,"date":"2025-08-31T20:14:20","date_gmt":"2025-08-31T20:14:20","guid":{"rendered":"https:\/\/www.europesays.com\/fr\/356989\/"},"modified":"2025-08-31T20:14:20","modified_gmt":"2025-08-31T20:14:20","slug":"lamertume-en-ukraine-face-aux-negociations-menees-par-washington-rts-ch","status":"publish","type":"post","link":"https:\/\/www.europesays.com\/fr\/356989\/","title":{"rendered":"L&rsquo;amertume en Ukraine face aux n\u00e9gociations men\u00e9es par Washington &#8211; rts.ch"},"content":{"rendered":"<p>Militaires et civils rencontr\u00e9s en Ukraine expriment leur amertume face aux n\u00e9gociations men\u00e9es par le pr\u00e9sident des Etats-Unis. Comme l&rsquo;ont rappel\u00e9 les dirigeants ukrainien et fran\u00e7ais, le d\u00e9lai fix\u00e9 par Donald Trump pour une rencontre Zelensky-Poutine expire lundi, mais l&rsquo;intensit\u00e9 des frappes n&rsquo;a pas faibli et la diplomatie n&rsquo;a pas avanc\u00e9.<\/p>\n<p>Au centre de ces n\u00e9gociations et au c\u0153ur des combats figure le Donbass, dans l\u2019est de l\u2019Ukraine, dont l\u2019ouest de la r\u00e9gion de Donetsk, encore sous contr\u00f4le ukrainien, que r\u00e9clame le pr\u00e9sident russe. Des pourparlers qui agacent les soldats interview\u00e9s cette semaine par la RTS.<\/p>\n<p>\u00ab\u00a0Cette guerre est sans issue\u00a0\u00bb, soupire ainsi un militaire, droniste, qui tient \u00e0 rester anonyme. \u00ab\u00a0Soit les villes sont d\u00e9truites et les gens meurent, soit le territoire est perdu.\u00a0\u00bb<\/p>\n<p>\u00ab\u00a0Je pense qu\u2019aucun territoire ne vaut des vies\u00a0\u00bb, estime de son c\u00f4t\u00e9 le responsable d\u2019unit\u00e9 d\u2019artillerie surnomm\u00e9 \u00ab\u00a0Raton laveur\u00a0\u00bb, rencontr\u00e9 dans une for\u00eat de la r\u00e9gion de Donetsk. Un de ses hommes, plus direct, tient \u00e0 adresser un message au pr\u00e9sident am\u00e9ricain, sous la forme d\u2019un geste: un doigt d\u2019honneur. Le message est clair, la col\u00e8re transpara\u00eet.<\/p>\n<p> &gt;&gt; Voir le reportage du 19h30\u00a0:   <img decoding=\"async\" class=\"embed-responsive-item\" loading=\"lazy\" src=\"https:\/\/www.europesays.com\/fr\/wp-content\/uploads\/2025\/08\/id1xxk-28983033.image\" alt=\"La r\u00e9gion de Donetsk sous contr\u00f4le ukrainien, verrou protecteur du pays\"\/>    La r\u00e9gion de Donetsk sous contr\u00f4le ukrainien, verrou protecteur du pays \/ 19h30 \/ 3 min. \/ vendredi \u00e0 19:30 Peu d&rsquo;espoir au sein de la population<\/p>\n<p>Au sein de la population, l\u2019espoir est d\u2019autant plus difficile \u00e0 rena\u00eetre que les faits ne plaident pas pour une issue pacifique. Dans la nuit de samedi \u00e0 dimanche, une attaque de drones russes a encore endommag\u00e9 quatre installations \u00e9lectriques pr\u00e8s d\u2019Odessa, dans le sud de l\u2019Ukraine, selon les autorit\u00e9s locales. Jeudi, une attaque d\u2019ampleur a fait au moins 25 morts \u00e0 Kiev, dont 4 enfants.<\/p>\n<p>Et la pouss\u00e9e russe de cet \u00e9t\u00e9 dans l\u2019Est a des cons\u00e9quences sur la population encore rest\u00e9e autour de Kramatorsk et Sloviansk, les deux villes-forteresses de Donetsk: menace des drones, ordres d\u2019\u00e9vacuation et h\u00e9sitations face au d\u00e9part de son foyer sont dans tous les esprits, comme pour Hanna, habitante de Droujkivka, bourgade qui conna\u00eet une intensification des attaques.<\/p>\n<p>\u00ab\u00a0Franchement, les bagages ne sont pas faits\u00a0\u00bb, dit-elle \u00e0 c\u00f4t\u00e9 de sa fille qui r\u00eave de partir. Les familles avec enfants y ont \u00e9t\u00e9 appel\u00e9es \u00e0 \u00e9vacuer. Hanna n\u2019a pas encore pris sa d\u00e9cision.<\/p>\n<p> &gt;&gt; Voir le reportage du 19h30\u00a0:   <img decoding=\"async\" class=\"embed-responsive-item\" loading=\"lazy\" src=\"https:\/\/www.europesays.com\/fr\/wp-content\/uploads\/2025\/08\/icmtal-28980635.image\" alt=\"Face \u00e0 l'avanc\u00e9e russe, les civils de Kramatorsk se posent la question du d\u00e9part\"\/>    Face \u00e0 l&rsquo;avanc\u00e9e russe, les civils de Kramatorsk se posent la question du d\u00e9part \/ 19h30 \/ 4 min. \/ mercredi \u00e0 19:30      <\/p>\n<p>Contenu externe<\/p>\n<p> Ce contenu externe ne peut pas \u00eatre affich\u00e9 car il est susceptible de collecter des donn\u00e9es personnelles. Pour voir ce contenu vous devez autoriser la cat\u00e9gorie <strong>Infographies<\/strong>. <\/p>\n<p> Accepter Plus d&rsquo;info <\/p>\n<p class=\"sources\">Tamara Muncanovic\/gma<\/p>\n","protected":false},"excerpt":{"rendered":"Militaires et civils rencontr\u00e9s en Ukraine expriment leur amertume face aux n\u00e9gociations men\u00e9es par le pr\u00e9sident des Etats-Unis.&hellip;\n","protected":false},"author":2,"featured_media":356990,"comment_status":"","ping_status":"","sticky":false,"template":"","format":"standard","meta":{"footnotes":""},"categories":[1590],"tags":[11,834,2120,3576,29539,73,1777,674,1146,3577,3579,74,33527,12,316,940,2543,5486,220,2744],"class_list":{"0":"post-356989","1":"post","2":"type-post","3":"status-publish","4":"format-standard","5":"has-post-thumbnail","7":"category-ukraine","8":"tag-actualites","9":"tag-attaque","10":"tag-conflit","11":"tag-conflit-arme","12":"tag-donetsk","13":"tag-etats-unis","14":"tag-eu","15":"tag-europe","16":"tag-guerre","17":"tag-guerre-et-paix","18":"tag-militaire","19":"tag-monde","20":"tag-negociation","21":"tag-news","22":"tag-politique","23":"tag-population","24":"tag-relations-internationales","25":"tag-rencontre","26":"tag-ukraine","27":"tag-washington"},"share_on_mastodon":{"url":"https:\/\/pubeurope.com\/@fr\/115125214878459271","error":""},"_links":{"self":[{"href":"https:\/\/www.europesays.com\/fr\/wp-json\/wp\/v2\/posts\/356989","targetHints":{"allow":["GET"]}}],"collection":[{"href":"https:\/\/www.europesays.com\/fr\/wp-json\/wp\/v2\/posts"}],"about":[{"href":"https:\/\/www.europesays.com\/fr\/wp-json\/wp\/v2\/types\/post"}],"author":[{"embeddable":true,"href":"https:\/\/www.europesays.com\/fr\/wp-json\/wp\/v2\/users\/2"}],"replies":[{"embeddable":true,"href":"https:\/\/www.europesays.com\/fr\/wp-json\/wp\/v2\/comments?post=356989"}],"version-history":[{"count":0,"href":"https:\/\/www.europesays.com\/fr\/wp-json\/wp\/v2\/posts\/356989\/revisions"}],"wp:featuredmedia":[{"embeddable":true,"href":"https:\/\/www.europesays.com\/fr\/wp-json\/wp\/v2\/media\/356990"}],"wp:attachment":[{"href":"https:\/\/www.europesays.com\/fr\/wp-json\/wp\/v2\/media?parent=356989"}],"wp:term":[{"taxonomy":"category","embeddable":true,"href":"https:\/\/www.europesays.com\/fr\/wp-json\/wp\/v2\/categories?post=356989"},{"taxonomy":"post_tag","embeddable":true,"href":"https:\/\/www.europesays.com\/fr\/wp-json\/wp\/v2\/tags?post=356989"}],"curies":[{"name":"wp","href":"https:\/\/api.w.org\/{rel}","templated":true}]}}