{"id":356999,"date":"2025-08-31T20:20:14","date_gmt":"2025-08-31T20:20:14","guid":{"rendered":"https:\/\/www.europesays.com\/fr\/356999\/"},"modified":"2025-08-31T20:20:14","modified_gmt":"2025-08-31T20:20:14","slug":"a-tourcoing-gerald-darmanin-tend-la-main-aux-socialistes-et-fait-valoir-sa-fibre-sociale","status":"publish","type":"post","link":"https:\/\/www.europesays.com\/fr\/356999\/","title":{"rendered":"A Tourcoing, G\u00e9rald Darmanin tend la main aux socialistes et fait valoir sa fibre sociale"},"content":{"rendered":"<p>                         <img loading=\"lazy\" decoding=\"async\" src=\"https:\/\/www.europesays.com\/fr\/wp-content\/uploads\/2025\/08\/cb7fcf3_upload-1-99l9gll2e02v-799647.jpg\" alt=\"G\u00e9rald Darmanin \u00e0 Tourcoing, le 31\u00a0ao\u00fbt 2025.\"   width=\"664\" height=\"443\"\/>    G\u00e9rald Darmanin \u00e0 Tourcoing, le 31\u00a0ao\u00fbt 2025.  FRANCOIS LO PRESTI \/ AFP                 <\/p>\n<p class=\"article__paragraph  \">Tout \u00e9tait pr\u00e9vu pour une journ\u00e9e de r\u00e9flexion politique dans une ambiance bon enfant de fin de tr\u00eave estivale. Pour la troisi\u00e8me ann\u00e9e cons\u00e9cutive, G\u00e9rald Darmanin, appuy\u00e9 par son mouvement Populaires, organisait sa rentr\u00e9e politique au jardin botanique de Tourcoing (Nord), dimanche 31\u00a0ao\u00fbt. Un rendez-vous annuel devenu un moyen pour le ministre de la justice et ex-ministre de l\u2019int\u00e9rieur<strong> <\/strong>de sortir de son pr\u00e9 carr\u00e9 r\u00e9galien, afin de faire valoir sa ligne de droite sociale, singuli\u00e8re au sein du bloc central.<\/p>\n<p class=\"article__paragraph  \">Le macroniste historique avait su faire\u00a0de la premi\u00e8re \u00e9dition, qui s\u2019est tenue en\u00a02023, un \u00e9v\u00e9nement au sein du camp pr\u00e9sidentiel, <a href=\"https:\/\/www.lemonde.fr\/politique\/article\/2023\/08\/28\/a-tourcoing-elisabeth-borne-amortit-l-offensive-de-gerald-darmanin_6186772_823448.html\" rel=\"nofollow noopener\" target=\"_blank\">au point de pousser Elisabeth Borne, alors premi\u00e8re ministre, \u00e0 s\u2019inviter \u00e0 la derni\u00e8re minute pour recadrer l\u2019\u00e9chapp\u00e9e solitaire de son ministre<\/a>. La suivante\u00a0avait \u00e9t\u00e9 l\u2019occasion pour lui de lancer son mouvement Populaires. Cette ann\u00e9e, M.\u00a0Darmanin souhaitait profiter de l\u2019\u00e9v\u00e9nement pour poser un jalon de plus vers une potentielle candidature \u00e0 la pr\u00e9sidentielle de 2027.<\/p>\n<p class=\"reading-mode-only \"><strong>Il vous reste 79.02% de cet article \u00e0 lire. La suite est r\u00e9serv\u00e9e aux abonn\u00e9s.<\/strong><\/p>\n","protected":false},"excerpt":{"rendered":"G\u00e9rald Darmanin \u00e0 Tourcoing, le 31\u00a0ao\u00fbt 2025. FRANCOIS LO PRESTI \/ AFP Tout \u00e9tait pr\u00e9vu pour une journ\u00e9e&hellip;\n","protected":false},"author":2,"featured_media":357000,"comment_status":"","ping_status":"","sticky":false,"template":"","format":"standard","meta":{"footnotes":""},"categories":[2],"tags":[11,1011,27,12,25],"class_list":{"0":"post-356999","1":"post","2":"type-post","3":"status-publish","4":"format-standard","5":"has-post-thumbnail","7":"category-actualites","8":"tag-actualites","9":"tag-fr","10":"tag-france","11":"tag-news","12":"tag-republique-francaise"},"share_on_mastodon":{"url":"https:\/\/pubeurope.com\/@fr\/115125238070225246","error":""},"_links":{"self":[{"href":"https:\/\/www.europesays.com\/fr\/wp-json\/wp\/v2\/posts\/356999","targetHints":{"allow":["GET"]}}],"collection":[{"href":"https:\/\/www.europesays.com\/fr\/wp-json\/wp\/v2\/posts"}],"about":[{"href":"https:\/\/www.europesays.com\/fr\/wp-json\/wp\/v2\/types\/post"}],"author":[{"embeddable":true,"href":"https:\/\/www.europesays.com\/fr\/wp-json\/wp\/v2\/users\/2"}],"replies":[{"embeddable":true,"href":"https:\/\/www.europesays.com\/fr\/wp-json\/wp\/v2\/comments?post=356999"}],"version-history":[{"count":0,"href":"https:\/\/www.europesays.com\/fr\/wp-json\/wp\/v2\/posts\/356999\/revisions"}],"wp:featuredmedia":[{"embeddable":true,"href":"https:\/\/www.europesays.com\/fr\/wp-json\/wp\/v2\/media\/357000"}],"wp:attachment":[{"href":"https:\/\/www.europesays.com\/fr\/wp-json\/wp\/v2\/media?parent=356999"}],"wp:term":[{"taxonomy":"category","embeddable":true,"href":"https:\/\/www.europesays.com\/fr\/wp-json\/wp\/v2\/categories?post=356999"},{"taxonomy":"post_tag","embeddable":true,"href":"https:\/\/www.europesays.com\/fr\/wp-json\/wp\/v2\/tags?post=356999"}],"curies":[{"name":"wp","href":"https:\/\/api.w.org\/{rel}","templated":true}]}}