{"id":357001,"date":"2025-08-31T20:21:27","date_gmt":"2025-08-31T20:21:27","guid":{"rendered":"https:\/\/www.europesays.com\/fr\/357001\/"},"modified":"2025-08-31T20:21:27","modified_gmt":"2025-08-31T20:21:27","slug":"francois-bayrou-cible-directement-les-insoumis","status":"publish","type":"post","link":"https:\/\/www.europesays.com\/fr\/357001\/","title":{"rendered":"Fran\u00e7ois Bayrou cible directement les Insoumis"},"content":{"rendered":"<p>\u00c0 une semaine du vote de confiance qu\u2019il a sollicit\u00e9 le 8 septembre \u00e0 l\u2019Assembl\u00e9e nationale, le premier ministre s\u2019est exprim\u00e9 ce dimanche soir sur les quatre cha\u00eenes d\u2019information en continu.<\/p>\n<p class=\"fig-paragraph\">Le calendrier est serr\u00e9. \u00c0 la veille d\u2019une semaine d\u00e9cisive pour le vote de confiance qu\u2019il a convoqu\u00e9 le 8 septembre \u00e0 l\u2019Assembl\u00e9e nationale sur son diagnostic du surendettement du pays (3300 milliards d\u2019euros) &#8211; et sur les efforts \u00e0 consentir pour y rem\u00e9dier -, le\u00a0<a href=\"http:\/\/www.lefigaro.fr\/politique\/francois-bayrou-abat-ses-cartes-pour-eviter-sa-chute-annoncee-20250831\" data-fig-type=\"Article\" data-gtm-custom-categorie=\"navigation\" data-gtm-custom-action=\"crossclick\" data-gtm-custom-label=\"Contextuel\" data-gtm-event=\"customEventSPE\" data-fig-domain=\"LEFIGARO\" target=\"_blank\" rel=\"noopener\">premier ministre<\/a>\u00a0abat ses derni\u00e8res cartes. Et joue son va-tout. \u00c0 ce stade, sa chute para\u00eet in\u00e9luctable\u00a0: la gauche et le Rassemblement national (RN), qui disposent d\u2019une majorit\u00e9 arithm\u00e9tique \u00e0 la Chambre basse, sont bien d\u00e9cid\u00e9s \u00e0 le renverser. Face \u00e0 cette perspective, le premier ministre cherche \u00e0 prendre l\u2019opinion publique \u00e0 t\u00e9moin, en multipliant les interventions m\u00e9diatiques.<\/p>\n<p class=\"fig-paragraph\">Apr\u00e8s ses discours \u00e0 la rentr\u00e9e de la CDFT, du MeDef, sa prise de parole lors de la foire agricole de Ch\u00e2lons-en-Champagne, puis une interview au \u00ab20 heures\u00bb de TF1, le chef du gouvernement a accord\u00e9 ce dimanche soir un\u00a0<a href=\"http:\/\/www.lefigaro.fr\/politique\/vote-de-confiance-jours-feries-boomers-ce-qu-il-faut-retenir-de-l-interview-de-francois-bayrou-aux-chaines-d-information-20250831\" data-fig-type=\"NewsFlash\" data-gtm-custom-categorie=\"navigation\" data-gtm-custom-action=\"crossclick\" data-gtm-custom-label=\"Contextuel\" data-gtm-event=\"customEventSPE\" data-fig-domain=\"LEFIGARO\" target=\"_blank\" rel=\"noopener\">long entretien aux quatre cha\u00eenes d\u2019information en continu<\/a>. Estimant que les \u00abjours \u00e0 venir\u00bb sont \u00abcruciaux\u00bb, il s\u2019est refus\u00e9 \u00e0 dire \u00abau revoir\u00bb aux Fran\u00e7ais, comme l\u2019y exhortait le premier secr\u00e9taire du PS Olivier Faure, et \u00e0 \u00ababandonner les combats\u00bb qu\u2019il dit \u00abmener depuis des ann\u00e9es\u00bb et \u00abcontinuera \u00e0 mener apr\u00e8s\u00bb. \u00c0 ses yeux, la \u00abquestion\u00bb en jeu n\u2019\u00e9tait pas \u00able destin du premier ministre\u00bb mais celle du \u00abdestin de la France\u00bb, estimant qu\u2019\u00abil n\u2019y a aucune politique courageuse possible\u00bb sans \u00abl\u2019assentiment minimal des Fran\u00e7ais et de ceux qui les repr\u00e9sentent\u00bb sur la dette.<\/p>\n<p>                                    <a class=\"fig-a11y-skip a11y-hidden\" href=\"#fig-a11y-skip-main-inarticle\"><br \/>\n        Passer la publicit\u00e9<br \/>\n    <\/a><\/p>\n<p class=\"fig-paragraph\">L\u2019occasion \u00e9galement de s\u2019en prendre aux Insoumis, qui boycotteront avec leurs partenaires \u00e9cologistes le cycle de n\u00e9gociations qu\u2019il ouvrira d\u00e8s lundi \u00e0 Matignon avec les chefs de partis politiques et de groupes parlementaires. \u00abPersuad\u00e9\u00bb que \u00ab\u00e7a peut bouger\u00bb positivement d\u2019ici au 8 septembre, il a surtout mis en garde contre \u00abune p\u00e9riode de d\u00e9sordre, de chaos\u00bb\u00a0dans l\u2019hypoth\u00e8se inverse. D\u2019autant qu\u2019il existe selon lui \u00abdes forces politiques qui veulent le chaos, et qui pensent que c\u2019est sur le chaos qu\u2019on construit la r\u00e9volution.\u00bb Dans son viseur\u00a0:\u00a0<a href=\"http:\/\/www.lefigaro.fr\/vox\/politique\/l-editorial-d-yves-threard-alliance-avec-melenchon-un-socialisme-panurgique-20250828\" data-fig-type=\"Article\" data-gtm-custom-categorie=\"navigation\" data-gtm-custom-action=\"crossclick\" data-gtm-custom-label=\"Contextuel\" data-gtm-event=\"customEventSPE\" data-fig-domain=\"LEFIGARO\" target=\"_blank\" rel=\"noopener\">Jean-Luc M\u00e9lenchon<\/a>, pour qui \u00able chemin, c\u2019est de tout conflictualiser\u00bb. Sans r\u00e9pondre directement \u00e0 cette attaque, le fondateur de La France Insoumise a accus\u00e9 sur X le premier ministre de \u00abmentir pour affoler les march\u00e9s financiers\u00bb et d\u2019\u00eatre \u00abmis\u00e9rable\u00bb.<\/p>\n","protected":false},"excerpt":{"rendered":"\u00c0 une semaine du vote de confiance qu\u2019il a sollicit\u00e9 le 8 septembre \u00e0 l\u2019Assembl\u00e9e nationale, le premier&hellip;\n","protected":false},"author":2,"featured_media":357002,"comment_status":"","ping_status":"","sticky":false,"template":"","format":"standard","meta":{"footnotes":""},"categories":[2],"tags":[11,1011,27,431,3081,2338,12,25],"class_list":{"0":"post-357001","1":"post","2":"type-post","3":"status-publish","4":"format-standard","5":"has-post-thumbnail","7":"category-actualites","8":"tag-actualites","9":"tag-fr","10":"tag-france","11":"tag-francois-bayrou","12":"tag-jean-luc-melenchon","13":"tag-la-france-insoumise","14":"tag-news","15":"tag-republique-francaise"},"share_on_mastodon":{"url":"https:\/\/pubeurope.com\/@fr\/115125241980906245","error":""},"_links":{"self":[{"href":"https:\/\/www.europesays.com\/fr\/wp-json\/wp\/v2\/posts\/357001","targetHints":{"allow":["GET"]}}],"collection":[{"href":"https:\/\/www.europesays.com\/fr\/wp-json\/wp\/v2\/posts"}],"about":[{"href":"https:\/\/www.europesays.com\/fr\/wp-json\/wp\/v2\/types\/post"}],"author":[{"embeddable":true,"href":"https:\/\/www.europesays.com\/fr\/wp-json\/wp\/v2\/users\/2"}],"replies":[{"embeddable":true,"href":"https:\/\/www.europesays.com\/fr\/wp-json\/wp\/v2\/comments?post=357001"}],"version-history":[{"count":0,"href":"https:\/\/www.europesays.com\/fr\/wp-json\/wp\/v2\/posts\/357001\/revisions"}],"wp:featuredmedia":[{"embeddable":true,"href":"https:\/\/www.europesays.com\/fr\/wp-json\/wp\/v2\/media\/357002"}],"wp:attachment":[{"href":"https:\/\/www.europesays.com\/fr\/wp-json\/wp\/v2\/media?parent=357001"}],"wp:term":[{"taxonomy":"category","embeddable":true,"href":"https:\/\/www.europesays.com\/fr\/wp-json\/wp\/v2\/categories?post=357001"},{"taxonomy":"post_tag","embeddable":true,"href":"https:\/\/www.europesays.com\/fr\/wp-json\/wp\/v2\/tags?post=357001"}],"curies":[{"name":"wp","href":"https:\/\/api.w.org\/{rel}","templated":true}]}}