{"id":357009,"date":"2025-08-31T20:26:09","date_gmt":"2025-08-31T20:26:09","guid":{"rendered":"https:\/\/www.europesays.com\/fr\/357009\/"},"modified":"2025-08-31T20:26:09","modified_gmt":"2025-08-31T20:26:09","slug":"barbora-krejcikova-taylor-townsend-grand-chelem-us-open-huitiemes-de-finale-dimanche-31-aout-2025-lequipe","status":"publish","type":"post","link":"https:\/\/www.europesays.com\/fr\/357009\/","title":{"rendered":"Barbora Krejcikova &#8211; Taylor Townsend, Grand Chelem, US Open, Huiti\u00e8mes de finale, Dimanche 31 ao\u00fbt 2025 &#8211; L&#039;\u00c9quipe"},"content":{"rendered":"<ol>\n<li><a href=\"https:\/\/news.google.com\/rss\/articles\/CBMiyAFBVV95cUxQaFh0VXpCZzdmUmpFWUZ5SUxxc3pVczBDeGpKb0FkQUZINDNQZ1VhMVhTRVptVVNxcmR6eVRpTWw3WjRjbmFDUUZwZlY1ZkY3Y01ob18wQWpyY0NEcktwLURSMnN6Y2xfT09TckdRSDJMa2s4T2VySkdGc1RWbG5kMVJDbkRZNVhyWlJZTy1yeHBRTTI5dk9mQnhhR2piOFBiV3E0VTN0eno5bE1HVU5wdElqZjd0eWZhMzRhYXB0aXJGaGloVzVSUA?oc=5\" target=\"_blank\" rel=\"nofollow noopener\">Barbora Krejcikova &#8211; Taylor Townsend, Grand Chelem, US Open, Huiti\u00e8mes de finale, Dimanche 31 ao\u00fbt 2025<\/a>&nbsp;&nbsp;L&rsquo;\u00c9quipe<\/li>\n<li><a href=\"https:\/\/news.google.com\/rss\/articles\/CBMiigFBVV95cUxNODRhNnhrTkVJZWYwSEFSVTlBZnRXN01FM1FvU2MzMGx6V1NxTUtZT29KU1l3NjM3TTNRSUhQaVg4a0dZTzRvYmpHV2pici1STVhIS3ZNeHhWSDROcVhxSmxDUDhWeG51VklLMnl0MzVjVmdGSlMxLXFSMGJpRVI4YmxVVER1dGc5WkE?oc=5\" target=\"_blank\" rel=\"nofollow noopener\">Pronostic Barbora Krejcikova &#8211; Taylor Townsend, WTA US Open<\/a>&nbsp;&nbsp;SportyTrader<\/li>\n<li><a href=\"https:\/\/news.google.com\/rss\/articles\/CBMitgFBVV95cUxQb3BKSm9pcjdzSlpfNFJfc21TY3ozeW5Qc0g3QjRqcVdxSHhuTEptX3VaQUstT2hSdGEzdzBPODR5dTNOam5VWUdMX3FDcDlyMndiZnYzSWhORXZXdG9kQ1Z5TXBCZTBQcElwM19DRXB3R1RhWE9aVElfXzczVTVrVEk5bjRsWXN0aVlHR0xfSl9kRFhYeUlJdlVaUjdzSFlLbzR0WDNBRkdRSnZLelYtLXhGRnNyQQ?oc=5\" target=\"_blank\" rel=\"nofollow noopener\">US Open &#8211; Emma Navarro : \u00abPas encore s\u00fbre de qui je suis en tant que joueuse\u00bb<\/a>&nbsp;&nbsp;Tennis Actu<\/li>\n<li><a href=\"https:\/\/news.google.com\/rss\/articles\/CBMi6AFBVV95cUxNMU4tUGt2aHFrc001bEs4NFJ3SHl6anBCRzR3NGpscWJKMHZabUpYWlU2cVhlam9zY1pYSDJZOFdIcjBmT2swamVaVmRVVzh2X2NxOHUwTXpxMTBBMHRzQkxOQUluUGh3NGNHMm02RzlCZFdVRXFvZWQycXNFY0FCU0RWLVBVbHBTSzh6dXMzM3VUcFRLV0RSZUM5aGdORHg2Ym1wcmdNSTRZR0twcnVDcEx6YVlPSXBWZmhpRloySVd6N0t0NE4wWThzQTJHRV9LQWVfRWs3LTBVb3hQU3BWYzVjZERIajlN?oc=5\" target=\"_blank\" rel=\"nofollow noopener\">US Open 2025 &#8211; Emma Navarro : \u00ab\u00a0Sans le tennis ? Je n\u2019ai aucune id\u00e9e de ce que je ferais\u00a0\u00bb<\/a>&nbsp;&nbsp;Orange Actualit\u00e9s | Sports<\/li>\n<li><a href=\"https:\/\/news.google.com\/rss\/articles\/CBMihAFBVV95cUxQYlZ2eVAwLWo0eG1qS1pRMXVmNUdoSUs5aFJaeFVkR0toRmh5MmVXcUd0TzRSdGwyMDVSallabEc5TkNUNHhmMlhNZVNxb1JYNGc1bWI2TUc0MnlUOUJGS05fUW1OZ0lNRnFQSE9wbUJta0lNTmhMeVdlN1kya3JIbERjVUs?oc=5\" target=\"_blank\" rel=\"nofollow noopener\">Pronostic Emma Navarro &#8211; Caty McNally<\/a>&nbsp;&nbsp;RueDesJoueurs<\/li>\n<\/ol>\n","protected":false},"excerpt":{"rendered":"Barbora Krejcikova &#8211; Taylor Townsend, Grand Chelem, US Open, Huiti\u00e8mes de finale, Dimanche 31 ao\u00fbt 2025&nbsp;&nbsp;L&rsquo;\u00c9quipe Pronostic Barbora&hellip;\n","protected":false},"author":2,"featured_media":341965,"comment_status":"","ping_status":"","sticky":false,"template":"","format":"standard","meta":{"footnotes":""},"categories":[1415],"tags":[1011,27,60,1467],"class_list":{"0":"post-357009","1":"post","2":"type-post","3":"status-publish","4":"format-standard","5":"has-post-thumbnail","7":"category-tennis","8":"tag-fr","9":"tag-france","10":"tag-sports","11":"tag-tennis"},"share_on_mastodon":{"url":"","error":""},"_links":{"self":[{"href":"https:\/\/www.europesays.com\/fr\/wp-json\/wp\/v2\/posts\/357009","targetHints":{"allow":["GET"]}}],"collection":[{"href":"https:\/\/www.europesays.com\/fr\/wp-json\/wp\/v2\/posts"}],"about":[{"href":"https:\/\/www.europesays.com\/fr\/wp-json\/wp\/v2\/types\/post"}],"author":[{"embeddable":true,"href":"https:\/\/www.europesays.com\/fr\/wp-json\/wp\/v2\/users\/2"}],"replies":[{"embeddable":true,"href":"https:\/\/www.europesays.com\/fr\/wp-json\/wp\/v2\/comments?post=357009"}],"version-history":[{"count":0,"href":"https:\/\/www.europesays.com\/fr\/wp-json\/wp\/v2\/posts\/357009\/revisions"}],"wp:featuredmedia":[{"embeddable":true,"href":"https:\/\/www.europesays.com\/fr\/wp-json\/wp\/v2\/media\/341965"}],"wp:attachment":[{"href":"https:\/\/www.europesays.com\/fr\/wp-json\/wp\/v2\/media?parent=357009"}],"wp:term":[{"taxonomy":"category","embeddable":true,"href":"https:\/\/www.europesays.com\/fr\/wp-json\/wp\/v2\/categories?post=357009"},{"taxonomy":"post_tag","embeddable":true,"href":"https:\/\/www.europesays.com\/fr\/wp-json\/wp\/v2\/tags?post=357009"}],"curies":[{"name":"wp","href":"https:\/\/api.w.org\/{rel}","templated":true}]}}