{"id":357011,"date":"2025-08-31T20:27:27","date_gmt":"2025-08-31T20:27:27","guid":{"rendered":"https:\/\/www.europesays.com\/fr\/357011\/"},"modified":"2025-08-31T20:27:27","modified_gmt":"2025-08-31T20:27:27","slug":"paris-deux-hommes-interpelles-avec-10-millions-deuros-de-bijoux-caches-dans-le-slip-de-lun-deux","status":"publish","type":"post","link":"https:\/\/www.europesays.com\/fr\/357011\/","title":{"rendered":"Paris. Deux hommes interpell\u00e9s avec 10 millions d&rsquo;euros de bijoux cach\u00e9s dans le slip de l&rsquo;un d&rsquo;eux"},"content":{"rendered":"<p>Deux hommes ont \u00e9t\u00e9 interpell\u00e9s samedi \u00e0 Paris en possession de nombreux bijoux de luxe estim\u00e9s \u00e0 un montant total de pr\u00e8s de 10 millions d&rsquo;euros, a indiqu\u00e9 dimanche le parquet, confirmant une information du <a href=\"https:\/\/www.leparisien.fr\/faits-divers\/paris-interpelle-avec-10-millions-deuros-de-bijoux-dans-son-slip-31-08-2025-42ULCQILEBBQFLJGCPRPK7ADOE.php\" target=\"_blank\" rel=\"noopener\">Parisien<\/a>, selon qui le butin a \u00e9t\u00e9 d\u00e9couvert dans le slip de l&rsquo;un d&rsquo;eux.<\/p>\n<p>Le parquet de Paris a expliqu\u00e9 \u00e0 l&rsquo;AFP avoir saisi la brigade de r\u00e9pression du banditisme (BRB) d&rsquo;une enqu\u00eate pour recel de vol en bande organis\u00e9e.<\/p>\n<p>Un collier, des boucles d&rsquo;oreille et une bague<\/p>\n<p>Les deux hommes, dont l&rsquo;un est mineur, sont d&rsquo;origine tunisienne et ont \u00e9t\u00e9 interpell\u00e9s gare de Lyon, dans le 12e arrondissement de Paris, a pr\u00e9cis\u00e9 le parquet.<\/p>\n<p>Ce contenu est bloqu\u00e9 car vous n&rsquo;avez pas accept\u00e9 les cookies et autres traceurs.<\/p>\n<p>En cliquant sur \u00ab J\u2019accepte \u00bb, les cookies et autres traceurs seront d\u00e9pos\u00e9s et vous pourrez visualiser les contenus  (<a href=\"\" class=\"consentModule_policy\" target=\"_blank\" title=\"Consulter la politique de protection des donn\u00e9es du fournisseur\">plus d&rsquo;informations<\/a>).<\/p>\n<p>En cliquant sur \u00ab J\u2019accepte tous les cookies \u00bb, vous autorisez des d\u00e9p\u00f4ts de cookies et autres traceurs pour le stockage de vos donn\u00e9es sur nos sites et applications \u00e0 des fins de personnalisation et de ciblage publicitaire.<\/p>\n<p class=\"consentModule_secondaryText\">Vous gardez la possibilit\u00e9 de retirer votre consentement \u00e0 tout moment en consultant notre <a href=\"https:\/\/www.ledauphine.com\/protection-des-donnees\" target=\"_blank\" title=\"Consulter notre politique de protection des donn\u00e9es\" rel=\"noopener\">politique de protection des donn\u00e9es<\/a>. <br \/>&#13;<br \/>\n            <a href=\"https:\/\/www.ledauphine.com\/faits-divers-justice\/2025\/08\/31\/javascript:Didomi.notice.show()\" class=\"consentModule_cmp\" target=\"_blank\" rel=\"noopener\">G\u00e9rer mes choix<\/a>&#13;\n        <\/p>\n<p>&#13;<br \/>\n                        J&rsquo;accepte&#13;<br \/>\n            J&rsquo;accepte tous les cookies&#13;\n        <\/p>\n<p>Selon Le Parisien, les enqu\u00eateurs ont d\u00e9couvert une montre Rolex, un collier estim\u00e9 \u00e0 5 millions d&rsquo;euros, des boucles d&rsquo;oreilles \u00e9valu\u00e9es \u00e0 deux millions d&rsquo;euros ou encore une bague estim\u00e9e \u00e0 un million d&rsquo;euros, dans une chaussette cach\u00e9e dans le slip de l&rsquo;un d&rsquo;eux.<\/p>\n<p>Outre les bijoux, les deux hommes \u00e9taient en possession d&rsquo;une disqueuse, selon le parquet. Celle-ci se trouvait dans leur valise, d&rsquo;apr\u00e8s Le Parisien, qui pr\u00e9cise que les deux hommes, d\u00e9favorablement connus des services de police, ont \u00e9t\u00e9 contr\u00f4l\u00e9s samedi matin par des policiers lors d&rsquo;un contr\u00f4le de routine alors qu&rsquo;ils arrivaient de Lyon en TGV.<\/p>\n","protected":false},"excerpt":{"rendered":"Deux hommes ont \u00e9t\u00e9 interpell\u00e9s samedi \u00e0 Paris en possession de nombreux bijoux de luxe estim\u00e9s \u00e0 un&hellip;\n","protected":false},"author":2,"featured_media":357013,"comment_status":"","ping_status":"","sticky":false,"template":"","format":"standard","meta":{"footnotes":""},"categories":[1888],"tags":[11,271,272,1777,674,274,107,1011,27,329,12,626,25],"class_list":{"0":"post-357011","1":"post","2":"type-post","3":"status-publish","4":"format-standard","5":"has-post-thumbnail","7":"category-paris","8":"tag-actualites","9":"tag-crime","10":"tag-delit-et-contravention","11":"tag-eu","12":"tag-europe","13":"tag-faits-divers-justice","14":"tag-fil-info","15":"tag-fr","16":"tag-france","17":"tag-france-monde","18":"tag-news","19":"tag-paris","20":"tag-republique-francaise"},"share_on_mastodon":{"url":"https:\/\/pubeurope.com\/@fr\/115125265689819892","error":""},"_links":{"self":[{"href":"https:\/\/www.europesays.com\/fr\/wp-json\/wp\/v2\/posts\/357011","targetHints":{"allow":["GET"]}}],"collection":[{"href":"https:\/\/www.europesays.com\/fr\/wp-json\/wp\/v2\/posts"}],"about":[{"href":"https:\/\/www.europesays.com\/fr\/wp-json\/wp\/v2\/types\/post"}],"author":[{"embeddable":true,"href":"https:\/\/www.europesays.com\/fr\/wp-json\/wp\/v2\/users\/2"}],"replies":[{"embeddable":true,"href":"https:\/\/www.europesays.com\/fr\/wp-json\/wp\/v2\/comments?post=357011"}],"version-history":[{"count":0,"href":"https:\/\/www.europesays.com\/fr\/wp-json\/wp\/v2\/posts\/357011\/revisions"}],"wp:featuredmedia":[{"embeddable":true,"href":"https:\/\/www.europesays.com\/fr\/wp-json\/wp\/v2\/media\/357013"}],"wp:attachment":[{"href":"https:\/\/www.europesays.com\/fr\/wp-json\/wp\/v2\/media?parent=357011"}],"wp:term":[{"taxonomy":"category","embeddable":true,"href":"https:\/\/www.europesays.com\/fr\/wp-json\/wp\/v2\/categories?post=357011"},{"taxonomy":"post_tag","embeddable":true,"href":"https:\/\/www.europesays.com\/fr\/wp-json\/wp\/v2\/tags?post=357011"}],"curies":[{"name":"wp","href":"https:\/\/api.w.org\/{rel}","templated":true}]}}