{"id":357016,"date":"2025-08-31T20:29:19","date_gmt":"2025-08-31T20:29:19","guid":{"rendered":"https:\/\/www.europesays.com\/fr\/357016\/"},"modified":"2025-08-31T20:29:19","modified_gmt":"2025-08-31T20:29:19","slug":"le-paris-fc-reussit-sa-premiere-a-jean-bouin-contre-metz-monaco-bat-strasbourg-sur-le-fil-nice-chute-au-havre","status":"publish","type":"post","link":"https:\/\/www.europesays.com\/fr\/357016\/","title":{"rendered":"le Paris FC r\u00e9ussit sa premi\u00e8re \u00e0 Jean-Bouin contre Metz, Monaco bat Strasbourg sur le fil, Nice chute au Havre"},"content":{"rendered":"<p>Le deuxi\u00e8me club de la capitale a sign\u00e9 sa premi\u00e8re victoire de la saison, en s\u2019imposant ce dimanche face \u00e0 Metz \u00e0 domicile (3-2).<\/p>\n<p class=\"fig-paragraph\">D\u00e9buts en fanfare pour\u00a0<a href=\"http:\/\/www.lefigaro.fr\/sports\/football\/foot-le-paris-fc-met-a-l-honneur-les-jeunes-talents-avec-la-neuvieme-edition-de-la-vinci-mixed-cup-20250828\" data-fig-type=\"NewsFlash\" data-gtm-custom-categorie=\"navigation\" data-gtm-custom-action=\"crossclick\" data-gtm-custom-label=\"Contextuel\" data-gtm-event=\"customEventSPE\" data-fig-domain=\"LEFIGARO\" target=\"_blank\" rel=\"noopener\">le Paris FC<\/a>\u00a0\u00e0 Jean-Bouin\u00a0! Le deuxi\u00e8me club de la capitale a en effet r\u00e9ussi sa premi\u00e8re \u00e0 domicile, \u00e0\u00a0<a href=\"http:\/\/www.lefigaro.fr\/sports\/football\/foot-le-paris-fc-partagera-jean-bouin-avec-le-stade-francais-des-la-saison-prochaine-un-cadre-parfait-se-felicite-antoine-arnault-20250212\" data-fig-type=\"NewsFlash\" data-gtm-custom-categorie=\"navigation\" data-gtm-custom-action=\"crossclick\" data-gtm-custom-label=\"Contextuel\" data-gtm-event=\"customEventSPE\" data-fig-domain=\"LEFIGARO\" target=\"_blank\" rel=\"noopener\">Jean-Bouin<\/a>, le stade qu\u2019il partage avec les rugbymen du Stade Fran\u00e7ais, en s\u2019imposant ce dimanche face \u00e0 Metz (3-1), qui a fini le match \u00e0 dix (rouge pour Sane, 80e), \u00e0 l\u2019occasion de la 3e journ\u00e9e de Ligue 1. Dans le m\u00eame temps,\u00a0<a href=\"http:\/\/www.lefigaro.fr\/sports\/football\/ligue-1\/ligue-1-l-effectif-est-trop-important-monaco-a-la-recherche-du-bon-equilibre-20250824\" data-fig-type=\"NewsFlash\" data-gtm-custom-categorie=\"navigation\" data-gtm-custom-action=\"crossclick\" data-gtm-custom-label=\"Contextuel\" data-gtm-event=\"customEventSPE\" data-fig-domain=\"LEFIGARO\" target=\"_blank\" rel=\"noopener\">Monaco<\/a>\u00a0s\u2019est impos\u00e9 sur le fil \u00e0 Louis-II face \u00e0 Strasbourg (3-2) et Le Havre s\u2019est impos\u00e9 au stade Oc\u00e9ane face \u00e0 l\u2019OGC Nice (3-1).<\/p>\n<p>Les promus en feu \u00e0 Jean-Bouin<\/p>\n<p class=\"fig-paragraph\">Rapidement men\u00e9 apr\u00e8s l\u2019ouverture du score de San\u00e9 (22e) pour Metz, le Paris FC ne s\u2019est pas d\u00e9courag\u00e9 pour son premier match \u00e0 Jean-Bouin. Ilan Kebbal a permis \u00e0 son club d\u2019\u00e9galiser sur p\u00e9nalty juste avant la pause (45e+3) avant de doubler la mise \u00e0 la 52e minute, \u00e0 la retomb\u00e9e d\u2019un superbe centre de Moses Simon au second poteau. \u00c0 peine les c\u00e9l\u00e9brations du but termin\u00e9es, Metz \u00e9galisait \u00e0 son tour par l\u2019interm\u00e9diaire de Boubacar Traor\u00e9 (54e) \u00e0 la suite d\u2019une \u00e9norme erreur de Maxime Lopez dans l\u2019entrejeu. Trouv\u00e9 en profondeur \u00e0 la 67e minute, Moses Simon a fini par donner un avantage d\u00e9cisif \u00e0 ses co\u00e9quipiers apr\u00e8s une belle r\u00e9cup\u00e9ration de Pierre Lees-Melou tout juste entr\u00e9, pour sa premi\u00e8re lui aussi. Le buteur messin Sadibou San\u00e9 a ensuite \u00e9cop\u00e9 d\u2019un carton rouge direct \u00e0 cause d\u2019une intervention d\u00e9fensive loin d\u2019\u00eatre ma\u00eetris\u00e9e (80e). Le score en restera l\u00e0. Le Paris FC s\u2019offre sa premi\u00e8re victoire de la saison. Metz est toujours \u00e0 z\u00e9ro point.<\/p>\n<p>                                    <a class=\"fig-a11y-skip a11y-hidden\" href=\"#fig-a11y-skip-main-inarticle\"><br \/>\n        Passer la publicit\u00e9<br \/>\n    <\/a><\/p>\n<p>Monaco a jou\u00e9 \u00e0 se faire peur<\/p>\n<p class=\"fig-paragraph\">Les Mon\u00e9gasques ont tr\u00e8s bien entam\u00e9 leur rencontre gr\u00e2ce \u00e0 un but pr\u00e9coce de Maghnes Akliouche (6\u2019), qui avait sans doute envie de f\u00eater sa premi\u00e8re convocation en \u00e9quipe de France. Strasbourg aurait pu \u00e9galiser \u00e0 la 33e minute mais un hors-jeu de quelques centim\u00e8tres a priv\u00e9 Panichelli d\u2019un nouveau but. Balogun a ensuite fait le break au retour des vestiaires (48\u2019). On croyait alors le match pli\u00e9 mais les hommes de Liam Rosenior sont revenus en l\u2019espace de trois minutes. Dilane Bakwa a d\u2019abord envoy\u00e9 une reprise du gauche foudroyante au fond des filets de Lukas Hradecky (73e) avant de provoquer un p\u00e9nalty (76e), transform\u00e9 par l\u2019Argentin Panichelli. Les Strasbourgeois ont pouss\u00e9 pour passer devant et \u00e9taient m\u00eame proches de marquer \u00e0 plusieurs reprises mais Minamino a finalement an\u00e9anti tous leurs espoirs de r\u00e9sultat en Principaut\u00e9 en reprenant de la t\u00eate une merveille de passe d\u2019Akliouche (96e). Cruel pour les Alsaciens qui ont m\u00eame fini \u00e0 10 apr\u00e8s que Nzingoula a d\u00e9goupill\u00e9 dans les derniers instants de la rencontre.<\/p>\n<p>Le Havre enfonce Nice<\/p>\n<p class=\"fig-paragraph\">Le d\u00e9placement au Havre n\u2019a pas r\u00e9ussi au navire ni\u00e7ois, qui a tangu\u00e9 d\u00e8s la 13e minute apr\u00e8s le but de Fod\u00e9 Doucour\u00e9. Les Aiglons ont subi les attaques havraises malgr\u00e9 une possession (st\u00e9rile) en leur faveur. Nice a r\u00e9ussi \u00e0 \u00e9galiser en d\u00e9but de seconde p\u00e9riode gr\u00e2ce \u00e0 Kojo Peprah Oppong (52e). Rassoul Ndiaye a remis le plus vieux club professionnel fran\u00e7ais devant \u00e0 la 61e minute d\u2019un contre tr\u00e8s chanceux. Cinq changements de chaque c\u00f4t\u00e9 plus tard, le score n\u2019\u00e9voluait toujours pas. Le portier Yehvann Diouf a d\u00e9cid\u00e9 de monter sur le dernier corner des Aiglons mais le ballon a \u00e9t\u00e9 capt\u00e9 par son homologue havrais Mory Diaw, qui a magnifiquement relanc\u00e9 du pied pour Issa Soumar\u00e9 . Le S\u00e9n\u00e9galais a termin\u00e9 dans le but vide (90e+5) pour ent\u00e9riner le succ\u00e8s du Havre, l\u00e0 aussi le premier de la saison.<\/p>\n","protected":false},"excerpt":{"rendered":"Le deuxi\u00e8me club de la capitale a sign\u00e9 sa premi\u00e8re victoire de la saison, en s\u2019imposant ce dimanche&hellip;\n","protected":false},"author":2,"featured_media":357017,"comment_status":"","ping_status":"","sticky":false,"template":"","format":"standard","meta":{"footnotes":""},"categories":[1412],"tags":[2266,1451,8113,1452,1453,1454,1455,1011,27,4447,2268,445,4448,60],"class_list":{"0":"post-357016","1":"post","2":"type-post","3":"status-publish","4":"format-standard","5":"has-post-thumbnail","7":"category-f1","8":"tag-as-monaco","9":"tag-f1","10":"tag-fc-metz","11":"tag-formula-1","12":"tag-formula1","13":"tag-formule-1","14":"tag-formule1","15":"tag-fr","16":"tag-france","17":"tag-le-havre-ac","18":"tag-ogc-nice","19":"tag-paris-fc","20":"tag-rc-strasbourg","21":"tag-sports"},"share_on_mastodon":{"url":"https:\/\/pubeurope.com\/@fr\/115125273504358848","error":""},"_links":{"self":[{"href":"https:\/\/www.europesays.com\/fr\/wp-json\/wp\/v2\/posts\/357016","targetHints":{"allow":["GET"]}}],"collection":[{"href":"https:\/\/www.europesays.com\/fr\/wp-json\/wp\/v2\/posts"}],"about":[{"href":"https:\/\/www.europesays.com\/fr\/wp-json\/wp\/v2\/types\/post"}],"author":[{"embeddable":true,"href":"https:\/\/www.europesays.com\/fr\/wp-json\/wp\/v2\/users\/2"}],"replies":[{"embeddable":true,"href":"https:\/\/www.europesays.com\/fr\/wp-json\/wp\/v2\/comments?post=357016"}],"version-history":[{"count":0,"href":"https:\/\/www.europesays.com\/fr\/wp-json\/wp\/v2\/posts\/357016\/revisions"}],"wp:featuredmedia":[{"embeddable":true,"href":"https:\/\/www.europesays.com\/fr\/wp-json\/wp\/v2\/media\/357017"}],"wp:attachment":[{"href":"https:\/\/www.europesays.com\/fr\/wp-json\/wp\/v2\/media?parent=357016"}],"wp:term":[{"taxonomy":"category","embeddable":true,"href":"https:\/\/www.europesays.com\/fr\/wp-json\/wp\/v2\/categories?post=357016"},{"taxonomy":"post_tag","embeddable":true,"href":"https:\/\/www.europesays.com\/fr\/wp-json\/wp\/v2\/tags?post=357016"}],"curies":[{"name":"wp","href":"https:\/\/api.w.org\/{rel}","templated":true}]}}