{"id":357018,"date":"2025-08-31T20:30:16","date_gmt":"2025-08-31T20:30:16","guid":{"rendered":"https:\/\/www.europesays.com\/fr\/357018\/"},"modified":"2025-08-31T20:30:16","modified_gmt":"2025-08-31T20:30:16","slug":"conde-sur-vire-31-aout-2025-classement-de-courses-cyclistes","status":"publish","type":"post","link":"https:\/\/www.europesays.com\/fr\/357018\/","title":{"rendered":"Cond\u00e9 sur Vire 31 ao\u00fbt 2025 classement de courses cyclistes"},"content":{"rendered":"<p>&#13;<br \/>\n&#13;<\/p>\n<p>actu33348.<\/p>\n<p>&#13;<br \/>\n<img decoding=\"async\" loading=\"lazy\" src=\"https:\/\/www.europesays.com\/fr\/wp-content\/uploads\/2025\/04\/1745265187_676_50_route_manche_hidephotojpg.jpg\" alt=\"50 Route Manche hidephoto.JPG\"\/>&#13;<br \/>\n&#13;<\/p>\n<p>Classement des courses cyclistes organis\u00e9es par le V\u00e9lo Club de Cond\u00e9 sur Vire \u00e0 Cond\u00e9 Sur Vire dans la Manche (50) le 31 aout 2025 pour les access 1.2 et access 3.4.<\/p>\n<p>&#13;<br \/>\n&#13;<br \/>\n&#13;<br \/>\n&#13;<br \/>\n&#13;<br \/>\n&#13;<br \/>\n&#13;<br \/>\n&#13;<br \/>\n&#13;<br \/>\n&#13;<br \/>\n&#13;<br \/>\n&#13;<br \/>\n&#13;<br \/>\n&#13;<br \/>\n&#13;<br \/>\n&#13;<br \/>\n&#13;<br \/>\n&#13;<br \/>\nD&rsquo;autres Classements Route<img decoding=\"async\" loading=\"lazy\" src=\"https:\/\/www.europesays.com\/fr\/wp-content\/uploads\/2025\/08\/challenge-du-pays-d-ancenis-2025-affiche-1.jpg\" alt=\"Challenge du Pays D'Ancenis 2025 affiche\"\/><\/p>\n<p>dimanche 31 ao\u00fbt 2025<\/p>\n<p>Challenge du Pays d\u2019Ancenis 2025 classement<img decoding=\"async\" loading=\"lazy\" src=\"https:\/\/www.europesays.com\/fr\/wp-content\/uploads\/2025\/08\/bretagne-classic-cic-31-aout-2025-affiche-hidephoto-1.jpg\" alt=\"Bretagne Classic CIC 31 ao\u00fbt 2025 affiche hidephoto\"\/><\/p>\n<p>dimanche 31 ao\u00fbt 2025<\/p>\n<p>Bretagne Classic CIC 31 ao\u00fbt 2025 classement<img decoding=\"async\" loading=\"lazy\" src=\"https:\/\/www.europesays.com\/fr\/wp-content\/uploads\/2025\/08\/grand-prix-de-plouay-elite-31-aout-2025-hidephoto-1.jpg\" alt=\"Grand Prix de Plouay Elite 31 ao\u00fbt 2025 hidephoto\"\/><\/p>\n<p>dimanche 31 ao\u00fbt 2025<\/p>\n<p>Grand Prix de Plouay Elite 31 ao\u00fbt 2025 classement&#13;<br \/>\n&#13;<\/p>\n","protected":false},"excerpt":{"rendered":"&#13; &#13; actu33348. &#13; &#13; &#13; Classement des courses cyclistes organis\u00e9es par le V\u00e9lo Club de Cond\u00e9 sur&hellip;\n","protected":false},"author":2,"featured_media":42258,"comment_status":"","ping_status":"","sticky":false,"template":"","format":"standard","meta":{"footnotes":""},"categories":[1411],"tags":[1154,207,1011,27,60],"class_list":{"0":"post-357018","1":"post","2":"type-post","3":"status-publish","4":"format-standard","5":"has-post-thumbnail","7":"category-cyclisme","8":"tag-cycling","9":"tag-cyclisme","10":"tag-fr","11":"tag-france","12":"tag-sports"},"share_on_mastodon":{"url":"https:\/\/pubeurope.com\/@fr\/115125277518501786","error":""},"_links":{"self":[{"href":"https:\/\/www.europesays.com\/fr\/wp-json\/wp\/v2\/posts\/357018","targetHints":{"allow":["GET"]}}],"collection":[{"href":"https:\/\/www.europesays.com\/fr\/wp-json\/wp\/v2\/posts"}],"about":[{"href":"https:\/\/www.europesays.com\/fr\/wp-json\/wp\/v2\/types\/post"}],"author":[{"embeddable":true,"href":"https:\/\/www.europesays.com\/fr\/wp-json\/wp\/v2\/users\/2"}],"replies":[{"embeddable":true,"href":"https:\/\/www.europesays.com\/fr\/wp-json\/wp\/v2\/comments?post=357018"}],"version-history":[{"count":0,"href":"https:\/\/www.europesays.com\/fr\/wp-json\/wp\/v2\/posts\/357018\/revisions"}],"wp:featuredmedia":[{"embeddable":true,"href":"https:\/\/www.europesays.com\/fr\/wp-json\/wp\/v2\/media\/42258"}],"wp:attachment":[{"href":"https:\/\/www.europesays.com\/fr\/wp-json\/wp\/v2\/media?parent=357018"}],"wp:term":[{"taxonomy":"category","embeddable":true,"href":"https:\/\/www.europesays.com\/fr\/wp-json\/wp\/v2\/categories?post=357018"},{"taxonomy":"post_tag","embeddable":true,"href":"https:\/\/www.europesays.com\/fr\/wp-json\/wp\/v2\/tags?post=357018"}],"curies":[{"name":"wp","href":"https:\/\/api.w.org\/{rel}","templated":true}]}}