{"id":357021,"date":"2025-08-31T20:32:15","date_gmt":"2025-08-31T20:32:15","guid":{"rendered":"https:\/\/www.europesays.com\/fr\/357021\/"},"modified":"2025-08-31T20:32:15","modified_gmt":"2025-08-31T20:32:15","slug":"florent-pagny-sa-nouvelle-vie-depuis-sa-remission-jai-encore-des-suivis-pour-8-10-ans","status":"publish","type":"post","link":"https:\/\/www.europesays.com\/fr\/357021\/","title":{"rendered":"Florent Pagny, sa nouvelle vie depuis sa r\u00e9mission : \u00ab\u00a0J&rsquo;ai encore des suivis pour 8-10 ans\u00a0\u00bb"},"content":{"rendered":"<p>      R\u00e9sum\u00e9<\/p>\n<p>Florent Pagny, en r\u00e9mission apr\u00e8s une longue bataille contre la maladie, m\u00e8ne une nouvelle vie entre Paris, Patagonie et sa demeure historique, tout en pr\u00e9parant un retour artistique attendu.<\/p>\n<p>        Sommaire<\/p>\n<p>C&rsquo;est une interview s\u00fbrement difficile qu&rsquo;a eu \u00e0 mener <strong>Audrey Crespo-Mara<\/strong> pour sa rentr\u00e9e \u00e0 Sept \u00e0 Huit. <a href=\"https:\/\/vsd.fr\/86196-thierry-ardisson-un-mois-apres-sa-mort-audrey-crespo-mara-devoile-des-images-inedites\/\" target=\"_blank\" rel=\"noopener\">Un mois et demi apr\u00e8s le d\u00e9c\u00e8s de son \u00e9poux Thierry Ardisson<\/a>, la journaliste a \u00e9t\u00e9 re\u00e7ue par Florent Pagny dans son nouveau havre de paix. Depuis le d\u00e9but de l&rsquo;ann\u00e9e, <strong>le chanteur vit entre la Patagonie, Paris et la Ferme du Foss\u00e9<\/strong>, <a href=\"https:\/\/www.public.fr\/florent-pagny-vient-dacheter-une-maison-en-cote-dor-ses-nouveaux-voisins-lui-mettent-la-pression\" target=\"_blank\" rel=\"noopener\">une demeure class\u00e9e monument historique<\/a>, et situ\u00e9e \u00e0 Echevannes (C\u00f4te-d&rsquo;Or). C&rsquo;est dans cet endroit qu&rsquo;ils avaient gard\u00e9 jusqu&rsquo;ici secret que Florent Pagny et Azucena, son \u00e9pouse, ont re\u00e7u les cam\u00e9ras de Sept \u00e0 Huit.<\/p>\n<p>Dans cette interview, Audrey Crespo-Mara a forc\u00e9ment d\u00fb passer par une \u00e9tape difficile : les questions sur la maladie qu&rsquo;a affront\u00e9e Florent Pagny pendant plusieurs ann\u00e9es. Car si Thierry Ardisson a finalement perdu la bataille contre <strong>le cancer, le coach de The Voice, lui, l&rsquo;a remport\u00e9e<\/strong>. Il est d\u00e9sormais officiellement en r\u00e9mission <a href=\"https:\/\/www.public.fr\/florent-pagny-officiellement-gueri-line-renaud-devoile-une-info-choc\" target=\"_blank\" rel=\"noopener\">comme l&rsquo;avait affirm\u00e9 Line Renaud<\/a> il y a quelques semaines. Mais il doit tout de m\u00eame faire attention&#8230;<\/p>\n<p>Florent Pagny doit faire attention, rien n&rsquo;est gagn\u00e9<\/p>\n<p>\u00ab\u00a0L\u00e0, \u00e7a va. Si, deux ans et demi apr\u00e8s, je suis en train de te parler comme je te parle et que <strong>j\u2019ai la banane (\u2026), c\u2019est que \u00e7a va (&#8230;) J\u2019ai encore des suivis pour 8-10 ans<\/strong>\u00a0\u00bb a confi\u00e9 Florent Pagny. Le chanteur suit d\u00e9sormais un traitement d&rsquo;immunoth\u00e9rapie, afin de renforcer son syst\u00e8me immunitaire.<\/p>\n<p>Car Florent Pagny en est conscient&#8230; Si la tumeur est pour l&rsquo;instant derri\u00e8re lui, elle n&rsquo;est pas effac\u00e9e d\u00e9finitivement pour autant. Elle peut revenir \u00e0 tout moment, plus forte et agressive encore. \u00ab\u00a0<strong>On sait tous que ce truc-l\u00e0 te quitte pas non plus d\u00e9finitivement. C\u2019est pas une bronchite<\/strong>. Des contr\u00f4les, je vais encore en avoir pendant une bonne dizaine d\u2019ann\u00e9es\u00a0\u00bb a ainsi relativis\u00e9 le chanteur de 63 ans.<\/p>\n<p>Le spectre de la mort l&rsquo;a fait renouer avec le succ\u00e8s<\/p>\n<p>Florent Pagny est un battant. D\u00e9sormais concentr\u00e9 sur l&rsquo;avenir, il s&rsquo;appr\u00eate \u00e0 sortir un nouvel album. L&rsquo;ann\u00e9e prochaine, en marge de possibles nouveaux tournages de The Voice, le chanteur va entamer une toute nouvelle tourn\u00e9e, qu&rsquo;il attendait depuis plusieurs ann\u00e9es&#8230; <strong>Les billets se sont vendus en quatre jours<\/strong>, un record pour celui qui, avant la maladie, mettait plusieurs mois \u00e0 tout solder. \u00ab\u00a0C&rsquo;est le coup du mort-vivant\u00a0\u00bb ironise-t-il, conscient que ses fans ont eu tr\u00e8s peur pour lui&#8230; Et s\u00fbrement plus que lui : \u00ab\u00a0Jamais je n\u2019ai eu cette sensation que j&rsquo;allais mourir (\u2026) Les autres m\u2019ont\u00a0plus enterr\u00e9 que moi\u00a0\u00bb.<\/p>\n<p>      Mentionn\u00e9s dans cet article<\/p>\n<p>      Sur le m\u00eame sujet<\/p>\n","protected":false},"excerpt":{"rendered":"R\u00e9sum\u00e9 Florent Pagny, en r\u00e9mission apr\u00e8s une longue bataille contre la maladie, m\u00e8ne une nouvelle vie entre Paris,&hellip;\n","protected":false},"author":2,"featured_media":357022,"comment_status":"","ping_status":"","sticky":false,"template":"","format":"standard","meta":{"footnotes":""},"categories":[1359],"tags":[17979,101,58,59,3109,1011,27,226,973,17978],"class_list":{"0":"post-357021","1":"post","2":"type-post","3":"status-publish","4":"format-standard","5":"has-post-thumbnail","7":"category-people","8":"tag-audrey-crespo-mara","9":"tag-cancer","10":"tag-divertissement","11":"tag-entertainment","12":"tag-florent-pagny","13":"tag-fr","14":"tag-france","15":"tag-maladie","16":"tag-people","17":"tag-sept-a-huit"},"share_on_mastodon":{"url":"https:\/\/pubeurope.com\/@fr\/115125285239966157","error":""},"_links":{"self":[{"href":"https:\/\/www.europesays.com\/fr\/wp-json\/wp\/v2\/posts\/357021","targetHints":{"allow":["GET"]}}],"collection":[{"href":"https:\/\/www.europesays.com\/fr\/wp-json\/wp\/v2\/posts"}],"about":[{"href":"https:\/\/www.europesays.com\/fr\/wp-json\/wp\/v2\/types\/post"}],"author":[{"embeddable":true,"href":"https:\/\/www.europesays.com\/fr\/wp-json\/wp\/v2\/users\/2"}],"replies":[{"embeddable":true,"href":"https:\/\/www.europesays.com\/fr\/wp-json\/wp\/v2\/comments?post=357021"}],"version-history":[{"count":0,"href":"https:\/\/www.europesays.com\/fr\/wp-json\/wp\/v2\/posts\/357021\/revisions"}],"wp:featuredmedia":[{"embeddable":true,"href":"https:\/\/www.europesays.com\/fr\/wp-json\/wp\/v2\/media\/357022"}],"wp:attachment":[{"href":"https:\/\/www.europesays.com\/fr\/wp-json\/wp\/v2\/media?parent=357021"}],"wp:term":[{"taxonomy":"category","embeddable":true,"href":"https:\/\/www.europesays.com\/fr\/wp-json\/wp\/v2\/categories?post=357021"},{"taxonomy":"post_tag","embeddable":true,"href":"https:\/\/www.europesays.com\/fr\/wp-json\/wp\/v2\/tags?post=357021"}],"curies":[{"name":"wp","href":"https:\/\/api.w.org\/{rel}","templated":true}]}}