{"id":357023,"date":"2025-08-31T20:33:13","date_gmt":"2025-08-31T20:33:13","guid":{"rendered":"https:\/\/www.europesays.com\/fr\/357023\/"},"modified":"2025-08-31T20:33:13","modified_gmt":"2025-08-31T20:33:13","slug":"usbek-rica-ocean-builders-le-reve-libertarien-dune-vie-flottante","status":"publish","type":"post","link":"https:\/\/www.europesays.com\/fr\/357023\/","title":{"rendered":"Usbek &#038; Rica &#8211; Ocean Builders : le r\u00eave libertarien d\u2019une vie flottante"},"content":{"rendered":"<p>C\u2019est l\u00e0, pr\u00e8s de l\u2019\u00eele de Phuket, qu\u2019il fait la connaissance de R\u00fcdiger. \u00ab\u00a0La capsule flottait sans personne \u00e0 son bord, alors j\u2019ai propos\u00e9 qu\u2019on aille vivre dessus avec Nadia.\u00a0\u00a0\u00bb Ils habitent sur le prototype, mais pendant quelques mois seulement\u00a0: \u00ab\u00a0J\u2019ai ador\u00e9 y vivre. C\u2019\u00e9tait si paisible sur l\u2019eau, sans personne autour, se rappelle Chad. On y restait une ou deux semaines d\u2019affil\u00e9e, et R\u00fcdiger venait nous chercher avec son bateau. J\u2019avais beaucoup de choses \u00e0 faire car le seastead n\u2019\u00e9tait pas compl\u00e8tement termin\u00e9. Nadia, elle, nageait, faisait du snorkeling, allait sur le toit, cuisinait\u2026 Quand on n\u2019y \u00e9tait pas, on voulait y retourner\u202f! C\u2019\u00e9tait tellement serein\u2026 En ville, on est constamment dans les bouchons ou en train d\u2019attendre dans des b\u00e2timents administratifs, une vie de terrien ennuyeuse\u00a0\u00bb, r\u00e9sume-t-il en riant.<\/p>\n<p>Mais l\u2019exp\u00e9rience tourne court. En 2019, l\u2019arm\u00e9e tha\u00eflandaise lance un raid a\u00e9rien et d\u00e9truit le SeaPod. La cause du litige\u202f? La maison flottante, situ\u00e9e \u00e0 26\u00a0kilom\u00e8tres de la c\u00f4te, soit en dehors des eaux territoriales tha\u00eflandaises (jusqu\u2019\u00e0 22\u00a0kilom\u00e8tres), mais encore dans la zone \u00e9conomique exclusive du pays (jusqu\u2019\u00e0 370\u00a0kilom\u00e8tres du littoral), une d\u00e9finition un peu floue qui attribue les ressources sous-marines de la zone au pays en question mais n\u2019englobe pas la surface de l\u2019eau. Une raison jug\u00e9e n\u00e9anmoins suffisante par les autorit\u00e9s tha\u00eflandaises pour consid\u00e9rer les apprentis seasteaders comme une menace pour la souverainet\u00e9 nationale\u00a0\u2013 un crime passible de la peine de mort.<\/p>\n<p><strong>Potentiel touristique<\/strong><\/p>\n<p>Quelques mois plus tard, apr\u00e8s une fuite sur laquelle ils pr\u00e9f\u00e8rent rester discrets, Chad, R\u00fcdiger et Grant, les trois pionniers d\u2019Ocean Builders, s\u2019installent au Panam\u00e1, sur les conseils d\u2019entrepreneurs \u00e9trangers d\u00e9j\u00e0 sur place, notamment le patron de la marina qui accueille aujourd\u2019hui leur usine. Pas question de reproduire le fiasco tha\u00eflandais\u00a0: ce coup-ci, ils prennent soin de rencontrer les autorit\u00e9s du pays, et en particulier le ministre du Tourisme. \u00ab\u00a0Il est venu nous voir plusieurs fois. [Les autorit\u00e9s] sont tr\u00e8s enthousiastes \u00e0 l\u2019id\u00e9e d\u2019annoncer au monde que les gens peuvent venir voir quelque chose d\u2019unique au Panam\u00e1\u00a0\u00a0\u00bb, se f\u00e9licite Chad. Le pays a aussi l\u2019avantage d\u2019\u00eatre au sud de la ceinture cyclonique carib\u00e9enne, qui en \u00e9t\u00e9 voit d\u00e9filer les ouragans. Une s\u00e9curit\u00e9 g\u00e9ographique indispensable pour les SeaPods.\u00a0<\/p>\n","protected":false},"excerpt":{"rendered":"C\u2019est l\u00e0, pr\u00e8s de l\u2019\u00eele de Phuket, qu\u2019il fait la connaissance de R\u00fcdiger. \u00ab\u00a0La capsule flottait sans personne&hellip;\n","protected":false},"author":2,"featured_media":357024,"comment_status":"","ping_status":"","sticky":false,"template":"","format":"standard","meta":{"footnotes":""},"categories":[1358],"tags":[1348,1384,1385,1386,58,59,1011,27],"class_list":{"0":"post-357023","1":"post","2":"type-post","3":"status-publish","4":"format-standard","5":"has-post-thumbnail","7":"category-arts-et-design","8":"tag-arts","9":"tag-arts-and-design","10":"tag-arts-et-design","11":"tag-design","12":"tag-divertissement","13":"tag-entertainment","14":"tag-fr","15":"tag-france"},"share_on_mastodon":{"url":"https:\/\/pubeurope.com\/@fr\/115125289258945080","error":""},"_links":{"self":[{"href":"https:\/\/www.europesays.com\/fr\/wp-json\/wp\/v2\/posts\/357023","targetHints":{"allow":["GET"]}}],"collection":[{"href":"https:\/\/www.europesays.com\/fr\/wp-json\/wp\/v2\/posts"}],"about":[{"href":"https:\/\/www.europesays.com\/fr\/wp-json\/wp\/v2\/types\/post"}],"author":[{"embeddable":true,"href":"https:\/\/www.europesays.com\/fr\/wp-json\/wp\/v2\/users\/2"}],"replies":[{"embeddable":true,"href":"https:\/\/www.europesays.com\/fr\/wp-json\/wp\/v2\/comments?post=357023"}],"version-history":[{"count":0,"href":"https:\/\/www.europesays.com\/fr\/wp-json\/wp\/v2\/posts\/357023\/revisions"}],"wp:featuredmedia":[{"embeddable":true,"href":"https:\/\/www.europesays.com\/fr\/wp-json\/wp\/v2\/media\/357024"}],"wp:attachment":[{"href":"https:\/\/www.europesays.com\/fr\/wp-json\/wp\/v2\/media?parent=357023"}],"wp:term":[{"taxonomy":"category","embeddable":true,"href":"https:\/\/www.europesays.com\/fr\/wp-json\/wp\/v2\/categories?post=357023"},{"taxonomy":"post_tag","embeddable":true,"href":"https:\/\/www.europesays.com\/fr\/wp-json\/wp\/v2\/tags?post=357023"}],"curies":[{"name":"wp","href":"https:\/\/api.w.org\/{rel}","templated":true}]}}