{"id":357025,"date":"2025-08-31T20:34:14","date_gmt":"2025-08-31T20:34:14","guid":{"rendered":"https:\/\/www.europesays.com\/fr\/357025\/"},"modified":"2025-08-31T20:34:14","modified_gmt":"2025-08-31T20:34:14","slug":"une-pluie-de-dedicaces-et-de-sourires-pour-la-29e-edition-de-la-foret-des-livres-chez-gonzague-saint-bris","status":"publish","type":"post","link":"https:\/\/www.europesays.com\/fr\/357025\/","title":{"rendered":"une pluie de d\u00e9dicaces et de sourires pour la 29e \u00e9dition de La For\u00eat des livres chez Gonzague Saint Bris"},"content":{"rendered":"<p>Parapluies et imperm\u00e9ables \u00e9taient de rigueur, dimanche 31\u00a0ao\u00fbt 2025, pour la 29e \u00e9dition de La For\u00eat des livres chez Gonzague Saint\u00a0Bris \u00e0 Chanceaux-pr\u00e8s-Loches.<\/p>\n<p>Alors que les organisateurs comptaient sur le dicton paysan local selon lequel \u00ab\u00a0le dernier week-end du mois d\u2019ao\u00fbt, il fait toujours beau\u00a0\u00bb, force est de constater qu\u2019il a \u00e9t\u00e9 un peu \u00e9corn\u00e9 cette ann\u00e9e. \u00ab\u00a0Cela doit arriver une fois tous les dix ans\u00a0\u00bb, observait Jean-Louis Dumortier, le maire de Chanceaux-pr\u00e8s-Loches.<\/p>\n<p>\u00ab\u00a0Un cadre champ\u00eatre exceptionnel\u00a0\u00bb<\/p>\n<p>Mais qu\u2019importe, pour une poign\u00e9e de fans, qu\u2019ils soient lecteurs, lectrices ou tout simplement admirateurs des nombreuses personnalit\u00e9s pr\u00e9sentes. Ils ont brav\u00e9 les \u00e9l\u00e9ments pour approcher de pr\u00e8s leurs idoles.<\/p>\n<p>C\u2019est le cas de Jean-Baptiste et Ingrid, venus en famille de Montlouis-sur-Loire. Leurs sacs bien remplis de livres, presque tous d\u00e9dicac\u00e9s, ils ne rateraient l\u2019\u00e9v\u00e9nement pour rien au monde. \u00ab\u00a0C\u2019est notre premi\u00e8re \u00e9dition avec autant d\u2019eau mais franchement \u00e7a vaut le coup. On a achet\u00e9 et fait d\u00e9dicacer les romans de Sylvain Tesson, David Foenkinos, Sergue\u00ef Jirnov, Ad\u00e9la\u00efde de Clermont-Tonnerre, Guillaume Ledoux, Val\u00e9rie Perrin et Maryse Burgot. Tous les auteurs sont tr\u00e8s sympas et se montrent disponibles au moment des signatures pour une photo ou une petite discussion\u00a0\u00bb, t\u00e9moigne Jean-Baptiste&#8230;. <\/p>\n<p>    Cet article a \u00e9t\u00e9 tronqu\u00e9. Abonnez-vous pour lire l&rsquo;article complet sur notre site.<\/p>\n<p style=\"margin: 0 !important; padding: 0 !important; font-size: 12px !important;\">Cet article a \u00e9t\u00e9 tronqu\u00e9. Abonnez-vous pour lire l&rsquo;article complet.<\/p>\n<p>    <a href=\"https:\/\/www.lanouvellerepublique.fr\/abonnements\" style=\"display: inline-block; margin-top: 5px !important; padding: 6px 12px !important; background: #cb1c27; color: white; text-decoration: none; border-radius: 4px; font-size: 12px !important;\" rel=\"nofollow noopener\" target=\"_blank\"><br \/>\n      S&rsquo;abonner<br \/>\n    <\/a><\/p>\n","protected":false},"excerpt":{"rendered":"Parapluies et imperm\u00e9ables \u00e9taient de rigueur, dimanche 31\u00a0ao\u00fbt 2025, pour la 29e \u00e9dition de La For\u00eat des livres&hellip;\n","protected":false},"author":2,"featured_media":357026,"comment_status":"","ping_status":"","sticky":false,"template":"","format":"standard","meta":{"footnotes":""},"categories":[1357],"tags":[1392,1379,48211,11331,14773,58,59,14537,1011,27,1387,41532,1380,1393,14356],"class_list":{"0":"post-357025","1":"post","2":"type-post","3":"status-publish","4":"format-standard","5":"has-post-thumbnail","7":"category-livres","8":"tag-a-la-une-local","9":"tag-books","10":"tag-chanceaux-pres-loches","11":"tag-conferences","12":"tag-dedicaces","13":"tag-divertissement","14":"tag-entertainment","15":"tag-fetes","16":"tag-fr","17":"tag-france","18":"tag-indre-et-loire","19":"tag-la-foret-des-livres","20":"tag-livres","21":"tag-loisirs","22":"tag-salons"},"share_on_mastodon":{"url":"https:\/\/pubeurope.com\/@fr\/115125293302227640","error":""},"_links":{"self":[{"href":"https:\/\/www.europesays.com\/fr\/wp-json\/wp\/v2\/posts\/357025","targetHints":{"allow":["GET"]}}],"collection":[{"href":"https:\/\/www.europesays.com\/fr\/wp-json\/wp\/v2\/posts"}],"about":[{"href":"https:\/\/www.europesays.com\/fr\/wp-json\/wp\/v2\/types\/post"}],"author":[{"embeddable":true,"href":"https:\/\/www.europesays.com\/fr\/wp-json\/wp\/v2\/users\/2"}],"replies":[{"embeddable":true,"href":"https:\/\/www.europesays.com\/fr\/wp-json\/wp\/v2\/comments?post=357025"}],"version-history":[{"count":0,"href":"https:\/\/www.europesays.com\/fr\/wp-json\/wp\/v2\/posts\/357025\/revisions"}],"wp:featuredmedia":[{"embeddable":true,"href":"https:\/\/www.europesays.com\/fr\/wp-json\/wp\/v2\/media\/357026"}],"wp:attachment":[{"href":"https:\/\/www.europesays.com\/fr\/wp-json\/wp\/v2\/media?parent=357025"}],"wp:term":[{"taxonomy":"category","embeddable":true,"href":"https:\/\/www.europesays.com\/fr\/wp-json\/wp\/v2\/categories?post=357025"},{"taxonomy":"post_tag","embeddable":true,"href":"https:\/\/www.europesays.com\/fr\/wp-json\/wp\/v2\/tags?post=357025"}],"curies":[{"name":"wp","href":"https:\/\/api.w.org\/{rel}","templated":true}]}}