{"id":357029,"date":"2025-08-31T20:36:13","date_gmt":"2025-08-31T20:36:13","guid":{"rendered":"https:\/\/www.europesays.com\/fr\/357029\/"},"modified":"2025-08-31T20:36:13","modified_gmt":"2025-08-31T20:36:13","slug":"simplicite-emotion-et-succes-planetaire","status":"publish","type":"post","link":"https:\/\/www.europesays.com\/fr\/357029\/","title":{"rendered":"simplicit\u00e9, \u00e9motion et succ\u00e8s plan\u00e9taire"},"content":{"rendered":"<p>            lire plus tard<\/p>\n<p id=\"dialog__title\" class=\"dialog__title\">Pour sauvegarder cet article, connectez-vous ou cr\u00e9ez un compte franceinfo<\/p>\n<p class=\"dialog__description\">Sans paiement. Sans abonnement.<\/p>\n<p>        Fermer la fen\u00eatre d\u2019activation des notifications France Info<\/p>\n<p>            cr\u00e9er votre compte<\/p>\n<p>            se connecter<\/p>\n<p>        Fermer la fen\u00eatre de pr\u00e9sentation<\/p>\n<p>    Publi\u00e9 le 31\/08\/2025 16:28<\/p>\n<p>      Mis \u00e0 jour le 31\/08\/2025 16:29<\/p>\n<p>        Temps de lecture : 3min &#8211; vid\u00e9o : 3min<\/p>\n<p>    <img decoding=\"async\" class=\"francetv-player-wrapper__image\" alt=\"Ed Sheeran : simplicit\u00e9, \u00e9motion et succ\u00e8s plan\u00e9taire\"  width=\"432\" height=\"243\" src=\"https:\/\/www.europesays.com\/fr\/wp-content\/uploads\/2025\/08\/vfd-68b45acc2f936454860875.jpg\" fetchpriority=\"high\"\/><\/p>\n<p>              Ed Sheeran : simplicit\u00e9, \u00e9motion et succ\u00e8s plan\u00e9taire<br \/>\n                    (France 2)<\/p>\n<p>      3min<\/p>\n<p>\n  \u00c0 34 ans, Ed Sheeran domine la pop mondiale avec plus de 200 millions de disques vendus et des milliards d\u2019\u00e9coutes en streaming. Transformant ses blessures d\u2019enfance et ses exp\u00e9riences personnelles en chansons universelles, il allie \u00e9motion, authenticit\u00e9 et originalit\u00e9, tout en restant simple et proche de son public.\n<\/p>\n<p><strong>Ce texte correspond \u00e0 une partie de la retranscription du reportage ci-dessus. Cliquez sur la vid\u00e9o pour la regarder en int\u00e9gralit\u00e9.<\/strong><\/p>\n<p>Ne vous fiez pas \u00e0 son allure d&rsquo;\u00e9ternel adolescent : \u00e0 34 ans, Ed Sheeran est tout simplement le nouveau roi de la pop. Avec plus de 200 millions de disques vendus \u00e0 travers le monde et 120 milliards d\u2019\u00e9coutes cumul\u00e9es sur les plateformes,<a href=\"https:\/\/france3-regions.franceinfo.fr\/provence-alpes-cote-d-azur\/bouches-du-rhone\/marseille\/depart-pour-le-week-end-de-pentecote-concerts-d-ed-sheeran-cela-se-complique-au-niveau-de-la-circulation-3166899.html\" rel=\"noopener noreferrer nofollow\" data-tooltip-url=\"https:\/\/france3-regions.franceinfo.fr\/provence-alpes-cote-d-azur\/bouches-du-rhone\/marseille\/depart-pour-le-week-end-de-pentecote-concerts-d-ed-sheeran-cela-se-complique-au-niveau-de-la-circulation-3166899.html\" target=\"_blank\"> le Britannique affole les compteurs<\/a> et enflamme les stades, le tout sans jamais quitter son air nonchalant.<\/p>\n<p>Avec son image de bon copain, le chanteur s\u2019en amuse : \u00ab\u00a0J\u2019avoue que je m\u2019en fichais compl\u00e8tement. Je portais le m\u00eame tee-shirt pendant quatre jours. Je ne changeais pas de chaussettes. Aujourd\u2019hui, j\u2019essaie de faire un effort.\u00a0\u00bb Une image d\u00e9contract\u00e9e qui permet au public de s\u2019identifier facilement : \u00ab\u00a0Le fait de s\u2019identifier, c\u2019est surtout une question d\u2019\u00e9motion. C\u2019est \u00e7a qui nous connecte. Au final, nous partageons tous les m\u00eames sentiments\u00a0\u00bb, confie-t-il.<\/p>\n<p>Ed Sheeran, c\u2019est la bande originale des com\u00e9dies romantiques, des histoires d\u2019amour et des blessures d\u2019enfance, tir\u00e9es de ses propres exp\u00e9riences dont il a su faire une force : \u00ab\u00a0\u00c0 l\u2019\u00e9cole, les gamins se moquaient beaucoup de mes cheveux, par exemple. Mais ces blessures : ne pas \u00eatre cool, ne pas \u00eatre comme les autres, \u00e7a forge le caract\u00e8re, je pense.\u00a0\u00bb<\/p>\n<p>Ces moqueries ont continu\u00e9 m\u00eame apr\u00e8s les bancs de l\u2019\u00e9cole, certains affirmant qu\u2019il n\u2019arriverait jamais \u00e0 devenir une star de la musique. Le chanteur s\u2019en souvient parfaitement : \u00ab\u00a0\u00c7a m\u2019arrivait tout le temps. Genre, personne n\u2019ach\u00e8tera un magazine avec ta t\u00eate dessus. C\u2019est comme \u00e7a.\u00a0\u00bb Aujourd\u2019hui, devenu un artiste qui n\u2019a plus rien \u00e0 prouver, il pr\u00f4ne la diff\u00e9rence et estime qu\u2019\u00eatre \u00ab\u00a0bizarre\u00a0\u00bb est une chance unique : \u00ab\u00a0\u00catre bizarre, \u00e7a vous rend unique. Et \u00e7a vous permet aussi de tenter des choses. Presque comme un enfant. La plupart de mes tubes sont n\u00e9s comme \u00e7a. Ne pas avoir peur de ce que les autres allaient en penser.\u00a0\u00bb<\/p>\n<p>Dans son dernier album, Ed Sheeran continue d\u2019exp\u00e9rimenter : une chanson aux influences persanes, une autre au rythme indien. Mais son coup de c\u0153ur reste la France, avec des concerts \u00e0 Paris et Marseille qu\u2019il se rem\u00e9more avec plaisir : \u00ab\u00a0J\u2019adore Paris. Le meilleur public de la tourn\u00e9e. Jusqu\u2019\u00e0 Marseille. Marseille, c\u2019\u00e9tait au-dessus.\u00a0\u00bb<\/p>\n<p>Sur les r\u00e9seaux, on peut le voir dans un tuk-tuk rose dans les rues de Marseille, jouer \u00e0 la p\u00e9tanque avec le rappeur Soprano ou m\u00eame chanter son dernier tube en version fran\u00e7aise.<\/p>\n<p>Malgr\u00e9 le succ\u00e8s plan\u00e9taire, Ed Sheeran a su rester fid\u00e8le \u00e0 son image : simple, accessible et attachant.<\/p>\n","protected":false},"excerpt":{"rendered":"lire plus tard Pour sauvegarder cet article, connectez-vous ou cr\u00e9ez un compte franceinfo Sans paiement. Sans abonnement. Fermer&hellip;\n","protected":false},"author":2,"featured_media":357030,"comment_status":"","ping_status":"","sticky":false,"template":"","format":"standard","meta":{"footnotes":""},"categories":[1355],"tags":[58,59,1011,27,1361,873],"class_list":{"0":"post-357029","1":"post","2":"type-post","3":"status-publish","4":"format-standard","5":"has-post-thumbnail","7":"category-musique","8":"tag-divertissement","9":"tag-entertainment","10":"tag-fr","11":"tag-france","12":"tag-music","13":"tag-musique"},"share_on_mastodon":{"url":"https:\/\/pubeurope.com\/@fr\/115125301116839310","error":""},"_links":{"self":[{"href":"https:\/\/www.europesays.com\/fr\/wp-json\/wp\/v2\/posts\/357029","targetHints":{"allow":["GET"]}}],"collection":[{"href":"https:\/\/www.europesays.com\/fr\/wp-json\/wp\/v2\/posts"}],"about":[{"href":"https:\/\/www.europesays.com\/fr\/wp-json\/wp\/v2\/types\/post"}],"author":[{"embeddable":true,"href":"https:\/\/www.europesays.com\/fr\/wp-json\/wp\/v2\/users\/2"}],"replies":[{"embeddable":true,"href":"https:\/\/www.europesays.com\/fr\/wp-json\/wp\/v2\/comments?post=357029"}],"version-history":[{"count":0,"href":"https:\/\/www.europesays.com\/fr\/wp-json\/wp\/v2\/posts\/357029\/revisions"}],"wp:featuredmedia":[{"embeddable":true,"href":"https:\/\/www.europesays.com\/fr\/wp-json\/wp\/v2\/media\/357030"}],"wp:attachment":[{"href":"https:\/\/www.europesays.com\/fr\/wp-json\/wp\/v2\/media?parent=357029"}],"wp:term":[{"taxonomy":"category","embeddable":true,"href":"https:\/\/www.europesays.com\/fr\/wp-json\/wp\/v2\/categories?post=357029"},{"taxonomy":"post_tag","embeddable":true,"href":"https:\/\/www.europesays.com\/fr\/wp-json\/wp\/v2\/tags?post=357029"}],"curies":[{"name":"wp","href":"https:\/\/api.w.org\/{rel}","templated":true}]}}