{"id":357036,"date":"2025-08-31T20:40:10","date_gmt":"2025-08-31T20:40:10","guid":{"rendered":"https:\/\/www.europesays.com\/fr\/357036\/"},"modified":"2025-08-31T20:40:10","modified_gmt":"2025-08-31T20:40:10","slug":"la-ca-va-dans-sept-a-huit-florent-pagny-se-confie-sur-sa-sante-et-sur-sa-nouvelle-vie","status":"publish","type":"post","link":"https:\/\/www.europesays.com\/fr\/357036\/","title":{"rendered":"\u00ab\u00a0L\u00e0, \u00e7a va\u00a0\u00bb\u00a0: Dans \u00ab\u00a0Sept \u00e0 huit\u00a0\u00bb, Florent Pagny se confie sur sa sant\u00e9 et sur sa nouvelle vie"},"content":{"rendered":"<p class=\"paragraph text_align_left lp-f-body-02\">\u00c0 63 ans, il assure \u00eatre \u00ab dans (sa) phrase retour aux sources \u00bb. Pour le premier num\u00e9ro de \u00ab Sept \u00e0 huit \u00bb (TF 1) de la saison, <a href=\"https:\/\/www.leparisien.fr\/culture-loisirs\/musique\/florent-pagny\/\" target=\"_blank\" rel=\"noreferrer nofollow noopener\">Florent Pagny<\/a> \u00e9tait interview\u00e9 ce dimanche soir par la journaliste <a href=\"https:\/\/www.leparisien.fr\/culture-loisirs\/tv\/audrey-crespo-mara-se-confie-pour-la-premiere-fois-je-veux-faire-en-sorte-que-thierry-continue-detre-fier-de-moi-29-08-2025-YWZ4RQSM35DWDEPSYXHIQSQSVY.php\" target=\"_blank\" rel=\"noreferrer nofollow noopener\">Audrey Crespo-Mara <\/a>dans sa nouvelle maison de Bourgogne. Le chanteur, n\u00e9 \u00e0 Chalon-sur-Sa\u00f4ne et parti de cette r\u00e9gion \u00ab \u00e0 10-11 ans \u00bb, raconte d\u2019abord comment il est revenu sur sa terre.<\/p>\n<p class=\"paragraph text_align_left lp-f-body-02\">\u00ab T\u2019arrives \u00e0 60 (ans) et ces dix premi\u00e8res ann\u00e9es, elles ressurgissent\u2026 Tu te sens chez toi \u00bb, explique-t-il. L\u2019artiste a convaincu sa femme Azucena d\u2019acheter cette \u00ab ferme fortifi\u00e9e \u00bb alors que, souligne-t-il, \u00ab elle, elle ne voulait pas venir \u00bb. Mais l\u2019artiste-peintre argentine, fascin\u00e9e par les pierres et les ruines, est finalement tomb\u00e9e sous le charme des \u00ab tr\u00e8s bonnes vibrations \u00bb de cette maison atypique.<\/p>\n<p class=\"paragraph text_align_left lp-f-body-02\">C\u2019est dans ce cadre tr\u00e8s intime, \u00e0 c\u00f4t\u00e9 d\u2019un feu de chemin\u00e9e et en compagnie de l\u2019\u00e9norme chien Terre-neuve de Pagny, qu\u2019Audrey Crespo-Mara reprend l\u2019interview du chanteur l\u00e0 o\u00f9 elle l\u2019avait arr\u00eat\u00e9e il y a deux ans et demi. \u00c0 cette \u00e9poque, en mars 2023, le coach de \u00ab The Voice \u00bb avait confi\u00e9 que le cancer du poumon contre lequel il se bat depuis 2022, inop\u00e9rable, \u00e9tait reparti. <a href=\"https:\/\/www.leparisien.fr\/culture-loisirs\/tv\/florent-pagny-parle-de-son-cancer-ce-nest-pas-le-scenario-quon-esperait-05-03-2023-2QXBFTIMTJCRJGLY3IRDT3OKBI.php\" target=\"_blank\" rel=\"noreferrer nofollow noopener\">Il avait parl\u00e9 de \u00ab nouvelle tumeur \u00bb et de \u00ab risques de m\u00e9tastases \u00bb<\/a>.<\/p>\n<p class=\"paragraph text_align_left lp-f-body-02\">Cette fois-ci, Florent Pagny se montre beaucoup plus rassurant. Depuis le printemps 2023, assure-t-il, il a \u00ab refait un traitement \u00bb<a href=\"https:\/\/www.leparisien.fr\/societe\/sante\/alzheimer-maladies-cerebrales-limmunotherapie-le-traitement-plein-de-promesses-06-03-2023-7MKKX7PSKBGRDO2FKXZE72432E.php\" target=\"_blank\" rel=\"noreferrer nofollow noopener\"> (de l\u2019immunoth\u00e9rapie)<\/a> et \u00ab refait une autre chute \u00bb. Heureusement, il subit des contr\u00f4les tous les trois mois et \u00ab pour l\u2019instant, le r\u00e9sultat est \u00e0 chaque fois positif \u00bb.<\/p>\n<p class=\"paragraph text_align_left lp-f-body-02\">\u00ab L\u00e0, \u00e7a va. Si, deux ans et demi apr\u00e8s, je suis en train de te parler comme je te parle et que j\u2019ai la banane (\u2026), c\u2019est que \u00e7a va \u00bb, insiste-t-il. L\u2019interpr\u00e8te est conscient qu\u2019il n\u2019est pas totalement gu\u00e9ri pour autant &#8211; \u00ab On sait tous que ce truc-l\u00e0 te quitte pas non plus d\u00e9finitivement. C\u2019est pas une bronchite. Des contr\u00f4les, je vais encore en avoir pendant une bonne dizaine d\u2019ann\u00e9es \u00bb-, mais il affiche un large sourire.<\/p>\n<p>\u00ab C\u2019est le coup du mort-vivant \u00bb<\/p>\n<p class=\"paragraph text_align_left lp-f-body-02\">Lorsque la journaliste de \u00ab Sept \u00e0 huit \u00bb lui demande si la maladie l\u2019a chang\u00e9, il r\u00e9pond qu\u2019elle ne l\u2019a pas modifi\u00e9 lui, mais qu\u2019elle \u00ab a modifi\u00e9 beaucoup de choses dans (sa vie) et dans (sa) carri\u00e8re \u00bb. Par exemple, alors qu\u2019il mettait auparavant un an \u00e0 vendre les billets de ses tourn\u00e9es, il a \u00e9coul\u00e9 ceux de la prochaine, \u00ab Le Retour \u00bb, qui sera lanc\u00e9e en janvier 2026, \u00ab en quatre jours \u00bb. \u00ab C\u2019est le coup du mort-vivant \u00bb, ironise celui qui jure : \u00ab Jamais je n\u2019ai eu cette sensation que j\u2019aillais mourir (\u2026). L\u2019imaginaire des autres m\u2019ont (sic) plus enterr\u00e9 que moi \u00bb.<\/p>\n<p class=\"paragraph text_align_left lp-f-body-02\">Pagny fait ensuite allusion \u00e0 <a href=\"https:\/\/www.leparisien.fr\/culture-loisirs\/tv\/mort-de-thierry-ardisson-lhomme-en-noir-sest-eteint-14-07-2025-6W7PDQMSOFANPAS7Y7SWAPZK2M.php\" target=\"_blank\" rel=\"noreferrer nofollow noopener\">Thierry Ardisson, l\u2019\u00e9poux d\u2019Audrey Crespo-Mara,<\/a> mort d\u2019un cancer du foie le 14 juillet dernier. \u00ab Je ne me suis jamais retrouv\u00e9 dans le cas d\u2019amis qui sont d\u2019ailleurs partis depuis. On sait de quoi on parle puisque je l\u2019ai m\u00eame c\u00f4toy\u00e9\u2026 Et on \u00e9tait dans un autre cas comme \u00e7a avec Thierry. J\u2019ai pu c\u00f4toyer des gens qui avaient des choses beaucoup plus graves que moi. Moi, \u00e7a a toujours \u00e9t\u00e9 une tumeur, prise \u00e0 temps, trait\u00e9e, qui partait, qui revenait (\u2026). <a href=\"https:\/\/www.leparisien.fr\/culture-loisirs\/tv\/dans-sept-a-huit-florent-pagny-confie-aller-mieux-jamais-je-nai-eu-la-sensation-que-jallais-mourir-30-08-2025-IQAG33K2HVEWJLGNSKTWWRV6CQ.php\" target=\"_blank\" rel=\"noreferrer nofollow noopener\">Jamais je me suis dit Je vais y passer. \u00bb<\/a><\/p>\n<p>Il a arr\u00eat\u00e9 de fumer<\/p>\n<p class=\"paragraph text_align_left lp-f-body-02\">Interrog\u00e9 \u00e0 propos de sa voix de \u00ab baryton Martin \u00bb, Pagny note que celle-ci va \u00ab mieux qu\u2019avant \u00bb puisqu\u2019il a arr\u00eat\u00e9 de fumer : \u00ab J\u2019ai une voix qui a pris un demi-ton. Je suis m\u00eame revenu \u00e0 mes 40 ans. \u00bb<\/p>\n<p class=\"paragraph text_align_left lp-f-body-02\">Dans cet entretien, le chanteur rend aussi hommage \u00e0 sa femme Azucena, qu\u2019il surnomme tendrement \u00ab Madame Soussou \u00bb : \u00ab Depuis 32 ans qu\u2019on est ensemble, elle m\u2019aide. (\u2026) Quand tu as la chance de trouver ta moiti\u00e9, ton \u00e9quilibre, qui vient te cadrer aussi, qui te permet aussi d\u00e8s fois de ne pas d\u00e9raper\u2026 \u00bb d\u00e9taille-t-il. Avant d\u2019\u00e9voquer leurs \u00ab deux enfants extraordinaires, super, normaux \u00bb, \u00ab des gens comme nous, normaux, qui ont des vies extraordinaires \u00bb. \u00ab On est l\u00e0 pour se soutenir \u00bb, ajoute-t-il \u00e0 propos de sa fille Ael, qui a publi\u00e9 \u00ab Pagny par Ael \u00bb, un livre de photos de son p\u00e8re.<\/p>\n<p class=\"paragraph text_align_left lp-f-body-02\">Alors que Florent Pagny sort en cette rentr\u00e9e un nouvel album intitul\u00e9 \u00ab Grandeur nature \u00bb, Audrey Crespo-Mara lui a demand\u00e9 o\u00f9 s\u2019\u00e9crirait son avenir. \u00ab J\u2019ai toujours quelque chose \u00e0 faire \u00e0 Paris et en France. Je serai toujours vers Montfort (Montfort-l\u2019Amaury dans les Yvelines), o\u00f9 on vit \u00bb, a-t-il assur\u00e9. Tout en pr\u00e9cisant qu\u2019il y aurait \u00ab toujours des week-ends pour faire un saut ici (en Bourgogne) \u00bb et qu\u2019il continuerait de partir \u00ab dans l\u2019h\u00e9misph\u00e8re sud, en Patagonie \u00bb, \u00ab \u00e0 la bonne saison, printemps-\u00e9t\u00e9 \u00bb.<\/p>\n<p class=\"paragraph text_align_left lp-f-body-02\">\u00ab On ne sait pas toujours ce qui va se passer demain\u2026 Tout \u00e0 l\u2019heure, on parlait de O\u00f9 on va mourir (\u2026) On ne sait pas quand notre vie va s\u2019arr\u00eater et puis moi, il me faut toujours des projets. Comme \u00e7a, ma vie, elle s\u2019arr\u00eate jamais \u00bb, conclut-il, visiblement apais\u00e9.<\/p>\n","protected":false},"excerpt":{"rendered":"\u00c0 63 ans, il assure \u00eatre \u00ab dans (sa) phrase retour aux sources \u00bb. Pour le premier num\u00e9ro&hellip;\n","protected":false},"author":2,"featured_media":357037,"comment_status":"","ping_status":"","sticky":false,"template":"","format":"standard","meta":{"footnotes":""},"categories":[8],"tags":[872,58,59,1011,27,2205],"class_list":{"0":"post-357036","1":"post","2":"type-post","3":"status-publish","4":"format-standard","5":"has-post-thumbnail","7":"category-divertissement","8":"tag-culture-et-loisirs","9":"tag-divertissement","10":"tag-entertainment","11":"tag-fr","12":"tag-france","13":"tag-television-medias"},"share_on_mastodon":{"url":"https:\/\/pubeurope.com\/@fr\/115125316763221335","error":""},"_links":{"self":[{"href":"https:\/\/www.europesays.com\/fr\/wp-json\/wp\/v2\/posts\/357036","targetHints":{"allow":["GET"]}}],"collection":[{"href":"https:\/\/www.europesays.com\/fr\/wp-json\/wp\/v2\/posts"}],"about":[{"href":"https:\/\/www.europesays.com\/fr\/wp-json\/wp\/v2\/types\/post"}],"author":[{"embeddable":true,"href":"https:\/\/www.europesays.com\/fr\/wp-json\/wp\/v2\/users\/2"}],"replies":[{"embeddable":true,"href":"https:\/\/www.europesays.com\/fr\/wp-json\/wp\/v2\/comments?post=357036"}],"version-history":[{"count":0,"href":"https:\/\/www.europesays.com\/fr\/wp-json\/wp\/v2\/posts\/357036\/revisions"}],"wp:featuredmedia":[{"embeddable":true,"href":"https:\/\/www.europesays.com\/fr\/wp-json\/wp\/v2\/media\/357037"}],"wp:attachment":[{"href":"https:\/\/www.europesays.com\/fr\/wp-json\/wp\/v2\/media?parent=357036"}],"wp:term":[{"taxonomy":"category","embeddable":true,"href":"https:\/\/www.europesays.com\/fr\/wp-json\/wp\/v2\/categories?post=357036"},{"taxonomy":"post_tag","embeddable":true,"href":"https:\/\/www.europesays.com\/fr\/wp-json\/wp\/v2\/tags?post=357036"}],"curies":[{"name":"wp","href":"https:\/\/api.w.org\/{rel}","templated":true}]}}